{"id":28188,"date":"2012-04-16T12:00:55","date_gmt":"2012-04-16T16:00:55","guid":{"rendered":"http:\/\/www.agrund.com\/?p=28188"},"modified":"2012-04-16T12:00:55","modified_gmt":"2012-04-16T16:00:55","slug":"jaqueta-perfecto","status":"publish","type":"post","link":"https:\/\/agrund.com\/index.php\/jaqueta-perfecto\/","title":{"rendered":"Jaqueta Perfecto"},"content":{"rendered":"<p>Adoro essa mat\u00e9ria , por isso escolhi para voc\u00eas darem uma olhada novamente nos belos modelos de jaquetas, e um pouco da hist\u00f3ria da t\u00e3o famosa pe\u00e7a. Reveja <a title=\"Jaqueta Perfecto\" href=\"http:\/\/www.agrund.com\/moda-masculina-jaqueta-perfecto\/\">aqui<\/a>!<\/p>\n<p>&nbsp;<\/p>\n<p><a class=\"lightbox\" title=\"jaqueta perfecto\" href=\"https:\/\/i0.wp.com\/www.agrund.com\/wp-content\/uploads\/2012\/04\/jaqueta-perfecto.jpg\"><img decoding=\"async\" loading=\"lazy\" class=\"aligncenter size-full wp-image-28190\" title=\"jaqueta perfecto\" src=\"https:\/\/i0.wp.com\/www.agrund.com\/wp-content\/uploads\/2012\/04\/jaqueta-perfecto.jpg?resize=450%2C469\" alt=\"\" width=\"450\" height=\"469\" data-recalc-dims=\"1\" \/><\/a><\/p>\n<p>Imagem: Reprodu\u00e7\u00e3o.<\/p>\n<p>&nbsp;<\/p>\n<p>&nbsp;<\/p>\n<p><a href=\"http:\/\/www.agrund.com\/category\/moda-masculina-por-fabio-paiva\/\">Veja outras mat\u00e9rias de Moda Masculina por F\u00e1bio Paiva<\/a><\/p>\n<p><a href=\"http:\/\/www.agrund.com\/category\/moda-masculina-por-fabio-paiva\/\"><img decoding=\"async\" loading=\"lazy\" src=\"https:\/\/i0.wp.com\/www.agrund.com\/wp-content\/themes\/FashionPlus\/images\/topo_moda_masculina.jpg?resize=618%2C113\" alt=\"Moda Masculina\" width=\"618\" height=\"113\" data-recalc-dims=\"1\" \/><\/a><\/p>\n","protected":false},"excerpt":{"rendered":"<p>Adoro essa mat\u00e9ria , por isso escolhi para voc\u00eas darem uma olhada novamente nos belos modelos de jaquetas, e um pouco da hist\u00f3ria da t\u00e3o famosa pe\u00e7a. Reveja aqui! &nbsp; Imagem: Reprodu\u00e7\u00e3o. &nbsp; &nbsp; Veja outras mat\u00e9rias de Moda Masculina por F\u00e1bio Paiva<\/p>\n","protected":false},"author":8,"featured_media":28233,"comment_status":"open","ping_status":"open","sticky":false,"template":"","format":"standard","meta":{"jetpack_post_was_ever_published":false,"_jetpack_newsletter_access":"","jetpack_publicize_message":"","jetpack_is_tweetstorm":false,"jetpack_publicize_feature_enabled":true,"jetpack_social_post_already_shared":false,"jetpack_social_options":{"image_generator_settings":{"template":"highway","enabled":false}}},"categories":[6],"tags":[],"jetpack_publicize_connections":[],"jetpack_featured_media_url":"","jetpack_sharing_enabled":true,"jetpack_shortlink":"https:\/\/wp.me\/p3Hz0n-7kE","jetpack_likes_enabled":true,"_links":{"self":[{"href":"https:\/\/agrund.com\/index.php\/wp-json\/wp\/v2\/posts\/28188"}],"collection":[{"href":"https:\/\/agrund.com\/index.php\/wp-json\/wp\/v2\/posts"}],"about":[{"href":"https:\/\/agrund.com\/index.php\/wp-json\/wp\/v2\/types\/post"}],"author":[{"embeddable":true,"href":"https:\/\/agrund.com\/index.php\/wp-json\/wp\/v2\/users\/8"}],"replies":[{"embeddable":true,"href":"https:\/\/agrund.com\/index.php\/wp-json\/wp\/v2\/comments?post=28188"}],"version-history":[{"count":0,"href":"https:\/\/agrund.com\/index.php\/wp-json\/wp\/v2\/posts\/28188\/revisions"}],"wp:featuredmedia":[{"embeddable":true,"href":"https:\/\/agrund.com\/index.php\/wp-json\/"}],"wp:attachment":[{"href":"https:\/\/agrund.com\/index.php\/wp-json\/wp\/v2\/media?parent=28188"}],"wp:term":[{"taxonomy":"category","embeddable":true,"href":"https:\/\/agrund.com\/index.php\/wp-json\/wp\/v2\/categories?post=28188"},{"taxonomy":"post_tag","embeddable":true,"href":"https:\/\/agrund.com\/index.php\/wp-json\/wp\/v2\/tags?post=28188"}],"curies":[{"name":"wp","href":"https:\/\/api.w.org\/{rel}","templated":true}]}}