{"id":28115,"date":"2012-04-13T16:00:52","date_gmt":"2012-04-13T20:00:52","guid":{"rendered":"http:\/\/www.agrund.com\/?p=28115"},"modified":"2012-04-13T16:00:52","modified_gmt":"2012-04-13T20:00:52","slug":"inverno-bem-urbano-da-aviator-urbano-da-aviator","status":"publish","type":"post","link":"https:\/\/agrund.com\/index.php\/inverno-bem-urbano-da-aviator-urbano-da-aviator\/","title":{"rendered":"Inverno bem urbano da Aviator"},"content":{"rendered":"<p>A marca que tem como inspira\u00e7\u00e3o para esse inverno 2012 uma atitude descontra\u00edda e ao mesmo tempo elegante das grandes metr\u00f3poles. Esse conceito aparece nas texturas, e cores diferenciadas da nova esta\u00e7\u00e3o, assim como nos modelos sofisticados que re\u00fanem conforto e bom gosto<\/p>\n<p>Tric\u00f4s e camisaria deixam o homem Aviator cheio de charme. A aposta \u00e9 a Camisa FT Village, novidade da Aviator para o inverno. A pe\u00e7a traz o fio tinto para um modelo diferenciado, um western contempor\u00e2neo.<\/p>\n<p style=\"text-align: center\"><a class=\"lightbox\" title=\"_MG_8544 copy 2\" href=\"https:\/\/i0.wp.com\/www.agrund.com\/wp-content\/uploads\/2012\/04\/MG_8544-copy-2.jpg\"><img decoding=\"async\" loading=\"lazy\" class=\"aligncenter  wp-image-28116\" title=\"_MG_8544 copy 2\" src=\"https:\/\/i0.wp.com\/www.agrund.com\/wp-content\/uploads\/2012\/04\/MG_8544-copy-2-682x1024.jpg?resize=409%2C614\" alt=\"\" width=\"409\" height=\"614\" data-recalc-dims=\"1\" \/><\/a><\/p>\n<p style=\"text-align: center\"><a class=\"lightbox\" title=\"_MG_9132 2\" href=\"https:\/\/i0.wp.com\/www.agrund.com\/wp-content\/uploads\/2012\/04\/MG_9132-2.jpg\"><img decoding=\"async\" loading=\"lazy\" class=\"aligncenter  wp-image-28117\" title=\"_MG_9132 2\" src=\"https:\/\/i0.wp.com\/www.agrund.com\/wp-content\/uploads\/2012\/04\/MG_9132-2-682x1024.jpg?resize=409%2C614\" alt=\"\" width=\"409\" height=\"614\" data-recalc-dims=\"1\" \/><\/a><\/p>\n<p style=\"text-align: center\"><a class=\"lightbox\" title=\"_MG_9623 copy 2\" href=\"https:\/\/i0.wp.com\/www.agrund.com\/wp-content\/uploads\/2012\/04\/MG_9623-copy-2.jpg\"><img decoding=\"async\" loading=\"lazy\" class=\"aligncenter  wp-image-28118\" title=\"_MG_9623 copy 2\" src=\"https:\/\/i0.wp.com\/www.agrund.com\/wp-content\/uploads\/2012\/04\/MG_9623-copy-2.jpg?resize=450%2C425\" alt=\"\" width=\"450\" height=\"425\" data-recalc-dims=\"1\" \/><\/a><\/p>\n<p>Imagens: Reprodu\u00e7\u00e3o.<\/p>\n<p>&nbsp;<\/p>\n<p><a href=\"http:\/\/www.agrund.com\/category\/moda-masculina-por-fabio-paiva\/\">Veja outras mat\u00e9rias de Moda Masculina por F\u00e1bio Paiva<\/a><\/p>\n<p><a href=\"http:\/\/www.agrund.com\/category\/moda-masculina-por-fabio-paiva\/\"><img decoding=\"async\" loading=\"lazy\" src=\"https:\/\/i0.wp.com\/www.agrund.com\/wp-content\/themes\/FashionPlus\/images\/topo_moda_masculina.jpg?resize=618%2C113\" alt=\"Moda Masculina\" width=\"618\" height=\"113\" data-recalc-dims=\"1\" \/><\/a><\/p>\n","protected":false},"excerpt":{"rendered":"<p>A marca que tem como inspira\u00e7\u00e3o para esse inverno 2012 uma atitude descontra\u00edda e ao mesmo tempo elegante das grandes metr\u00f3poles. Esse conceito aparece nas texturas, e cores diferenciadas da nova esta\u00e7\u00e3o, assim como nos modelos sofisticados que re\u00fanem conforto e bom gosto Tric\u00f4s e camisaria deixam o homem Aviator cheio de charme. A aposta [&hellip;]<\/p>\n","protected":false},"author":8,"featured_media":28119,"comment_status":"open","ping_status":"open","sticky":false,"template":"","format":"standard","meta":{"jetpack_post_was_ever_published":false,"_jetpack_newsletter_access":"","jetpack_publicize_message":"","jetpack_is_tweetstorm":false,"jetpack_publicize_feature_enabled":true,"jetpack_social_post_already_shared":false,"jetpack_social_options":{"image_generator_settings":{"template":"highway","enabled":false}}},"categories":[6],"tags":[],"jetpack_publicize_connections":[],"jetpack_featured_media_url":"","jetpack_sharing_enabled":true,"jetpack_shortlink":"https:\/\/wp.me\/p3Hz0n-7jt","jetpack_likes_enabled":true,"_links":{"self":[{"href":"https:\/\/agrund.com\/index.php\/wp-json\/wp\/v2\/posts\/28115"}],"collection":[{"href":"https:\/\/agrund.com\/index.php\/wp-json\/wp\/v2\/posts"}],"about":[{"href":"https:\/\/agrund.com\/index.php\/wp-json\/wp\/v2\/types\/post"}],"author":[{"embeddable":true,"href":"https:\/\/agrund.com\/index.php\/wp-json\/wp\/v2\/users\/8"}],"replies":[{"embeddable":true,"href":"https:\/\/agrund.com\/index.php\/wp-json\/wp\/v2\/comments?post=28115"}],"version-history":[{"count":0,"href":"https:\/\/agrund.com\/index.php\/wp-json\/wp\/v2\/posts\/28115\/revisions"}],"wp:featuredmedia":[{"embeddable":true,"href":"https:\/\/agrund.com\/index.php\/wp-json\/"}],"wp:attachment":[{"href":"https:\/\/agrund.com\/index.php\/wp-json\/wp\/v2\/media?parent=28115"}],"wp:term":[{"taxonomy":"category","embeddable":true,"href":"https:\/\/agrund.com\/index.php\/wp-json\/wp\/v2\/categories?post=28115"},{"taxonomy":"post_tag","embeddable":true,"href":"https:\/\/agrund.com\/index.php\/wp-json\/wp\/v2\/tags?post=28115"}],"curies":[{"name":"wp","href":"https:\/\/api.w.org\/{rel}","templated":true}]}}