{"id":28083,"date":"2012-04-13T11:00:04","date_gmt":"2012-04-13T15:00:04","guid":{"rendered":"http:\/\/www.agrund.com\/?p=28083"},"modified":"2012-04-13T11:00:04","modified_gmt":"2012-04-13T15:00:04","slug":"moda-bicolor","status":"publish","type":"post","link":"https:\/\/agrund.com\/index.php\/moda-bicolor\/","title":{"rendered":"Moda Bicolor"},"content":{"rendered":"<p style=\"text-align: right\">Por Fabio Paiva<\/p>\n<p>Nossa, como \u00e9 bom ver as novidades na moda masculina, cada vez mais ousadas e menos \u00f3bvias.Para as mulheres, a tend\u00eancia bicolor n\u00e3o \u00e9 nenhuma surpresa , ela j\u00e1 aparece e praticamente \u00a0\u00e9 marca registrada de alguns estilistas.Agora \u00e9 a hora e vez , de n\u00f3s homens aderirmos e experimentarmos novas formas e recortes, mas temos que ter bastante cuidado, pois se trata de propor\u00e7\u00f5es . Dependendo de como esse \u201cpositivo e negativo\u201d \u00e9 usado ele pode nos deixar visualmente mais baixo, ou mais gordo, diferente do que realmente somos. Mais o melhor para isso n\u00e3o acontecer \u00e9 se juntar ao seu melhor aliado, o espelho.<\/p>\n<p>&nbsp;<\/p>\n<p><a class=\"lightbox\" title=\"bicolor z zegna\" href=\"https:\/\/i0.wp.com\/www.agrund.com\/wp-content\/uploads\/2012\/04\/bicolor-z-zegna.jpg\"><img decoding=\"async\" loading=\"lazy\" class=\"aligncenter size-full wp-image-28090\" title=\"bicolor z zegna\" src=\"https:\/\/i0.wp.com\/www.agrund.com\/wp-content\/uploads\/2012\/04\/bicolor-z-zegna.jpg?resize=320%2C480\" alt=\"\" width=\"320\" height=\"480\" data-recalc-dims=\"1\" \/><\/a><\/p>\n<p><a class=\"lightbox\" title=\"bicolor Victor e Rolf\" href=\"https:\/\/i0.wp.com\/www.agrund.com\/wp-content\/uploads\/2012\/04\/bicolor-Victor-e-Rolf.jpg\"><img decoding=\"async\" loading=\"lazy\" class=\"aligncenter size-full wp-image-28089\" title=\"bicolor Victor e Rolf\" src=\"https:\/\/i0.wp.com\/www.agrund.com\/wp-content\/uploads\/2012\/04\/bicolor-Victor-e-Rolf.jpg?resize=320%2C480\" alt=\"\" width=\"320\" height=\"480\" data-recalc-dims=\"1\" \/><\/a><\/p>\n<p><a class=\"lightbox\" title=\"bicolor thom browne\" href=\"https:\/\/i0.wp.com\/www.agrund.com\/wp-content\/uploads\/2012\/04\/bicolor-thom-browne.jpg\"><img decoding=\"async\" loading=\"lazy\" class=\"aligncenter size-full wp-image-28088\" title=\"bicolor thom browne\" src=\"https:\/\/i0.wp.com\/www.agrund.com\/wp-content\/uploads\/2012\/04\/bicolor-thom-browne.jpg?resize=320%2C480\" alt=\"\" width=\"320\" height=\"480\" data-recalc-dims=\"1\" \/><\/a><\/p>\n<p><a class=\"lightbox\" title=\"bicolor paul smith\" href=\"https:\/\/i0.wp.com\/www.agrund.com\/wp-content\/uploads\/2012\/04\/bicolor-paul-smith.jpg\"><img decoding=\"async\" loading=\"lazy\" class=\"aligncenter size-full wp-image-28087\" title=\"bicolor paul smith\" src=\"https:\/\/i0.wp.com\/www.agrund.com\/wp-content\/uploads\/2012\/04\/bicolor-paul-smith.jpg?resize=320%2C480\" alt=\"\" width=\"320\" height=\"480\" data-recalc-dims=\"1\" \/><\/a><\/p>\n<p><a class=\"lightbox\" title=\"bicolor moncler gamme bleu\" href=\"https:\/\/i0.wp.com\/www.agrund.com\/wp-content\/uploads\/2012\/04\/bicolor-moncler-gamme-bleu.jpg\"><img decoding=\"async\" loading=\"lazy\" class=\"aligncenter size-full wp-image-28086\" title=\"bicolor moncler gamme bleu\" src=\"https:\/\/i0.wp.com\/www.agrund.com\/wp-content\/uploads\/2012\/04\/bicolor-moncler-gamme-bleu.jpg?resize=320%2C480\" alt=\"\" width=\"320\" height=\"480\" data-recalc-dims=\"1\" \/><\/a><\/p>\n<p><a class=\"lightbox\" title=\"bicolor Ann Demeulemeestere\" href=\"https:\/\/i0.wp.com\/www.agrund.com\/wp-content\/uploads\/2012\/04\/bicolor-Ann-Demeulemeestere.jpg\"><img decoding=\"async\" loading=\"lazy\" class=\"aligncenter size-full wp-image-28085\" title=\"bicolor Ann Demeulemeestere\" src=\"https:\/\/i0.wp.com\/www.agrund.com\/wp-content\/uploads\/2012\/04\/bicolor-Ann-Demeulemeestere.jpg?resize=320%2C480\" alt=\"\" width=\"320\" height=\"480\" data-recalc-dims=\"1\" \/><\/a><\/p>\n<p style=\"text-align: center\"><a class=\"lightbox\" title=\"Alexandre Herchcovitch Masculino\" href=\"https:\/\/i0.wp.com\/www.agrund.com\/wp-content\/uploads\/2012\/04\/bicolor-alexandre.jpg\"><img decoding=\"async\" loading=\"lazy\" class=\"aligncenter  wp-image-28084\" title=\"Alexandre Herchcovitch Masculino\" src=\"https:\/\/i0.wp.com\/www.agrund.com\/wp-content\/uploads\/2012\/04\/bicolor-alexandre.jpg?resize=320%2C480\" alt=\"\" width=\"320\" height=\"480\" data-recalc-dims=\"1\" \/><\/a><\/p>\n<p>Imagem: Reprodu\u00e7\u00e3o<\/p>\n<p>&nbsp;<\/p>\n<p><a href=\"http:\/\/www.agrund.com\/category\/moda-masculina-por-fabio-paiva\/\">Veja outras mat\u00e9rias de Moda Masculina por F\u00e1bio Paiva<\/a><\/p>\n<p><a href=\"http:\/\/www.agrund.com\/category\/moda-masculina-por-fabio-paiva\/\"><img decoding=\"async\" loading=\"lazy\" src=\"https:\/\/i0.wp.com\/www.agrund.com\/wp-content\/themes\/FashionPlus\/images\/topo_moda_masculina.jpg?resize=618%2C113\" alt=\"Moda Masculina\" width=\"618\" height=\"113\" data-recalc-dims=\"1\" \/><\/a><\/p>\n","protected":false},"excerpt":{"rendered":"<p>Por Fabio Paiva Nossa, como \u00e9 bom ver as novidades na moda masculina, cada vez mais ousadas e menos \u00f3bvias.Para as mulheres, a tend\u00eancia bicolor n\u00e3o \u00e9 nenhuma surpresa , ela j\u00e1 aparece e praticamente \u00a0\u00e9 marca registrada de alguns estilistas.Agora \u00e9 a hora e vez , de n\u00f3s homens aderirmos e experimentarmos novas formas [&hellip;]<\/p>\n","protected":false},"author":8,"featured_media":28091,"comment_status":"open","ping_status":"open","sticky":false,"template":"","format":"standard","meta":{"jetpack_post_was_ever_published":false,"_jetpack_newsletter_access":"","jetpack_publicize_message":"","jetpack_is_tweetstorm":false,"jetpack_publicize_feature_enabled":true,"jetpack_social_post_already_shared":false,"jetpack_social_options":{"image_generator_settings":{"template":"highway","enabled":false}}},"categories":[6],"tags":[],"jetpack_publicize_connections":[],"jetpack_featured_media_url":"","jetpack_sharing_enabled":true,"jetpack_shortlink":"https:\/\/wp.me\/p3Hz0n-7iX","jetpack_likes_enabled":true,"_links":{"self":[{"href":"https:\/\/agrund.com\/index.php\/wp-json\/wp\/v2\/posts\/28083"}],"collection":[{"href":"https:\/\/agrund.com\/index.php\/wp-json\/wp\/v2\/posts"}],"about":[{"href":"https:\/\/agrund.com\/index.php\/wp-json\/wp\/v2\/types\/post"}],"author":[{"embeddable":true,"href":"https:\/\/agrund.com\/index.php\/wp-json\/wp\/v2\/users\/8"}],"replies":[{"embeddable":true,"href":"https:\/\/agrund.com\/index.php\/wp-json\/wp\/v2\/comments?post=28083"}],"version-history":[{"count":0,"href":"https:\/\/agrund.com\/index.php\/wp-json\/wp\/v2\/posts\/28083\/revisions"}],"wp:featuredmedia":[{"embeddable":true,"href":"https:\/\/agrund.com\/index.php\/wp-json\/"}],"wp:attachment":[{"href":"https:\/\/agrund.com\/index.php\/wp-json\/wp\/v2\/media?parent=28083"}],"wp:term":[{"taxonomy":"category","embeddable":true,"href":"https:\/\/agrund.com\/index.php\/wp-json\/wp\/v2\/categories?post=28083"},{"taxonomy":"post_tag","embeddable":true,"href":"https:\/\/agrund.com\/index.php\/wp-json\/wp\/v2\/tags?post=28083"}],"curies":[{"name":"wp","href":"https:\/\/api.w.org\/{rel}","templated":true}]}}