{"id":2805,"date":"2011-01-15T14:04:00","date_gmt":"2011-01-15T16:04:00","guid":{"rendered":"http:\/\/www.agrund.com\/blogs\/notas\/?p=2805"},"modified":"2011-01-15T14:04:00","modified_gmt":"2011-01-15T16:04:00","slug":"espaco-fashion-no-fr","status":"publish","type":"post","link":"https:\/\/agrund.com\/index.php\/espaco-fashion-no-fr\/","title":{"rendered":"ESPA\u00c7O FASHION NO FR"},"content":{"rendered":"<p>O tema para criar a cole\u00e7\u00e3o da Espa\u00e7o Fashion foi Afeto. Com isso, as cores apareceram mais apagadas e as estampas bem sutis. A modelagem foi feita a partir da desconstru\u00e7\u00e3o das pe\u00e7as. Via-se recortes, diferentes volumes na mesma pe\u00e7a e bastante jeans \u2013 skinny mesmo, sem muita novidade. Os tecidos texturizados deram um diferencial \u00e0s pe\u00e7as que poderiam parecer simples \u00e0 primeira vista. Amarra\u00e7\u00f5es de mangas no quadril apareceram quase como um acess\u00f3rio, mas sem destoar muito do look. Uma cole\u00e7\u00e3o pr\u00f3pria para o p\u00fablico alvo da marca \u2013 que pode ir das passarelas para as araras sem problema algum.<\/p>\n<p style=\"text-align: center\"><a href=\"https:\/\/i0.wp.com\/www.agrund.com\/files\/2011\/01\/EF1.jpg\"><img decoding=\"async\" loading=\"lazy\" class=\"alignnone size-medium wp-image-2825\" src=\"https:\/\/i0.wp.com\/www.agrund.com\/arquivo\/notas\/files\/2011\/01\/EF1-197x300.jpg?resize=197%2C300\" alt=\"\" width=\"197\" height=\"300\" data-recalc-dims=\"1\" \/><\/a><a href=\"https:\/\/i0.wp.com\/www.agrund.com\/files\/2011\/01\/EF2.jpg\"><img decoding=\"async\" loading=\"lazy\" class=\"alignnone size-medium wp-image-2826\" src=\"https:\/\/i0.wp.com\/www.agrund.com\/arquivo\/notas\/files\/2011\/01\/EF2-197x300.jpg?resize=197%2C300\" alt=\"\" width=\"197\" height=\"300\" data-recalc-dims=\"1\" \/><\/a><\/p>\n<p style=\"text-align: center\"><a href=\"https:\/\/i0.wp.com\/www.agrund.com\/files\/2011\/01\/EF3.jpg\"><img decoding=\"async\" loading=\"lazy\" class=\"alignnone size-medium wp-image-2827\" src=\"https:\/\/i0.wp.com\/www.agrund.com\/arquivo\/notas\/files\/2011\/01\/EF3-197x300.jpg?resize=197%2C300\" alt=\"\" width=\"197\" height=\"300\" data-recalc-dims=\"1\" \/><\/a><a href=\"https:\/\/i0.wp.com\/www.agrund.com\/files\/2011\/01\/EF4.jpg\"><img decoding=\"async\" loading=\"lazy\" class=\"alignnone size-medium wp-image-2828\" src=\"https:\/\/i0.wp.com\/www.agrund.com\/arquivo\/notas\/files\/2011\/01\/EF4-197x300.jpg?resize=197%2C300\" alt=\"\" width=\"197\" height=\"300\" data-recalc-dims=\"1\" \/><\/a><\/p>\n<p style=\"text-align: center\">fotos: site chic.<\/p>\n","protected":false},"excerpt":{"rendered":"<p>O tema para criar a cole\u00e7\u00e3o da Espa\u00e7o Fashion foi Afeto. Com isso, as cores apareceram mais apagadas e as estampas bem sutis. A modelagem foi feita a partir da desconstru\u00e7\u00e3o das pe\u00e7as. Via-se recortes, diferentes volumes na mesma pe\u00e7a e bastante jeans \u2013 skinny mesmo, sem muita novidade. Os tecidos texturizados deram um diferencial [&hellip;]<\/p>\n","protected":false},"author":8,"featured_media":2825,"comment_status":"open","ping_status":"open","sticky":false,"template":"","format":"standard","meta":{"jetpack_post_was_ever_published":false,"_jetpack_newsletter_access":"","jetpack_publicize_message":"","jetpack_is_tweetstorm":false,"jetpack_publicize_feature_enabled":true,"jetpack_social_post_already_shared":false,"jetpack_social_options":{"image_generator_settings":{"template":"highway","enabled":false}}},"categories":[2],"tags":[],"jetpack_publicize_connections":[],"jetpack_featured_media_url":"","jetpack_sharing_enabled":true,"jetpack_shortlink":"https:\/\/wp.me\/p3Hz0n-Jf","jetpack_likes_enabled":true,"_links":{"self":[{"href":"https:\/\/agrund.com\/index.php\/wp-json\/wp\/v2\/posts\/2805"}],"collection":[{"href":"https:\/\/agrund.com\/index.php\/wp-json\/wp\/v2\/posts"}],"about":[{"href":"https:\/\/agrund.com\/index.php\/wp-json\/wp\/v2\/types\/post"}],"author":[{"embeddable":true,"href":"https:\/\/agrund.com\/index.php\/wp-json\/wp\/v2\/users\/8"}],"replies":[{"embeddable":true,"href":"https:\/\/agrund.com\/index.php\/wp-json\/wp\/v2\/comments?post=2805"}],"version-history":[{"count":0,"href":"https:\/\/agrund.com\/index.php\/wp-json\/wp\/v2\/posts\/2805\/revisions"}],"wp:featuredmedia":[{"embeddable":true,"href":"https:\/\/agrund.com\/index.php\/wp-json\/"}],"wp:attachment":[{"href":"https:\/\/agrund.com\/index.php\/wp-json\/wp\/v2\/media?parent=2805"}],"wp:term":[{"taxonomy":"category","embeddable":true,"href":"https:\/\/agrund.com\/index.php\/wp-json\/wp\/v2\/categories?post=2805"},{"taxonomy":"post_tag","embeddable":true,"href":"https:\/\/agrund.com\/index.php\/wp-json\/wp\/v2\/tags?post=2805"}],"curies":[{"name":"wp","href":"https:\/\/api.w.org\/{rel}","templated":true}]}}