{"id":28025,"date":"2012-04-12T16:54:57","date_gmt":"2012-04-12T20:54:57","guid":{"rendered":"http:\/\/www.agrund.com\/?p=28025"},"modified":"2012-04-12T16:54:57","modified_gmt":"2012-04-12T20:54:57","slug":"elizabeth-olsen-contrata-stylist","status":"publish","type":"post","link":"https:\/\/agrund.com\/index.php\/elizabeth-olsen-contrata-stylist\/","title":{"rendered":"Elizabeth Olsen contrata stylist"},"content":{"rendered":"<p>Elizabeth Olsen diz que ama moda. Tamb\u00e9m \u00e9 imposs\u00edvel n\u00e3o gostar. Cresceu ao lado das irm\u00e3s e it-g\u00eameas Mary-Kate e Ashley Olsen.<\/p>\n<p>&#8220;Voc\u00ea literalmente tem que ter um stylist. N\u00e3o h\u00e1 nenhuma maneira de descobrir tudo, especialmente quando voc\u00ea est\u00e1 trabalhando em um filme&#8221;, disse a jovem.\u00a0&#8220;Hoje em dia, o que voc\u00ea veste \u00e9 uma enorme declara\u00e7\u00e3o para o mundo. Ent\u00e3o, voc\u00ea tem que ter algu\u00e9m para ajud\u00e1-la.&#8221;<\/p>\n<p>Ela contratou Cher Coulter, eleita a stylist mais Power de 2012 em Hollywood. Vamos ficar de olho!<\/p>\n<p><a class=\"lightbox\" title=\"cher coulter\" href=\"https:\/\/i0.wp.com\/www.agrund.com\/wp-content\/uploads\/2012\/04\/cher-coulter.jpg\"><img decoding=\"async\" loading=\"lazy\" class=\"aligncenter size-full wp-image-28027\" title=\"cher coulter\" src=\"https:\/\/i0.wp.com\/www.agrund.com\/wp-content\/uploads\/2012\/04\/cher-coulter.jpg?resize=243%2C367\" alt=\"\" width=\"243\" height=\"367\" data-recalc-dims=\"1\" \/><\/a><\/p>\n<p><a class=\"lightbox\" title=\"2\" href=\"https:\/\/i0.wp.com\/www.agrund.com\/wp-content\/uploads\/2012\/04\/211.jpg\"><img decoding=\"async\" loading=\"lazy\" class=\"aligncenter size-full wp-image-28026\" title=\"2\" src=\"https:\/\/i0.wp.com\/www.agrund.com\/wp-content\/uploads\/2012\/04\/211.jpg?resize=300%2C400\" alt=\"\" width=\"300\" height=\"400\" data-recalc-dims=\"1\" \/><\/a><\/p>\n<p>&nbsp;<\/p>\n<p>&nbsp;<\/p>\n<p>&nbsp;<\/p>\n<p>Imagens: Reprodu\u00e7\u00e3o.<\/p>\n","protected":false},"excerpt":{"rendered":"<p>Elizabeth Olsen diz que ama moda. Tamb\u00e9m \u00e9 imposs\u00edvel n\u00e3o gostar. Cresceu ao lado das irm\u00e3s e it-g\u00eameas Mary-Kate e Ashley Olsen. &#8220;Voc\u00ea literalmente tem que ter um stylist. N\u00e3o h\u00e1 nenhuma maneira de descobrir tudo, especialmente quando voc\u00ea est\u00e1 trabalhando em um filme&#8221;, disse a jovem.\u00a0&#8220;Hoje em dia, o que voc\u00ea veste \u00e9 uma [&hellip;]<\/p>\n","protected":false},"author":8,"featured_media":28028,"comment_status":"open","ping_status":"open","sticky":false,"template":"","format":"standard","meta":{"jetpack_post_was_ever_published":false,"_jetpack_newsletter_access":"","jetpack_publicize_message":"","jetpack_is_tweetstorm":false,"jetpack_publicize_feature_enabled":true,"jetpack_social_post_already_shared":false,"jetpack_social_options":{"image_generator_settings":{"template":"highway","enabled":false}}},"categories":[2],"tags":[],"jetpack_publicize_connections":[],"jetpack_featured_media_url":"","jetpack_sharing_enabled":true,"jetpack_shortlink":"https:\/\/wp.me\/p3Hz0n-7i1","jetpack_likes_enabled":true,"_links":{"self":[{"href":"https:\/\/agrund.com\/index.php\/wp-json\/wp\/v2\/posts\/28025"}],"collection":[{"href":"https:\/\/agrund.com\/index.php\/wp-json\/wp\/v2\/posts"}],"about":[{"href":"https:\/\/agrund.com\/index.php\/wp-json\/wp\/v2\/types\/post"}],"author":[{"embeddable":true,"href":"https:\/\/agrund.com\/index.php\/wp-json\/wp\/v2\/users\/8"}],"replies":[{"embeddable":true,"href":"https:\/\/agrund.com\/index.php\/wp-json\/wp\/v2\/comments?post=28025"}],"version-history":[{"count":0,"href":"https:\/\/agrund.com\/index.php\/wp-json\/wp\/v2\/posts\/28025\/revisions"}],"wp:featuredmedia":[{"embeddable":true,"href":"https:\/\/agrund.com\/index.php\/wp-json\/"}],"wp:attachment":[{"href":"https:\/\/agrund.com\/index.php\/wp-json\/wp\/v2\/media?parent=28025"}],"wp:term":[{"taxonomy":"category","embeddable":true,"href":"https:\/\/agrund.com\/index.php\/wp-json\/wp\/v2\/categories?post=28025"},{"taxonomy":"post_tag","embeddable":true,"href":"https:\/\/agrund.com\/index.php\/wp-json\/wp\/v2\/tags?post=28025"}],"curies":[{"name":"wp","href":"https:\/\/api.w.org\/{rel}","templated":true}]}}