{"id":26968,"date":"2012-04-11T14:25:10","date_gmt":"2012-04-11T18:25:10","guid":{"rendered":"http:\/\/agrund.hospedagemdesites.ws\/?p=26968"},"modified":"2012-04-11T14:25:10","modified_gmt":"2012-04-11T18:25:10","slug":"blogrund-esquadrao-da-moda-de-volta","status":"publish","type":"post","link":"https:\/\/agrund.com\/index.php\/blogrund-esquadrao-da-moda-de-volta\/","title":{"rendered":"Esquadr\u00e3o da Moda de Volta ( CONTAGEM REGRESSIVA)"},"content":{"rendered":"<p>Dia 21 de Abril no SBT!<\/p>\n<p>&nbsp;<\/p>\n<p>Eu e Bella Fiorentino gravamos a nova vinheta de abertura para o Esquadr\u00e3o da Moda. Surpresas n\u00e3o s\u00f3 no programa, mas na abertura tamb\u00e9m. A partir de 21 de abril estaremos mais uma vez compartilhando momentos de alegria emo\u00e7\u00e3o. Al\u00e9m de claro, uma consultoria b\u00e1sica de moda! Aqui uma palhinha do que estar por vir!<\/p>\n<p style=\"text-align: center\"><a class=\"lightbox\" title=\"Sem t\u00edtulo1\" href=\"https:\/\/i0.wp.com\/www.agrund.com\/wp-content\/uploads\/2012\/04\/Sem-t\u00edtulo1.jpg\"><img decoding=\"async\" loading=\"lazy\" class=\"aligncenter  wp-image-26972\" title=\"Sem t\u00edtulo1\" src=\"https:\/\/i0.wp.com\/www.agrund.com\/wp-content\/uploads\/2012\/04\/Sem-t\u00edtulo1.jpg?resize=461%2C613\" alt=\"\" width=\"461\" height=\"613\" data-recalc-dims=\"1\" \/><\/a><\/p>\n<p style=\"text-align: center\"><a class=\"lightbox\" title=\"Sem t\u00edtulo2\" href=\"https:\/\/i0.wp.com\/www.agrund.com\/wp-content\/uploads\/2012\/04\/Sem-t\u00edtulo2.jpg\"><img decoding=\"async\" loading=\"lazy\" class=\"aligncenter  wp-image-26973\" title=\"Sem t\u00edtulo2\" src=\"https:\/\/i0.wp.com\/www.agrund.com\/wp-content\/uploads\/2012\/04\/Sem-t\u00edtulo2.jpg?resize=614%2C459\" alt=\"\" width=\"614\" height=\"459\" data-recalc-dims=\"1\" \/><\/a><\/p>\n<p>\u00a0Faltam<\/p>\n<p>[ujicountdown id=&#8221;Contagem regressiva&#8221; expire=&#8221;2012\/04\/21 21:00&#8243; hide = &#8220;true&#8221;]<\/p>\n<p>&nbsp;<\/p>\n","protected":false},"excerpt":{"rendered":"<p>Dia 21 de Abril no SBT! &nbsp; Eu e Bella Fiorentino gravamos a nova vinheta de abertura para o Esquadr\u00e3o da Moda. Surpresas n\u00e3o s\u00f3 no programa, mas na abertura tamb\u00e9m. A partir de 21 de abril estaremos mais uma vez compartilhando momentos de alegria emo\u00e7\u00e3o. Al\u00e9m de claro, uma consultoria b\u00e1sica de moda! Aqui [&hellip;]<\/p>\n","protected":false},"author":8,"featured_media":26971,"comment_status":"open","ping_status":"open","sticky":false,"template":"","format":"standard","meta":{"jetpack_post_was_ever_published":false,"_jetpack_newsletter_access":"","jetpack_publicize_message":"","jetpack_is_tweetstorm":false,"jetpack_publicize_feature_enabled":true,"jetpack_social_post_already_shared":false,"jetpack_social_options":{"image_generator_settings":{"template":"highway","enabled":false}}},"categories":[32],"tags":[],"jetpack_publicize_connections":[],"jetpack_featured_media_url":"","jetpack_sharing_enabled":true,"jetpack_shortlink":"https:\/\/wp.me\/p3Hz0n-70Y","jetpack_likes_enabled":true,"_links":{"self":[{"href":"https:\/\/agrund.com\/index.php\/wp-json\/wp\/v2\/posts\/26968"}],"collection":[{"href":"https:\/\/agrund.com\/index.php\/wp-json\/wp\/v2\/posts"}],"about":[{"href":"https:\/\/agrund.com\/index.php\/wp-json\/wp\/v2\/types\/post"}],"author":[{"embeddable":true,"href":"https:\/\/agrund.com\/index.php\/wp-json\/wp\/v2\/users\/8"}],"replies":[{"embeddable":true,"href":"https:\/\/agrund.com\/index.php\/wp-json\/wp\/v2\/comments?post=26968"}],"version-history":[{"count":0,"href":"https:\/\/agrund.com\/index.php\/wp-json\/wp\/v2\/posts\/26968\/revisions"}],"wp:featuredmedia":[{"embeddable":true,"href":"https:\/\/agrund.com\/index.php\/wp-json\/"}],"wp:attachment":[{"href":"https:\/\/agrund.com\/index.php\/wp-json\/wp\/v2\/media?parent=26968"}],"wp:term":[{"taxonomy":"category","embeddable":true,"href":"https:\/\/agrund.com\/index.php\/wp-json\/wp\/v2\/categories?post=26968"},{"taxonomy":"post_tag","embeddable":true,"href":"https:\/\/agrund.com\/index.php\/wp-json\/wp\/v2\/tags?post=26968"}],"curies":[{"name":"wp","href":"https:\/\/api.w.org\/{rel}","templated":true}]}}