{"id":26473,"date":"2012-03-20T14:47:34","date_gmt":"2012-03-20T17:47:34","guid":{"rendered":"http:\/\/www.agrund.com\/blogs\/notas\/?p=23260"},"modified":"2012-03-20T14:47:34","modified_gmt":"2012-03-20T17:47:34","slug":"dior-pode-anunciar-novo-estilista","status":"publish","type":"post","link":"https:\/\/agrund.com\/index.php\/dior-pode-anunciar-novo-estilista\/","title":{"rendered":"Dior pode anunciar novo estilista"},"content":{"rendered":"<p><span style=\"font-family: Arial\">O nome mais cotado para o sucessor de John Galliano, ainda \u00e9 do estilista colombiano <\/span><span style=\"font-family: Arial\">Haider Ackermann. Boatos d\u00e3o conta que o t\u00e3o esperado an\u00fancio acontecer\u00e1 antes da temporada de inverno 2013 dos desfiles de alta-costura em Paris\u00a0, enquanto a Dior n\u00e3o anuncia quem ser\u00e1 o novo designer, Bill Gayten ocupa temporariamente o cargo.<\/span><\/p>\n<p style=\"text-align: center\"><span style=\"font-family: Arial\"><a href=\"https:\/\/i0.wp.com\/www.agrund.com\/files\/2012\/03\/haiden_ackerman_.jpg\"><img decoding=\"async\" loading=\"lazy\" class=\"aligncenter size-full wp-image-23261\" src=\"https:\/\/i0.wp.com\/www.agrund.com\/arquivo\/notas\/files\/2012\/03\/haiden_ackerman_.jpg?resize=354%2C355\" alt=\"\" width=\"354\" height=\"355\" data-recalc-dims=\"1\" \/><\/a><\/span><\/p>\n<p style=\"text-align: center\"><span style=\"font-family: Arial\"><a href=\"https:\/\/i0.wp.com\/www.agrund.com\/files\/2012\/03\/Bill-gayten.jpg\"><img decoding=\"async\" loading=\"lazy\" class=\"aligncenter size-full wp-image-23262\" src=\"https:\/\/i0.wp.com\/www.agrund.com\/arquivo\/notas\/files\/2012\/03\/Bill-gayten.jpg?resize=317%2C475\" alt=\"\" width=\"317\" height=\"475\" data-recalc-dims=\"1\" \/><\/a><\/span><\/p>\n<p style=\"text-align: center\">\n<p style=\"text-align: left\"><span style=\"font-family: Arial\">Imagem: Reprodu\u00e7\u00e3o<\/span><\/p>\n","protected":false},"excerpt":{"rendered":"<p>O nome mais cotado para o sucessor de John Galliano, ainda \u00e9 do estilista colombiano Haider Ackermann. Boatos d\u00e3o conta que o t\u00e3o esperado an\u00fancio acontecer\u00e1 antes da temporada de inverno 2013 dos desfiles de alta-costura em Paris\u00a0, enquanto a Dior n\u00e3o anuncia quem ser\u00e1 o novo designer, Bill Gayten ocupa temporariamente o cargo. Imagem: [&hellip;]<\/p>\n","protected":false},"author":8,"featured_media":23261,"comment_status":"open","ping_status":"open","sticky":false,"template":"","format":"standard","meta":{"jetpack_post_was_ever_published":false,"_jetpack_newsletter_access":"","jetpack_publicize_message":"","jetpack_is_tweetstorm":false,"jetpack_publicize_feature_enabled":true,"jetpack_social_post_already_shared":false,"jetpack_social_options":{"image_generator_settings":{"template":"highway","enabled":false}}},"categories":[2],"tags":[],"jetpack_publicize_connections":[],"jetpack_featured_media_url":"","jetpack_sharing_enabled":true,"jetpack_shortlink":"https:\/\/wp.me\/p3Hz0n-6SZ","jetpack_likes_enabled":true,"_links":{"self":[{"href":"https:\/\/agrund.com\/index.php\/wp-json\/wp\/v2\/posts\/26473"}],"collection":[{"href":"https:\/\/agrund.com\/index.php\/wp-json\/wp\/v2\/posts"}],"about":[{"href":"https:\/\/agrund.com\/index.php\/wp-json\/wp\/v2\/types\/post"}],"author":[{"embeddable":true,"href":"https:\/\/agrund.com\/index.php\/wp-json\/wp\/v2\/users\/8"}],"replies":[{"embeddable":true,"href":"https:\/\/agrund.com\/index.php\/wp-json\/wp\/v2\/comments?post=26473"}],"version-history":[{"count":0,"href":"https:\/\/agrund.com\/index.php\/wp-json\/wp\/v2\/posts\/26473\/revisions"}],"wp:featuredmedia":[{"embeddable":true,"href":"https:\/\/agrund.com\/index.php\/wp-json\/"}],"wp:attachment":[{"href":"https:\/\/agrund.com\/index.php\/wp-json\/wp\/v2\/media?parent=26473"}],"wp:term":[{"taxonomy":"category","embeddable":true,"href":"https:\/\/agrund.com\/index.php\/wp-json\/wp\/v2\/categories?post=26473"},{"taxonomy":"post_tag","embeddable":true,"href":"https:\/\/agrund.com\/index.php\/wp-json\/wp\/v2\/tags?post=26473"}],"curies":[{"name":"wp","href":"https:\/\/api.w.org\/{rel}","templated":true}]}}