{"id":2574,"date":"2011-01-07T14:55:03","date_gmt":"2011-01-07T16:55:03","guid":{"rendered":"http:\/\/www.agrund.com\/blogs\/notas\/?p=2574"},"modified":"2011-01-07T14:55:03","modified_gmt":"2011-01-07T16:55:03","slug":"emmanuelle-alt-substitui-carine-roitfeld-na-vogue-paris","status":"publish","type":"post","link":"https:\/\/agrund.com\/index.php\/emmanuelle-alt-substitui-carine-roitfeld-na-vogue-paris\/","title":{"rendered":"Emmanuelle Alt substitui Carine Roitfeld na Vogue Paris"},"content":{"rendered":"<p>Emmanuelle Alt acaba de ser anunciada como a nova editora chefe da Vogue Paris, substituindo Carine Roitfeld.<\/p>\n<p>Emmanuelle &#8211; ou Emma, como a chamam &#8211; j\u00e1 trabalha na Vogue Paris \u00e0 10 amos, no cargo de diretora de moda. Por isso, j\u00e1 era esperado que ela assumisse o cargo. Como j\u00e1 faz parte da equipe,\u00a0 tem um \u00f3timo relacionamento com os fot\u00f3grafos, stylists e colaboradores da revista. O pr\u00f3prio Xavier Romatet, na coletiva de imprensa oficial, diz lhe dar total confian\u00e7a. Al\u00e9m disso, ela j\u00e1 era figura conhecida dos sites de street syle, por seu estilo sempre impec\u00e1vel. Agora \u00e9 esperar para ver o resultado. Emmanuelle assume o cargo dia 1 de fevereiro.<\/p>\n<p><a href=\"\/wp-content\/uploads\/2011\/01\/emmanuelle_2990_north_320x480.jpg\"><img decoding=\"async\" loading=\"lazy\" class=\"aligncenter size-full wp-image-2575\" src=\"\/wp-content\/uploads\/2011\/01\/emmanuelle_2990_north_320x480.jpg\" alt=\"\" width=\"320\" height=\"480\" \/><\/a><\/p>\n<p><a href=\"\/wp-content\/uploads\/2011\/01\/emmanuel_alt_en_10_looks_294332408_north_318x478.jpg\"><img decoding=\"async\" loading=\"lazy\" class=\"aligncenter size-full wp-image-2579\" src=\"\/wp-content\/uploads\/2011\/01\/emmanuel_alt_en_10_looks_294332408_north_318x478.jpg\" alt=\"\" width=\"318\" height=\"478\" \/><\/a><\/p>\n<div id=\"attachment_2580\" style=\"width: 328px\" class=\"wp-caption aligncenter\"><a href=\"\/wp-content\/uploads\/2011\/01\/emmanuel_alt_en_10_looks_248774863_north_318x478.jpg\"><img aria-describedby=\"caption-attachment-2580\" decoding=\"async\" loading=\"lazy\" class=\"size-full wp-image-2580\" src=\"\/wp-content\/uploads\/2011\/01\/emmanuel_alt_en_10_looks_248774863_north_318x478.jpg\" alt=\"\" width=\"318\" height=\"478\" \/><\/a><p id=\"caption-attachment-2580\" class=\"wp-caption-text\">Emma e Carine<\/p><\/div>\n<p><img decoding=\"async\" src=\"\/Users\/Marina\/AppData\/Local\/Temp\/moz-screenshot.png\" alt=\"\" \/><img decoding=\"async\" src=\"\/Users\/Marina\/AppData\/Local\/Temp\/moz-screenshot-1.png\" alt=\"\" \/><\/p>\n","protected":false},"excerpt":{"rendered":"<p>Emmanuelle Alt acaba de ser anunciada como a nova editora chefe da Vogue Paris, substituindo Carine Roitfeld. Emmanuelle &#8211; ou Emma, como a chamam &#8211; j\u00e1 trabalha na Vogue Paris \u00e0 10 amos, no cargo de diretora de moda. Por isso, j\u00e1 era esperado que ela assumisse o cargo. Como j\u00e1 faz parte da equipe,\u00a0 [&hellip;]<\/p>\n","protected":false},"author":8,"featured_media":2575,"comment_status":"open","ping_status":"open","sticky":false,"template":"","format":"standard","meta":{"jetpack_post_was_ever_published":false,"_jetpack_newsletter_access":"","jetpack_publicize_message":"","jetpack_is_tweetstorm":false,"jetpack_publicize_feature_enabled":true,"jetpack_social_post_already_shared":false,"jetpack_social_options":{"image_generator_settings":{"template":"highway","enabled":false}}},"categories":[2],"tags":[],"jetpack_publicize_connections":[],"jetpack_featured_media_url":"","jetpack_sharing_enabled":true,"jetpack_shortlink":"https:\/\/wp.me\/p3Hz0n-Fw","jetpack_likes_enabled":true,"_links":{"self":[{"href":"https:\/\/agrund.com\/index.php\/wp-json\/wp\/v2\/posts\/2574"}],"collection":[{"href":"https:\/\/agrund.com\/index.php\/wp-json\/wp\/v2\/posts"}],"about":[{"href":"https:\/\/agrund.com\/index.php\/wp-json\/wp\/v2\/types\/post"}],"author":[{"embeddable":true,"href":"https:\/\/agrund.com\/index.php\/wp-json\/wp\/v2\/users\/8"}],"replies":[{"embeddable":true,"href":"https:\/\/agrund.com\/index.php\/wp-json\/wp\/v2\/comments?post=2574"}],"version-history":[{"count":0,"href":"https:\/\/agrund.com\/index.php\/wp-json\/wp\/v2\/posts\/2574\/revisions"}],"wp:featuredmedia":[{"embeddable":true,"href":"https:\/\/agrund.com\/index.php\/wp-json\/"}],"wp:attachment":[{"href":"https:\/\/agrund.com\/index.php\/wp-json\/wp\/v2\/media?parent=2574"}],"wp:term":[{"taxonomy":"category","embeddable":true,"href":"https:\/\/agrund.com\/index.php\/wp-json\/wp\/v2\/categories?post=2574"},{"taxonomy":"post_tag","embeddable":true,"href":"https:\/\/agrund.com\/index.php\/wp-json\/wp\/v2\/tags?post=2574"}],"curies":[{"name":"wp","href":"https:\/\/api.w.org\/{rel}","templated":true}]}}