{"id":25539,"date":"2010-12-05T21:00:20","date_gmt":"2010-12-05T23:00:20","guid":{"rendered":"http:\/\/www.agrund.com\/blogs\/moda\/?p=481"},"modified":"2010-12-05T21:00:20","modified_gmt":"2010-12-05T23:00:20","slug":"skull-rocks-2","status":"publish","type":"post","link":"https:\/\/agrund.com\/index.php\/skull-rocks-2\/","title":{"rendered":"SKULL ROCKS!"},"content":{"rendered":"<p>Se voc\u00ea achava que foi Alexander McQueen ou o nosso Herchcovitch que transformou a caveira em \u00edcone fashion, est\u00e1 muito enganado! A liga\u00e7\u00e3o dela com a moda \u00e9 t\u00e3o antiga que n\u00e3o d\u00e1 para consider\u00e1-la uma simples tend\u00eancia: j\u00e1 virou um cl\u00e1ssico atemporal. E sabe quem foram os primeiros a usar a caveira como estampa de roupa, como acess\u00f3rio? Os roqueiros, \u00e9 claro.<\/p>\n<p>Mas a caveira j\u00e1 era vista como moda bem antes disso. Os astecas mexicanos j\u00e1 faziam colares e estampas neste formato e s\u00f3 os mais \u201cantenados\u201d podiam usar. Isto porque a caveira, s\u00edmbolo da morte, era tamb\u00e9m sin\u00f4nimo de vida eterna, uma promessa de ressurei\u00e7\u00e3o. Portanto, andar com uma significava ter sorte, sa\u00fade, vida longa e tudo de bom.<\/p>\n<p>Fast forward e estamos na d\u00e9cada de 70. Os punks, rebeldes por defini\u00e7\u00e3o, queriam chocar e resolveram usar a caveira, vista como algo agressivo, para dar seu f-se \u00e0 sociedade. Da\u00ed tudo come\u00e7ou. Eram capas de discos, logos de bandas, nomes de bandas, e o que mais voc\u00ea pudesse imaginar.<\/p>\n<p><img decoding=\"async\" loading=\"lazy\" class=\"aligncenter size-full wp-image-482\" title=\"rock1\" src=\"https:\/\/i0.wp.com\/www.agrund.com\/arquivo\/moda\/files\/2010\/12\/rock1.png?resize=194%2C187\" alt=\"\" width=\"194\" height=\"187\" data-recalc-dims=\"1\" \/><\/p>\n<p><img decoding=\"async\" loading=\"lazy\" class=\"aligncenter size-full wp-image-483\" title=\"rock2\" src=\"https:\/\/i0.wp.com\/www.agrund.com\/arquivo\/moda\/files\/2010\/12\/rock2.png?resize=194%2C191\" alt=\"\" width=\"194\" height=\"191\" data-recalc-dims=\"1\" \/><\/p>\n<p><img decoding=\"async\" loading=\"lazy\" class=\"aligncenter size-full wp-image-484\" title=\"rock3\" src=\"https:\/\/i0.wp.com\/www.agrund.com\/arquivo\/moda\/files\/2010\/12\/rock3.png?resize=203%2C203\" alt=\"\" width=\"203\" height=\"203\" data-recalc-dims=\"1\" \/><img decoding=\"async\" loading=\"lazy\" class=\"aligncenter size-full wp-image-485\" title=\"rock4\" src=\"https:\/\/i0.wp.com\/www.agrund.com\/arquivo\/moda\/files\/2010\/12\/rock4.png?resize=164%2C235\" alt=\"\" width=\"164\" height=\"235\" data-recalc-dims=\"1\" \/><\/p>\n<p><img decoding=\"async\" loading=\"lazy\" class=\"aligncenter size-full wp-image-486\" title=\"rock5\" src=\"https:\/\/i0.wp.com\/www.agrund.com\/arquivo\/moda\/files\/2010\/12\/rock5.png?resize=203%2C203\" alt=\"\" width=\"203\" height=\"203\" data-recalc-dims=\"1\" \/><\/p>\n<p><img decoding=\"async\" loading=\"lazy\" class=\"aligncenter size-full wp-image-487\" title=\"rock6\" src=\"https:\/\/i0.wp.com\/www.agrund.com\/arquivo\/moda\/files\/2010\/12\/rock6.png?resize=203%2C203\" alt=\"\" width=\"203\" height=\"203\" data-recalc-dims=\"1\" \/><\/p>\n<p><img decoding=\"async\" loading=\"lazy\" class=\"aligncenter size-full wp-image-488\" title=\"rock7\" src=\"https:\/\/i0.wp.com\/www.agrund.com\/arquivo\/moda\/files\/2010\/12\/rock7.png?resize=203%2C202\" alt=\"\" width=\"203\" height=\"202\" data-recalc-dims=\"1\" \/><\/p>\n<p><img decoding=\"async\" loading=\"lazy\" class=\"aligncenter size-full wp-image-489\" title=\"rock8\" src=\"https:\/\/i0.wp.com\/www.agrund.com\/arquivo\/moda\/files\/2010\/12\/rock8.png?resize=203%2C203\" alt=\"\" width=\"203\" height=\"203\" data-recalc-dims=\"1\" \/><\/p>\n<p><img decoding=\"async\" loading=\"lazy\" class=\"aligncenter size-full wp-image-490\" title=\"rock9\" src=\"https:\/\/i0.wp.com\/www.agrund.com\/arquivo\/moda\/files\/2010\/12\/rock9.png?resize=203%2C203\" alt=\"\" width=\"203\" height=\"203\" data-recalc-dims=\"1\" \/><\/p>\n<p>E por a\u00ed vai\u2026<\/p>\n<p>A m\u00fasica abra\u00e7ou a caveira de vez. Vieram os g\u00f3ticos, os metaleiros, os glam rockers\u2026 e a\u00ed sim, surgiu McQueen\u2026<\/p>\n<p><img decoding=\"async\" loading=\"lazy\" class=\"aligncenter size-full wp-image-491\" title=\"rock10\" src=\"https:\/\/i0.wp.com\/www.agrund.com\/arquivo\/moda\/files\/2010\/12\/rock10.png?resize=185%2C190\" alt=\"\" width=\"185\" height=\"190\" data-recalc-dims=\"1\" \/><\/p>\n<p><img decoding=\"async\" loading=\"lazy\" class=\"aligncenter size-full wp-image-492\" title=\"rock11\" src=\"https:\/\/i0.wp.com\/www.agrund.com\/arquivo\/moda\/files\/2010\/12\/rock11.png?resize=203%2C192\" alt=\"\" width=\"203\" height=\"192\" data-recalc-dims=\"1\" \/><\/p>\n<p><img decoding=\"async\" loading=\"lazy\" class=\"aligncenter size-full wp-image-493\" title=\"rock12\" src=\"https:\/\/i0.wp.com\/www.agrund.com\/arquivo\/moda\/files\/2010\/12\/rock12.png?resize=182%2C201\" alt=\"\" width=\"182\" height=\"201\" data-recalc-dims=\"1\" \/><\/p>\n<p><img decoding=\"async\" loading=\"lazy\" class=\"aligncenter size-full wp-image-494\" title=\"rock13\" src=\"https:\/\/i0.wp.com\/www.agrund.com\/arquivo\/moda\/files\/2010\/12\/rock13.png?resize=183%2C208\" alt=\"\" width=\"183\" height=\"208\" data-recalc-dims=\"1\" \/><\/p>\n<p>\u2026 e Herchcovitch:<\/p>\n<p><img decoding=\"async\" loading=\"lazy\" class=\"aligncenter size-full wp-image-497\" title=\"rock14\" src=\"https:\/\/i0.wp.com\/www.agrund.com\/arquivo\/moda\/files\/2010\/12\/rock14.png?resize=185%2C185\" alt=\"\" width=\"185\" height=\"185\" data-recalc-dims=\"1\" \/><\/p>\n<p><img decoding=\"async\" loading=\"lazy\" class=\"aligncenter size-full wp-image-498\" title=\"rock15\" src=\"https:\/\/i0.wp.com\/www.agrund.com\/arquivo\/moda\/files\/2010\/12\/rock15.png?resize=173%2C234\" alt=\"\" width=\"173\" height=\"234\" data-recalc-dims=\"1\" \/><\/p>\n<p><img decoding=\"async\" loading=\"lazy\" class=\"aligncenter size-full wp-image-499\" title=\"rock16\" src=\"https:\/\/i0.wp.com\/www.agrund.com\/arquivo\/moda\/files\/2010\/12\/rock16.png?resize=284%2C104\" alt=\"\" width=\"284\" height=\"104\" data-recalc-dims=\"1\" \/><\/p>\n<p>E eles fizeram a caveira virar coisa de gente glamourosa, fashion, educada e rica!!! Hoje, at\u00e9 as divas divinas, as patricinhas meigas e as fashionistas cool andam por a\u00ed estampadas com caveiras.<\/p>\n<div id=\"attachment_500\" style=\"width: 181px\" class=\"wp-caption aligncenter\"><img aria-describedby=\"caption-attachment-500\" decoding=\"async\" loading=\"lazy\" class=\"size-full wp-image-500\" title=\"rock17\" src=\"https:\/\/i0.wp.com\/www.agrund.com\/arquivo\/moda\/files\/2010\/12\/rock17.png?resize=171%2C262\" alt=\"\" width=\"171\" height=\"262\" data-recalc-dims=\"1\" \/><p id=\"caption-attachment-500\" class=\"wp-caption-text\">Christina Aguilera<\/p><\/div>\n<div id=\"attachment_501\" style=\"width: 155px\" class=\"wp-caption aligncenter\"><img aria-describedby=\"caption-attachment-501\" decoding=\"async\" loading=\"lazy\" class=\"size-full wp-image-501\" title=\"rock18\" src=\"https:\/\/i0.wp.com\/www.agrund.com\/arquivo\/moda\/files\/2010\/12\/rock18.png?resize=145%2C198\" alt=\"\" width=\"145\" height=\"198\" data-recalc-dims=\"1\" \/><p id=\"caption-attachment-501\" class=\"wp-caption-text\">Miley Cyrus<\/p><\/div>\n<div id=\"attachment_511\" style=\"width: 178px\" class=\"wp-caption aligncenter\"><img aria-describedby=\"caption-attachment-511\" decoding=\"async\" loading=\"lazy\" class=\"size-full wp-image-511\" title=\"rok\" src=\"https:\/\/i0.wp.com\/www.agrund.com\/arquivo\/moda\/files\/2010\/12\/rok.png?resize=168%2C274\" alt=\"\" width=\"168\" height=\"274\" data-recalc-dims=\"1\" \/><p id=\"caption-attachment-511\" class=\"wp-caption-text\">Natalie Portman<\/p><\/div>\n<div id=\"attachment_502\" style=\"width: 208px\" class=\"wp-caption aligncenter\"><img aria-describedby=\"caption-attachment-502\" decoding=\"async\" loading=\"lazy\" class=\"size-full wp-image-502\" title=\"rock19\" src=\"https:\/\/i0.wp.com\/www.agrund.com\/arquivo\/moda\/files\/2010\/12\/rock19.png?resize=198%2C235\" alt=\"\" width=\"198\" height=\"235\" data-recalc-dims=\"1\" \/><p id=\"caption-attachment-502\" class=\"wp-caption-text\">Lindsay Lohan<\/p><\/div>\n<div id=\"attachment_503\" style=\"width: 155px\" class=\"wp-caption aligncenter\"><img aria-describedby=\"caption-attachment-503\" decoding=\"async\" loading=\"lazy\" class=\"size-full wp-image-503\" title=\"rock20\" src=\"https:\/\/i0.wp.com\/www.agrund.com\/arquivo\/moda\/files\/2010\/12\/rock20.png?resize=145%2C276\" alt=\"\" width=\"145\" height=\"276\" data-recalc-dims=\"1\" \/><p id=\"caption-attachment-503\" class=\"wp-caption-text\">Pink<\/p><\/div>\n<div id=\"attachment_504\" style=\"width: 285px\" class=\"wp-caption aligncenter\"><img aria-describedby=\"caption-attachment-504\" decoding=\"async\" loading=\"lazy\" class=\"size-full wp-image-504\" title=\"rock21\" src=\"https:\/\/i0.wp.com\/www.agrund.com\/arquivo\/moda\/files\/2010\/12\/rock21.png?resize=275%2C184\" alt=\"\" width=\"275\" height=\"184\" data-recalc-dims=\"1\" \/><p id=\"caption-attachment-504\" class=\"wp-caption-text\">Constanza Pascolato<\/p><\/div>\n<p>E a Costanza tamb\u00e9m!<\/p>\n<p>Pode reparar. Em qualquer lugar do mundo, das lojas mais caras \u00e0s barraquinhas de camel\u00f4s, voc\u00ea vai encontrar caveiras em todas as formas, at\u00e9 nas mais improv\u00e1veis:<\/p>\n<div id=\"attachment_505\" style=\"width: 177px\" class=\"wp-caption aligncenter\"><img aria-describedby=\"caption-attachment-505\" decoding=\"async\" loading=\"lazy\" class=\"size-full wp-image-505\" title=\"rock22\" src=\"https:\/\/i0.wp.com\/www.agrund.com\/arquivo\/moda\/files\/2010\/12\/rock22.png?resize=167%2C167\" alt=\"\" width=\"167\" height=\"167\" data-recalc-dims=\"1\" \/><p id=\"caption-attachment-505\" class=\"wp-caption-text\">Chap\u00e9u Panama<\/p><\/div>\n<div id=\"attachment_506\" style=\"width: 159px\" class=\"wp-caption aligncenter\"><img aria-describedby=\"caption-attachment-506\" decoding=\"async\" loading=\"lazy\" class=\"size-full wp-image-506\" title=\"rock23\" src=\"https:\/\/i0.wp.com\/www.agrund.com\/arquivo\/moda\/files\/2010\/12\/rock23.png?resize=149%2C142\" alt=\"\" width=\"149\" height=\"142\" data-recalc-dims=\"1\" \/><p id=\"caption-attachment-506\" class=\"wp-caption-text\">J\u00f3ia de casamento<\/p><\/div>\n<div id=\"attachment_507\" style=\"width: 126px\" class=\"wp-caption aligncenter\"><img aria-describedby=\"caption-attachment-507\" decoding=\"async\" loading=\"lazy\" class=\"size-full wp-image-507\" title=\"rock24\" src=\"https:\/\/i0.wp.com\/www.agrund.com\/arquivo\/moda\/files\/2010\/12\/rock24.png?resize=116%2C165\" alt=\"\" width=\"116\" height=\"165\" data-recalc-dims=\"1\" \/><p id=\"caption-attachment-507\" class=\"wp-caption-text\">Palet\u00f3 (?!?!!?)<\/p><\/div>\n<p><img decoding=\"async\" loading=\"lazy\" class=\"aligncenter size-full wp-image-508\" title=\"rock25\" src=\"https:\/\/i0.wp.com\/www.agrund.com\/arquivo\/moda\/files\/2010\/12\/rock25.png?resize=151%2C208\" alt=\"\" width=\"151\" height=\"208\" data-recalc-dims=\"1\" \/><\/p>\n<p>Estamp\u2026 ops! Falha minha. Pensei que era caveira mas \u00e9 s\u00f3 a Madonna.<\/p>\n<p>Continuando:<\/p>\n<div id=\"attachment_509\" style=\"width: 168px\" class=\"wp-caption aligncenter\"><img aria-describedby=\"caption-attachment-509\" decoding=\"async\" loading=\"lazy\" class=\"size-full wp-image-509\" title=\"rock26\" src=\"https:\/\/i0.wp.com\/www.agrund.com\/arquivo\/moda\/files\/2010\/12\/rock26.png?resize=158%2C135\" alt=\"\" width=\"158\" height=\"135\" data-recalc-dims=\"1\" \/><p id=\"caption-attachment-509\" class=\"wp-caption-text\">Salto de sapato<\/p><\/div>\n<div id=\"attachment_510\" style=\"width: 222px\" class=\"wp-caption aligncenter\"><img aria-describedby=\"caption-attachment-510\" decoding=\"async\" loading=\"lazy\" class=\"size-full wp-image-510\" title=\"rock27\" src=\"https:\/\/i0.wp.com\/www.agrund.com\/arquivo\/moda\/files\/2010\/12\/rock27.png?resize=212%2C128\" alt=\"\" width=\"212\" height=\"128\" data-recalc-dims=\"1\" \/><p id=\"caption-attachment-510\" class=\"wp-caption-text\">E at\u00e9 chupeta!!!!<\/p><\/div>\n<p>VIDA ETERNA \u00c0 CAVEIRA!!!!!!!<\/p>\n","protected":false},"excerpt":{"rendered":"<p>Se voc\u00ea achava que foi Alexander McQueen ou o nosso Herchcovitch que transformou a caveira em \u00edcone fashion, est\u00e1 muito enganado! A liga\u00e7\u00e3o dela com a moda \u00e9 t\u00e3o antiga que n\u00e3o d\u00e1 para consider\u00e1-la uma simples tend\u00eancia: j\u00e1 virou um cl\u00e1ssico atemporal. E sabe quem foram os primeiros a usar a caveira como estampa [&hellip;]<\/p>\n","protected":false},"author":8,"featured_media":27453,"comment_status":"open","ping_status":"open","sticky":false,"template":"","format":"standard","meta":{"jetpack_post_was_ever_published":false,"_jetpack_newsletter_access":"","jetpack_publicize_message":"","jetpack_is_tweetstorm":false,"jetpack_publicize_feature_enabled":true,"jetpack_social_post_already_shared":false,"jetpack_social_options":{"image_generator_settings":{"template":"highway","enabled":false}}},"categories":[32],"tags":[],"jetpack_publicize_connections":[],"jetpack_featured_media_url":"","jetpack_sharing_enabled":true,"jetpack_shortlink":"https:\/\/wp.me\/p3Hz0n-6DV","jetpack_likes_enabled":true,"_links":{"self":[{"href":"https:\/\/agrund.com\/index.php\/wp-json\/wp\/v2\/posts\/25539"}],"collection":[{"href":"https:\/\/agrund.com\/index.php\/wp-json\/wp\/v2\/posts"}],"about":[{"href":"https:\/\/agrund.com\/index.php\/wp-json\/wp\/v2\/types\/post"}],"author":[{"embeddable":true,"href":"https:\/\/agrund.com\/index.php\/wp-json\/wp\/v2\/users\/8"}],"replies":[{"embeddable":true,"href":"https:\/\/agrund.com\/index.php\/wp-json\/wp\/v2\/comments?post=25539"}],"version-history":[{"count":0,"href":"https:\/\/agrund.com\/index.php\/wp-json\/wp\/v2\/posts\/25539\/revisions"}],"wp:featuredmedia":[{"embeddable":true,"href":"https:\/\/agrund.com\/index.php\/wp-json\/"}],"wp:attachment":[{"href":"https:\/\/agrund.com\/index.php\/wp-json\/wp\/v2\/media?parent=25539"}],"wp:term":[{"taxonomy":"category","embeddable":true,"href":"https:\/\/agrund.com\/index.php\/wp-json\/wp\/v2\/categories?post=25539"},{"taxonomy":"post_tag","embeddable":true,"href":"https:\/\/agrund.com\/index.php\/wp-json\/wp\/v2\/tags?post=25539"}],"curies":[{"name":"wp","href":"https:\/\/api.w.org\/{rel}","templated":true}]}}