{"id":25529,"date":"2010-10-28T21:41:47","date_gmt":"2010-10-28T23:41:47","guid":{"rendered":"http:\/\/www.agrund.com\/blogs\/moda\/?p=374"},"modified":"2010-10-28T21:41:47","modified_gmt":"2010-10-28T23:41:47","slug":"j-lo-e-filhos-vestem-gucci-2","status":"publish","type":"post","link":"https:\/\/agrund.com\/index.php\/j-lo-e-filhos-vestem-gucci-2\/","title":{"rendered":"J Lo e filhos vestem Gucci"},"content":{"rendered":"<p><!-- @font-face {   font-family: \"Times New Roman\"; }p.MsoNormal, li.MsoNormal, div.MsoNormal { margin: 0cm 0cm 0.0001pt; font-size: 12pt; font-family: \"Times New Roman\"; }a:link, span.MsoHyperlink { color: rgb(31, 99, 138); text-decoration: none; }a:visited, span.MsoHyperlinkFollowed { color: purple; text-decoration: underline; }p { margin-right: 0cm; margin-left: 0cm; font-size: 12pt; font-family: \"Times New Roman\"; }table.MsoNormalTable { font-size: 10pt; font-family: \"Times New Roman\"; }div.Section1 { page: Section1; } --><strong><img decoding=\"async\" loading=\"lazy\" class=\"aligncenter size-full wp-image-375\" title=\"music2\" src=\"https:\/\/i0.wp.com\/www.agrund.com\/arquivo\/moda\/files\/2010\/10\/music2.png?resize=421%2C285\" alt=\"\" width=\"421\" height=\"285\" data-recalc-dims=\"1\" \/><br \/>\n<\/strong><\/p>\n<p>Confirmados os boatos: Jennifer Lopez \u00e9 a estrela da nova campanha da Gucci, acompanhada por seus g\u00eameios Emme e Max. A campanha \u00e9 para a nova linha infantil da grife, com lan\u00e7amento marcado para a primavera 2011. Quer ver as fotos? Clica aqui, s\u00e3o bel\u00edssimas: <a href=\"http:\/\/www.facebook.com\/photo.php?fbid=489633331012&amp;set=a.489630481012.298648.44596321012\">images of the kids&#8217; line<\/a>.<\/p>\n<p><img decoding=\"async\" loading=\"lazy\" class=\"aligncenter size-full wp-image-376\" title=\"music3\" src=\"https:\/\/i0.wp.com\/www.agrund.com\/arquivo\/moda\/files\/2010\/10\/music3.png?resize=189%2C279\" alt=\"\" width=\"189\" height=\"279\" data-recalc-dims=\"1\" \/><\/p>\n","protected":false},"excerpt":{"rendered":"<p>Confirmados os boatos: Jennifer Lopez \u00e9 a estrela da nova campanha da Gucci, acompanhada por seus g\u00eameios Emme e Max. A campanha \u00e9 para a nova linha infantil da grife, com lan\u00e7amento marcado para a primavera 2011. Quer ver as fotos? Clica aqui, s\u00e3o bel\u00edssimas: images of the kids&#8217; line.<\/p>\n","protected":false},"author":8,"featured_media":27470,"comment_status":"open","ping_status":"open","sticky":false,"template":"","format":"standard","meta":{"jetpack_post_was_ever_published":false,"_jetpack_newsletter_access":"","jetpack_publicize_message":"","jetpack_is_tweetstorm":false,"jetpack_publicize_feature_enabled":true,"jetpack_social_post_already_shared":false,"jetpack_social_options":{"image_generator_settings":{"template":"highway","enabled":false}}},"categories":[32],"tags":[],"jetpack_publicize_connections":[],"jetpack_featured_media_url":"","jetpack_sharing_enabled":true,"jetpack_shortlink":"https:\/\/wp.me\/p3Hz0n-6DL","jetpack_likes_enabled":true,"_links":{"self":[{"href":"https:\/\/agrund.com\/index.php\/wp-json\/wp\/v2\/posts\/25529"}],"collection":[{"href":"https:\/\/agrund.com\/index.php\/wp-json\/wp\/v2\/posts"}],"about":[{"href":"https:\/\/agrund.com\/index.php\/wp-json\/wp\/v2\/types\/post"}],"author":[{"embeddable":true,"href":"https:\/\/agrund.com\/index.php\/wp-json\/wp\/v2\/users\/8"}],"replies":[{"embeddable":true,"href":"https:\/\/agrund.com\/index.php\/wp-json\/wp\/v2\/comments?post=25529"}],"version-history":[{"count":0,"href":"https:\/\/agrund.com\/index.php\/wp-json\/wp\/v2\/posts\/25529\/revisions"}],"wp:featuredmedia":[{"embeddable":true,"href":"https:\/\/agrund.com\/index.php\/wp-json\/"}],"wp:attachment":[{"href":"https:\/\/agrund.com\/index.php\/wp-json\/wp\/v2\/media?parent=25529"}],"wp:term":[{"taxonomy":"category","embeddable":true,"href":"https:\/\/agrund.com\/index.php\/wp-json\/wp\/v2\/categories?post=25529"},{"taxonomy":"post_tag","embeddable":true,"href":"https:\/\/agrund.com\/index.php\/wp-json\/wp\/v2\/tags?post=25529"}],"curies":[{"name":"wp","href":"https:\/\/api.w.org\/{rel}","templated":true}]}}