{"id":25526,"date":"2010-09-16T09:21:13","date_gmt":"2010-09-16T12:21:13","guid":{"rendered":"http:\/\/www.agrund.com\/blogs\/moda\/?p=217"},"modified":"2010-09-16T09:21:13","modified_gmt":"2010-09-16T12:21:13","slug":"divas-da-musica","status":"publish","type":"post","link":"https:\/\/agrund.com\/index.php\/divas-da-musica\/","title":{"rendered":"Divas da m\u00fasica"},"content":{"rendered":"<p style=\"text-align: justify\"><span style=\"color: #333333\"><strong>As divas da m\u00fasica tamb\u00e9m s\u00e3o divas da moda?<\/strong><\/span><\/p>\n<p style=\"text-align: justify\"><span style=\"color: #333333\">A resposta da pergunta acima? N\u00e3o, n\u00e3o e n\u00e3o! Ali\u00e1s, em geral as divas acertam muito mais do que erram e acabam proporcionando momentos t\u00e3o marcantes quanto algumas das suas m\u00fasicas&#8230;<\/span><\/p>\n<p style=\"text-align: justify\"><span style=\"color: #333333\">Vamos analisar<strong> come\u00e7ando por Mariah Carey.<\/strong><\/span><\/p>\n<p style=\"text-align: center\"><span style=\"color: #333333\"><strong><img decoding=\"async\" loading=\"lazy\" class=\"size-full wp-image-218 aligncenter\" title=\"Picture 2\" src=\"https:\/\/i0.wp.com\/www.agrund.com\/arquivo\/moda\/files\/2010\/09\/Picture-2.png?resize=249%2C284\" alt=\"\" width=\"249\" height=\"284\" data-recalc-dims=\"1\" \/><\/strong><\/span><\/p>\n<p style=\"text-align: justify\"><span style=\"color: #333333\">Este \u00e9 um belo vestido, tem a simplicidade dos anos 90 e um brilho sutil.<\/span><\/p>\n<p style=\"text-align: justify\"><span style=\"color: #333333\">A transpar\u00eancia \u00e9 bonita, bem localizada. Ok, a fenda \u00e9 too much, mas passa.<\/span><\/p>\n<p style=\"text-align: justify\"><span style=\"color: #333333\">O problema \u00e9 que Mariah n\u00e3o est\u00e1, no momento dessa foto, podendo usar um modelito t\u00e3o ousado, n\u00e3o?<\/span><\/p>\n<p style=\"text-align: justify\"><span style=\"color: #333333\">Mas, por incr\u00edvel que pare\u00e7a, esse \u00e9 o melhor look da diva&#8230;<!--more--><\/span><\/p>\n<p style=\"text-align: justify\"><span style=\"color: #333333\"><img decoding=\"async\" loading=\"lazy\" class=\"size-medium wp-image-219 aligncenter\" title=\"Picture 3\" src=\"https:\/\/i0.wp.com\/www.agrund.com\/arquivo\/moda\/files\/2010\/09\/Picture-3-245x300.png?resize=245%2C300\" alt=\"\" width=\"245\" height=\"300\" data-recalc-dims=\"1\" \/>&#8230;afinal, olha esse.<\/span><\/p>\n<p style=\"text-align: justify\"><span style=\"color: #333333\"><img decoding=\"async\" loading=\"lazy\" class=\"size-full wp-image-220 aligncenter\" title=\"Picture 4\" src=\"https:\/\/i0.wp.com\/www.agrund.com\/arquivo\/moda\/files\/2010\/09\/Picture-4.png?resize=157%2C234\" alt=\"\" width=\"157\" height=\"234\" data-recalc-dims=\"1\" \/><\/span><\/p>\n<p style=\"text-align: justify\"><span style=\"color: #333333\">E esse? Vou me abster de coment\u00e1rios.<\/span><\/p>\n<p style=\"text-align: justify\"><span style=\"color: #333333\"><strong>Madonna<\/strong><\/span><\/p>\n<p style=\"text-align: justify\"><span style=\"color: #333333\"><img decoding=\"async\" loading=\"lazy\" class=\"aligncenter size-full wp-image-223\" title=\"Picture 5\" src=\"https:\/\/i0.wp.com\/www.agrund.com\/arquivo\/moda\/files\/2010\/09\/Picture-5.png?resize=256%2C348\" alt=\"\" width=\"256\" height=\"348\" data-recalc-dims=\"1\" \/><\/span><\/p>\n<p style=\"text-align: justify\"><span style=\"color: #333333\">Madonna \u00e9 o seguinte. Todo mundo j\u00e1 se acostumou a achar que ela \u00e9 superestilosa. Mas, se analisarmos bem a diva, desde o come\u00e7o da carreira ela vem cometendo repetidas gafes. O look acima, por exemplo. O palet\u00f3 (algo como um meio fraque, talvez) est\u00e1 apertado. A cal\u00e7a de cetim est\u00e1 deixando as pernas maravilhosas da cantora grossas demais. E tudo est\u00e1 totalmente amarrotado. E as botas? Medo.<\/span><\/p>\n<p style=\"text-align: justify\"><span style=\"color: #333333\"><img decoding=\"async\" loading=\"lazy\" class=\"aligncenter size-full wp-image-222\" title=\"Picture 6\" src=\"https:\/\/i0.wp.com\/www.agrund.com\/arquivo\/moda\/files\/2010\/09\/Picture-6.png?resize=199%2C300\" alt=\"\" width=\"199\" height=\"300\" data-recalc-dims=\"1\" \/><\/span><\/p>\n<p style=\"text-align: justify\"><span style=\"color: #333333\">Este \u00e9 o look mais famoso de Madonna dos \u00faltimos tempo. O mais comentado. E o motivo \u00e9 claro. Suti\u00e3 a mostra + orelha de coelhinha da Playboy estilizada + balon\u00ea + overboots + luvinha voltei-para-os-anos-oitenta. Que viagem!!!<\/span><\/p>\n<p style=\"text-align: justify\"><span style=\"color: #333333\"><img decoding=\"async\" loading=\"lazy\" class=\"aligncenter size-full wp-image-234\" title=\"Picture 7\" src=\"https:\/\/i0.wp.com\/www.agrund.com\/arquivo\/moda\/files\/2010\/09\/Picture-7.png?resize=211%2C282\" alt=\"\" width=\"211\" height=\"282\" data-recalc-dims=\"1\" \/><\/span><\/p>\n<p style=\"text-align: justify\"><span style=\"color: #333333\">E, aqui, um look casual para mostrar que a diva n\u00e3o \u00e9 exatamente a campe\u00e3 do bom gosto. J\u00e1 notou como ela gosta de fazer o estilo esporte-para-usar-na-rua? Quem fica bem nesse estilo, gente? Nin-gu\u00e9m.<\/span><\/p>\n<p style=\"text-align: justify\"><span style=\"color: #333333\"><strong>Britney Spears<\/strong><\/span><\/p>\n<p style=\"text-align: justify\"><span style=\"color: #333333\"><img decoding=\"async\" loading=\"lazy\" class=\"aligncenter size-full wp-image-235\" title=\"Picture 8\" src=\"https:\/\/i0.wp.com\/www.agrund.com\/arquivo\/moda\/files\/2010\/09\/Picture-8.png?resize=231%2C306\" alt=\"\" width=\"231\" height=\"306\" data-recalc-dims=\"1\" \/><\/span><\/p>\n<p style=\"text-align: justify\"><span style=\"color: #333333\">Britney \u00e9 o m\u00e1ximo. A \u00fanica que acaba conseguindo usar a cafonice a seu pr\u00f3prio favor. A diva \u00e9 t\u00e3o cafona, mas t\u00e3o cafona, que acaba \u00e9 divertido procurar seus looks s\u00f3 para ver o que ela apronta. Aqui, alguns highlights para voc\u00ea dar umas risadas.<\/span><\/p>\n<p style=\"text-align: justify\"><span style=\"color: #333333\"><img decoding=\"async\" loading=\"lazy\" class=\"aligncenter size-full wp-image-221\" title=\"Picture 9\" src=\"https:\/\/i0.wp.com\/www.agrund.com\/arquivo\/moda\/files\/2010\/09\/Picture-9.png?resize=211%2C319\" alt=\"\" width=\"211\" height=\"319\" data-recalc-dims=\"1\" \/><\/span><\/p>\n<p style=\"text-align: justify\"><span style=\"color: #333333\">Top \u201csou criativa e fiz a meia-cal\u00e7a de blusa\u201d. Quem nunca usou esse truque nos eighties??<\/span><\/p>\n<p style=\"text-align: justify\"><span style=\"color: #333333\"><img decoding=\"async\" loading=\"lazy\" class=\"aligncenter size-full wp-image-233\" title=\"Picture 10\" src=\"https:\/\/i0.wp.com\/www.agrund.com\/arquivo\/moda\/files\/2010\/09\/Picture-10.png?resize=228%2C293\" alt=\"\" width=\"228\" height=\"293\" data-recalc-dims=\"1\" \/><\/span><\/p>\n<p style=\"text-align: justify\"><span style=\"color: #333333\">Visual \u201ca roupa \u00e9 o de menos, quero mostrar que tenho corp\u00e3o\u201d, um cl\u00e1ssico entre as divas.<\/span><\/p>\n<p style=\"text-align: justify\"><span style=\"color: #333333\"><strong>Beyonc\u00e9<\/strong><\/span><\/p>\n<p style=\"text-align: justify\"><span style=\"color: #333333\"><img decoding=\"async\" loading=\"lazy\" class=\"aligncenter size-full wp-image-231\" title=\"Picture 11\" src=\"https:\/\/i0.wp.com\/www.agrund.com\/arquivo\/moda\/files\/2010\/09\/Picture-11.png?resize=248%2C339\" alt=\"\" width=\"248\" height=\"339\" data-recalc-dims=\"1\" \/><\/span><\/p>\n<p style=\"text-align: justify\"><span style=\"color: #333333\">Mergulhou nos 80s de cabe\u00e7a sem medo de molhar o cabelo e estragar a escova. Corajosa.<\/span><\/p>\n<p style=\"text-align: justify\"><span style=\"color: #333333\"><img decoding=\"async\" loading=\"lazy\" class=\"aligncenter size-full wp-image-230\" title=\"Picture 12\" src=\"https:\/\/i0.wp.com\/www.agrund.com\/arquivo\/moda\/files\/2010\/09\/Picture-12.png?resize=296%2C232\" alt=\"\" width=\"296\" height=\"232\" data-recalc-dims=\"1\" \/><\/span><\/p>\n<p style=\"text-align: justify\"><span style=\"color: #333333\">Olha o cetim. A-ca-ba com o corp\u00e3o de qualquer uma. Perfeito para marcar gordurinhas indesejadas at\u00e9 de quem n\u00e3o tem gordurinhas indesejadas&#8230;<\/span><\/p>\n<p style=\"text-align: justify\"><span style=\"color: #333333\"><img decoding=\"async\" loading=\"lazy\" class=\"aligncenter size-full wp-image-232\" title=\"Picture 13\" src=\"https:\/\/i0.wp.com\/www.agrund.com\/arquivo\/moda\/files\/2010\/09\/Picture-13.png?resize=211%2C291\" alt=\"\" width=\"211\" height=\"291\" data-recalc-dims=\"1\" \/><\/span><\/p>\n<p style=\"text-align: justify\"><span style=\"color: #333333\">Mais um hit entre as divas: microvestido colante. At\u00e9 a Beyonc\u00e9 caiu nessa&#8230;<\/span><\/p>\n<p style=\"text-align: justify\"><span style=\"color: #333333\"><strong>Lauryn Hill<\/strong><\/span><\/p>\n<p style=\"text-align: justify\"><span style=\"color: #333333\"><img decoding=\"async\" loading=\"lazy\" class=\"aligncenter size-full wp-image-229\" title=\"Picture 14\" src=\"https:\/\/i0.wp.com\/www.agrund.com\/arquivo\/moda\/files\/2010\/09\/Picture-14.png?resize=293%2C273\" alt=\"\" width=\"293\" height=\"273\" data-recalc-dims=\"1\" \/><\/span><\/p>\n<p style=\"text-align: justify\"><span style=\"color: #333333\">Essa \u00e9 a rainha das divas corajosas e cafonas. Acima, ela ainda\u00a0 estava mais ou menos (pode acreditar, o pior est\u00e1 por vir).<\/span><\/p>\n<p style=\"text-align: justify\"><span style=\"color: #333333\"><img decoding=\"async\" loading=\"lazy\" class=\"aligncenter size-full wp-image-228\" title=\"Picture 15\" src=\"https:\/\/i0.wp.com\/www.agrund.com\/arquivo\/moda\/files\/2010\/09\/Picture-15.png?resize=262%2C413\" alt=\"\" width=\"262\" height=\"413\" data-recalc-dims=\"1\" \/><\/span><\/p>\n<p style=\"text-align: justify\"><span style=\"color: #333333\"><img decoding=\"async\" loading=\"lazy\" class=\"aligncenter size-full wp-image-227\" title=\"Picture 16\" src=\"https:\/\/i0.wp.com\/www.agrund.com\/arquivo\/moda\/files\/2010\/09\/Picture-16.png?resize=273%2C227\" alt=\"\" width=\"273\" height=\"227\" data-recalc-dims=\"1\" \/><\/span><\/p>\n<p style=\"text-align: justify\"><span style=\"color: #333333\">Homeless chic? Palha\u00e7o muito louco? N\u00e3o, \u00e9 a Lauryn Hill em cima do palco. Ainda bem que as musicas s\u00e3o sensacionais, porque sen\u00e3o a gente ia pedir o dinheiro de volta&#8230;<\/span><\/p>\n<p style=\"text-align: justify\"><span style=\"color: #333333\"><strong>Janet Jackson<\/strong><\/span><\/p>\n<p style=\"text-align: justify\"><span style=\"color: #333333\"><img decoding=\"async\" loading=\"lazy\" class=\"aligncenter size-full wp-image-226\" title=\"Picture 17\" src=\"https:\/\/i0.wp.com\/www.agrund.com\/arquivo\/moda\/files\/2010\/09\/Picture-17.png?resize=174%2C283\" alt=\"\" width=\"174\" height=\"283\" data-recalc-dims=\"1\" \/><\/span><\/p>\n<p style=\"text-align: justify\"><span style=\"color: #333333\">????????????<\/span><\/p>\n<p style=\"text-align: justify\"><span style=\"color: #333333\"><img decoding=\"async\" loading=\"lazy\" class=\"aligncenter size-full wp-image-225\" title=\"Picture 18\" src=\"https:\/\/i0.wp.com\/www.agrund.com\/arquivo\/moda\/files\/2010\/09\/Picture-18.png?resize=192%2C262\" alt=\"\" width=\"192\" height=\"262\" data-recalc-dims=\"1\" \/><\/span><\/p>\n<p style=\"text-align: justify\"><span style=\"color: #333333\">?!?!?!?!?!??!?!?!?!?!?!?!?!?!??!?!<\/span><\/p>\n<p style=\"text-align: justify\"><span style=\"color: #333333\"><img decoding=\"async\" loading=\"lazy\" class=\"aligncenter size-full wp-image-224\" title=\"Picture 19\" src=\"https:\/\/i0.wp.com\/www.agrund.com\/arquivo\/moda\/files\/2010\/09\/Picture-19.png?resize=192%2C255\" alt=\"\" width=\"192\" height=\"255\" data-recalc-dims=\"1\" \/><\/span><\/p>\n<p style=\"text-align: justify\"><span style=\"color: #333333\">Tentou fazer uma produ\u00e7\u00e3o boy meets girl, vamos relevar.<\/span><\/p>\n<p style=\"text-align: justify\"><span style=\"color: #333333\">Ainda bem que a profiss\u00e3o delas \u00e9 cantar, n\u00e3o \u00e9? E isso elas fazem muito bem. Falando nisso&#8230;<\/span><\/p>\n<p style=\"text-align: justify\">\n<p style=\"text-align: justify\"><span style=\"color: #333333\"><strong>PARA OUVIR NO IPOD<\/strong><\/span><\/p>\n<p style=\"text-align: justify\"><span style=\"color: #333333\">Britney Spears \u2013 Circus<\/span><\/p>\n<p style=\"text-align: justify\"><span style=\"color: #333333\">Madonna \u2013 Like a Prayer<\/span><\/p>\n<p style=\"text-align: justify\"><span style=\"color: #333333\">Mariah Carey \u2013 Butterfly<\/span><\/p>\n<p style=\"text-align: justify\"><span style=\"color: #333333\">Janet Jackson \u2013 Janet Jackson\u2019s Rythm Nation 1814<\/span><\/p>\n<p style=\"text-align: justify\"><span style=\"color: #333333\">Lauryn Hill \u2013 The Miseducation of Lauryn Hill<\/span><\/p>\n<p style=\"text-align: justify\"><span style=\"color: #333333\">Beyonc\u00e9 \u2013 I Am&#8230; Sasha Fierce<\/span><\/p>\n","protected":false},"excerpt":{"rendered":"<p>As divas da m\u00fasica tamb\u00e9m s\u00e3o divas da moda? A resposta da pergunta acima? N\u00e3o, n\u00e3o e n\u00e3o! Ali\u00e1s, em geral as divas acertam muito mais do que erram e acabam proporcionando momentos t\u00e3o marcantes quanto algumas das suas m\u00fasicas&#8230; Vamos analisar come\u00e7ando por Mariah Carey. Este \u00e9 um belo vestido, tem a simplicidade dos [&hellip;]<\/p>\n","protected":false},"author":8,"featured_media":27486,"comment_status":"open","ping_status":"open","sticky":false,"template":"","format":"standard","meta":{"jetpack_post_was_ever_published":false,"_jetpack_newsletter_access":"","jetpack_publicize_message":"","jetpack_is_tweetstorm":false,"jetpack_publicize_feature_enabled":true,"jetpack_social_post_already_shared":false,"jetpack_social_options":{"image_generator_settings":{"template":"highway","enabled":false}}},"categories":[32],"tags":[],"jetpack_publicize_connections":[],"jetpack_featured_media_url":"","jetpack_sharing_enabled":true,"jetpack_shortlink":"https:\/\/wp.me\/p3Hz0n-6DI","jetpack_likes_enabled":true,"_links":{"self":[{"href":"https:\/\/agrund.com\/index.php\/wp-json\/wp\/v2\/posts\/25526"}],"collection":[{"href":"https:\/\/agrund.com\/index.php\/wp-json\/wp\/v2\/posts"}],"about":[{"href":"https:\/\/agrund.com\/index.php\/wp-json\/wp\/v2\/types\/post"}],"author":[{"embeddable":true,"href":"https:\/\/agrund.com\/index.php\/wp-json\/wp\/v2\/users\/8"}],"replies":[{"embeddable":true,"href":"https:\/\/agrund.com\/index.php\/wp-json\/wp\/v2\/comments?post=25526"}],"version-history":[{"count":0,"href":"https:\/\/agrund.com\/index.php\/wp-json\/wp\/v2\/posts\/25526\/revisions"}],"wp:featuredmedia":[{"embeddable":true,"href":"https:\/\/agrund.com\/index.php\/wp-json\/"}],"wp:attachment":[{"href":"https:\/\/agrund.com\/index.php\/wp-json\/wp\/v2\/media?parent=25526"}],"wp:term":[{"taxonomy":"category","embeddable":true,"href":"https:\/\/agrund.com\/index.php\/wp-json\/wp\/v2\/categories?post=25526"},{"taxonomy":"post_tag","embeddable":true,"href":"https:\/\/agrund.com\/index.php\/wp-json\/wp\/v2\/tags?post=25526"}],"curies":[{"name":"wp","href":"https:\/\/api.w.org\/{rel}","templated":true}]}}