{"id":25518,"date":"2010-08-16T22:48:36","date_gmt":"2010-08-17T01:48:36","guid":{"rendered":"http:\/\/www.agrund.com\/blogs\/moda\/?p=155"},"modified":"2010-08-16T22:48:36","modified_gmt":"2010-08-17T01:48:36","slug":"bon-jovi-trinta-anos-de-ousadia-fashion-2","status":"publish","type":"post","link":"https:\/\/agrund.com\/index.php\/bon-jovi-trinta-anos-de-ousadia-fashion-2\/","title":{"rendered":"Bon Jovi: trinta anos de ousadia fashion"},"content":{"rendered":"<p><a href=\"http:\/\/www.agrund.com\/moda\/2010\/08\/17\/bon-jovi-trinta-anos-de-ousadia-fashion\"><img decoding=\"async\" loading=\"lazy\" class=\"alignleft size-full wp-image-157\" title=\"bonjovi_01\" src=\"https:\/\/i0.wp.com\/www.agrund.com\/arquivo\/moda\/files\/2010\/08\/bonjovi_01.png?resize=221%2C202\" alt=\"\" width=\"221\" height=\"202\" data-recalc-dims=\"1\" \/><\/a>O Bon Jovi acaba de confirmar que far\u00e1 shows no Brasil em outubro e achei a not\u00edcia superoportuna para minha coluna.<\/p>\n<p>Esta \u00e9 uma banda especial para o mundo da moda: formada no in\u00edcio da d\u00e9cada de oitenta, seus integrantes passaram os \u00faltimos trinta anos sendo verdadeiros camale\u00f5es fashion e mudando de estilo de acordo com as tend\u00eancias. E, assim, influenciando milh\u00f5es de pessoas a imitarem seu estilo \u00e0s vezes duvidoso, mas sempre divertido, ousado e exuberante.<\/p>\n<p>Partindo do Bon Jovi, vou falar da moda dos anos 80, 90 e 00, que, ali\u00e1s, est\u00e3o mais atuais do que nunca.<!--more--><\/p>\n<p>No in\u00edcio, o delicinha Jon Bon Jovi e seus amigos entraram na onda glam rock \u2013 important\u00edssima nos eighties \u2013 que apareceu para contradizer a simplicidade agressiva e detonada do punk que reinava no fim dos anos 70. Ou seja: brilho, legging, mix de estampas, cores vibrantes, oncinha, couro\u2026 est\u00e1 soando familiar? Claro. Tudo isso est\u00e1 nas vitrines nesse exato momento.<\/p>\n<p><img decoding=\"async\" loading=\"lazy\" class=\"aligncenter size-full wp-image-164\" title=\"bonjovi_03\" src=\"https:\/\/i0.wp.com\/www.agrund.com\/arquivo\/moda\/files\/2010\/08\/bonjovi_03.png?resize=376%2C244\" alt=\"\" width=\"376\" height=\"244\" data-recalc-dims=\"1\" \/><\/p>\n<p><img decoding=\"async\" loading=\"lazy\" class=\"aligncenter size-full wp-image-159\" title=\"bonjovi_02\" src=\"https:\/\/i0.wp.com\/www.agrund.com\/arquivo\/moda\/files\/2010\/08\/bonjovi_02.png?resize=383%2C288\" alt=\"\" width=\"383\" height=\"288\" data-recalc-dims=\"1\" \/><\/p>\n<p><img decoding=\"async\" loading=\"lazy\" class=\"aligncenter size-full wp-image-162\" title=\"bonjovi_04\" src=\"https:\/\/i0.wp.com\/www.agrund.com\/arquivo\/moda\/files\/2010\/08\/bonjovi_04.png?resize=301%2C301\" alt=\"\" width=\"301\" height=\"301\" data-recalc-dims=\"1\" \/><\/p>\n<p>Quando os anos 90, o grunge e o minimalismo chegaram, os mo\u00e7os resolveu aderir. Tchau cabel\u00e3o, tchau bota de cowboy, tchau regata amarelo marca texto. D\u00e1 um look:<\/p>\n<p><img decoding=\"async\" loading=\"lazy\" class=\"aligncenter size-full wp-image-158\" title=\"bonjovi_05\" src=\"https:\/\/i0.wp.com\/www.agrund.com\/arquivo\/moda\/files\/2010\/08\/bonjovi_05.png?resize=337%2C253\" alt=\"\" width=\"337\" height=\"253\" data-recalc-dims=\"1\" \/><\/p>\n<p><img decoding=\"async\" loading=\"lazy\" class=\"aligncenter size-full wp-image-160\" title=\"bonjovi_06\" src=\"https:\/\/i0.wp.com\/www.agrund.com\/arquivo\/moda\/files\/2010\/08\/bonjovi_06.png?resize=406%2C241\" alt=\"\" width=\"406\" height=\"241\" data-recalc-dims=\"1\" \/><\/p>\n<p><img decoding=\"async\" loading=\"lazy\" class=\"aligncenter size-full wp-image-161\" title=\"bonjovi_07\" src=\"https:\/\/i0.wp.com\/www.agrund.com\/arquivo\/moda\/files\/2010\/08\/bonjovi_07.png?resize=374%2C281\" alt=\"\" width=\"374\" height=\"281\" data-recalc-dims=\"1\" \/><\/p>\n<p>Cores discretas, linhas retas, detalhes zero, eleg\u00e2ncia contida. Tamb\u00e9m est\u00e1 reconhecendo? Arr\u00e3m. O estilo clean a la 90s \u00e9 o novo preto e ainda vai ficar por aqui um bom tempo.<\/p>\n<p>O mil\u00eanio chegou e o Bon Jovi continuou antenado, continuou vendendo milh\u00f5es de discos, mas\u2026 n\u00e3o continuou jovem, \u00e9 claro. E quando a ficha caiu, eles tomaram uma s\u00e1bia decis\u00e3o: estilo cl\u00e1ssico. Com ternos s\u00f3brios e eternos, os roqueiros est\u00e3o kicking ass mais do que nunca!<\/p>\n<p><img decoding=\"async\" loading=\"lazy\" class=\"aligncenter size-full wp-image-156\" title=\"bonjovi_10\" src=\"https:\/\/i0.wp.com\/www.agrund.com\/arquivo\/moda\/files\/2010\/08\/bonjovi_10.png?resize=226%2C226\" alt=\"\" width=\"226\" height=\"226\" data-recalc-dims=\"1\" \/><\/p>\n<p><img decoding=\"async\" loading=\"lazy\" class=\"aligncenter size-full wp-image-163\" title=\"bonjovi_09\" src=\"https:\/\/i0.wp.com\/www.agrund.com\/arquivo\/moda\/files\/2010\/08\/bonjovi_09.png?resize=398%2C195\" alt=\"\" width=\"398\" height=\"195\" data-recalc-dims=\"1\" \/><\/p>\n","protected":false},"excerpt":{"rendered":"<p>O Bon Jovi acaba de confirmar que far\u00e1 shows no Brasil em outubro e achei a not\u00edcia superoportuna para minha coluna. Esta \u00e9 uma banda especial para o mundo da moda: formada no in\u00edcio da d\u00e9cada de oitenta, seus integrantes passaram os \u00faltimos trinta anos sendo verdadeiros camale\u00f5es fashion e mudando de estilo de acordo [&hellip;]<\/p>\n","protected":false},"author":8,"featured_media":27510,"comment_status":"open","ping_status":"open","sticky":false,"template":"","format":"standard","meta":{"jetpack_post_was_ever_published":false,"_jetpack_newsletter_access":"","jetpack_publicize_message":"","jetpack_is_tweetstorm":false,"jetpack_publicize_feature_enabled":true,"jetpack_social_post_already_shared":false,"jetpack_social_options":{"image_generator_settings":{"template":"highway","enabled":false}}},"categories":[32],"tags":[],"jetpack_publicize_connections":[],"jetpack_featured_media_url":"","jetpack_sharing_enabled":true,"jetpack_shortlink":"https:\/\/wp.me\/p3Hz0n-6DA","jetpack_likes_enabled":true,"_links":{"self":[{"href":"https:\/\/agrund.com\/index.php\/wp-json\/wp\/v2\/posts\/25518"}],"collection":[{"href":"https:\/\/agrund.com\/index.php\/wp-json\/wp\/v2\/posts"}],"about":[{"href":"https:\/\/agrund.com\/index.php\/wp-json\/wp\/v2\/types\/post"}],"author":[{"embeddable":true,"href":"https:\/\/agrund.com\/index.php\/wp-json\/wp\/v2\/users\/8"}],"replies":[{"embeddable":true,"href":"https:\/\/agrund.com\/index.php\/wp-json\/wp\/v2\/comments?post=25518"}],"version-history":[{"count":0,"href":"https:\/\/agrund.com\/index.php\/wp-json\/wp\/v2\/posts\/25518\/revisions"}],"wp:featuredmedia":[{"embeddable":true,"href":"https:\/\/agrund.com\/index.php\/wp-json\/"}],"wp:attachment":[{"href":"https:\/\/agrund.com\/index.php\/wp-json\/wp\/v2\/media?parent=25518"}],"wp:term":[{"taxonomy":"category","embeddable":true,"href":"https:\/\/agrund.com\/index.php\/wp-json\/wp\/v2\/categories?post=25518"},{"taxonomy":"post_tag","embeddable":true,"href":"https:\/\/agrund.com\/index.php\/wp-json\/wp\/v2\/tags?post=25518"}],"curies":[{"name":"wp","href":"https:\/\/api.w.org\/{rel}","templated":true}]}}