{"id":25517,"date":"2010-08-11T04:00:23","date_gmt":"2010-08-11T07:00:23","guid":{"rendered":"http:\/\/www.agrund.com\/blogs\/moda\/?p=149"},"modified":"2010-08-11T04:00:23","modified_gmt":"2010-08-11T07:00:23","slug":"britney-spears-estilista-2","status":"publish","type":"post","link":"https:\/\/agrund.com\/index.php\/britney-spears-estilista-2\/","title":{"rendered":"Britney Spears estilista"},"content":{"rendered":"<p>Ap\u00f3s tr\u00eas anos como garota propaganda da marca Candie\u2019s, Britney Spears passa a assinar sua pr\u00f3pria linha de moda feminina.<\/p>\n<p>Mod\u00e9stia a parte, tendo a si mesma como inspira\u00e7\u00e3o, Brita disse que suas cria\u00e7\u00f5es priorizaram conforto, feminilidade e ousadia. As pe\u00e7as est\u00e3o dispon\u00edveis na rede de lojas Kohl\u2019s nos EUA. D\u00e1 um look. <a href=\"http:\/\/www.candies.com\" target=\"_blank\">www.candies.com<\/a> Posh Spice no corpinho das famosas.<\/p>\n<p><a href=\"http:\/\/www.agrund.com\/moda\/2010\/08\/11\/britney-spears-estilista\/\"><img decoding=\"async\" loading=\"lazy\" class=\"aligncenter size-medium wp-image-150\" title=\"Notinha Primeira Semana Fotos2\" src=\"https:\/\/i0.wp.com\/www.agrund.com\/arquivo\/moda\/files\/2010\/08\/Notinha-Primeira-Semana-Fotos2-232x300.jpg?resize=232%2C300\" alt=\"\" width=\"232\" height=\"300\" data-recalc-dims=\"1\" \/><\/a><\/p>\n<p>Pelo visto, o grande hit em Hollywood agora \u00e9 a grife da ex-Spice Girl Victoria Beckham. Um modelito preto &#8211; j\u00e1 desfilado por ela algumas vezes &#8211; \u00e9 um sucesso nos tapetes vermelhos de LA. Quer saber quem j\u00e1 adotou o look da foto, diretamente da cole\u00e7\u00e3o Primavera\/ver\u00e3o 2010? As atrizes Jennifer Hudson e Blake Lively, a Pussycat Doll Nicole Schlerzinger e a cantora Jessica Simpson.<\/p>\n<p><img decoding=\"async\" loading=\"lazy\" class=\"aligncenter size-full wp-image-151\" title=\"Notinha Primeira Semana Fotos5\" src=\"https:\/\/i0.wp.com\/www.agrund.com\/arquivo\/moda\/files\/2010\/08\/Notinha-Primeira-Semana-Fotos5.jpg?resize=400%2C533\" alt=\"\" width=\"400\" height=\"533\" data-recalc-dims=\"1\" \/><\/p>\n","protected":false},"excerpt":{"rendered":"<p>Ap\u00f3s tr\u00eas anos como garota propaganda da marca Candie\u2019s, Britney Spears passa a assinar sua pr\u00f3pria linha de moda feminina. Mod\u00e9stia a parte, tendo a si mesma como inspira\u00e7\u00e3o, Brita disse que suas cria\u00e7\u00f5es priorizaram conforto, feminilidade e ousadia. As pe\u00e7as est\u00e3o dispon\u00edveis na rede de lojas Kohl\u2019s nos EUA. D\u00e1 um look. www.candies.com Posh [&hellip;]<\/p>\n","protected":false},"author":8,"featured_media":27512,"comment_status":"open","ping_status":"open","sticky":false,"template":"","format":"standard","meta":{"jetpack_post_was_ever_published":false,"_jetpack_newsletter_access":"","jetpack_publicize_message":"","jetpack_is_tweetstorm":false,"jetpack_publicize_feature_enabled":true,"jetpack_social_post_already_shared":false,"jetpack_social_options":{"image_generator_settings":{"template":"highway","enabled":false}}},"categories":[32],"tags":[],"jetpack_publicize_connections":[],"jetpack_featured_media_url":"","jetpack_sharing_enabled":true,"jetpack_shortlink":"https:\/\/wp.me\/p3Hz0n-6Dz","jetpack_likes_enabled":true,"_links":{"self":[{"href":"https:\/\/agrund.com\/index.php\/wp-json\/wp\/v2\/posts\/25517"}],"collection":[{"href":"https:\/\/agrund.com\/index.php\/wp-json\/wp\/v2\/posts"}],"about":[{"href":"https:\/\/agrund.com\/index.php\/wp-json\/wp\/v2\/types\/post"}],"author":[{"embeddable":true,"href":"https:\/\/agrund.com\/index.php\/wp-json\/wp\/v2\/users\/8"}],"replies":[{"embeddable":true,"href":"https:\/\/agrund.com\/index.php\/wp-json\/wp\/v2\/comments?post=25517"}],"version-history":[{"count":0,"href":"https:\/\/agrund.com\/index.php\/wp-json\/wp\/v2\/posts\/25517\/revisions"}],"wp:featuredmedia":[{"embeddable":true,"href":"https:\/\/agrund.com\/index.php\/wp-json\/"}],"wp:attachment":[{"href":"https:\/\/agrund.com\/index.php\/wp-json\/wp\/v2\/media?parent=25517"}],"wp:term":[{"taxonomy":"category","embeddable":true,"href":"https:\/\/agrund.com\/index.php\/wp-json\/wp\/v2\/categories?post=25517"},{"taxonomy":"post_tag","embeddable":true,"href":"https:\/\/agrund.com\/index.php\/wp-json\/wp\/v2\/tags?post=25517"}],"curies":[{"name":"wp","href":"https:\/\/api.w.org\/{rel}","templated":true}]}}