{"id":25093,"date":"2011-06-22T14:15:36","date_gmt":"2011-06-22T14:15:36","guid":{"rendered":"http:\/\/www.agrund.com\/blogs\/desfiles\/?p=11204"},"modified":"2011-06-22T14:15:36","modified_gmt":"2011-06-22T14:15:36","slug":"dg","status":"publish","type":"post","link":"https:\/\/agrund.com\/index.php\/dg\/","title":{"rendered":"D&amp;G"},"content":{"rendered":"<p><span>Quando voc\u00ea pensar em len\u00e7o, o que vem a sua cabe\u00e7a? Calma! Se voc\u00ea olhar od esfile da marac D&amp;G vai ver que muita coisa pode aparecer de um len\u00e7o. Menos amarra-l\u00f3 no pesco\u00e7o. Foi assim que a dupla Domenico Dolce e Stefano Gabbana apresentou a cole\u00e7\u00e3o de sua segunda marca. Uma overdose de len\u00e7os, mas custurados e formando um lindo patchwork. Os len\u00e7os foram vistos nas cal\u00e7as, bermudas, blazers, shorts, e o melhor&#8230; Mixado com um jeans super clarinho deixa o look bem atual e com cara de D&amp;G Boys! Os mocassins extermamente confort\u00e1veis s\u00f3 de ver na passarela! Confira um pouco de belocasting da marca D&amp;G.<\/span><\/p>\n<p style=\"text-align: center\"><span><img decoding=\"async\" loading=\"lazy\" class=\"aligncenter size-full wp-image-11205\" src=\"https:\/\/i0.wp.com\/www.agrund.com\/arquivo\/desfiles\/files\/2011\/06\/14.jpg?resize=320%2C480\" alt=\"\" width=\"320\" height=\"480\" data-recalc-dims=\"1\" \/><\/span><\/p>\n<p style=\"text-align: center\"><span><img decoding=\"async\" loading=\"lazy\" class=\"aligncenter size-full wp-image-11206\" src=\"https:\/\/i0.wp.com\/www.agrund.com\/arquivo\/desfiles\/files\/2011\/06\/23.jpg?resize=320%2C480\" alt=\"\" width=\"320\" height=\"480\" data-recalc-dims=\"1\" \/><\/span><\/p>\n<p style=\"text-align: center\"><span><img decoding=\"async\" loading=\"lazy\" class=\"aligncenter size-full wp-image-11207\" src=\"https:\/\/i0.wp.com\/www.agrund.com\/arquivo\/desfiles\/files\/2011\/06\/33.jpg?resize=320%2C480\" alt=\"\" width=\"320\" height=\"480\" data-recalc-dims=\"1\" \/><\/span><\/p>\n<p style=\"text-align: center\"><span><img decoding=\"async\" loading=\"lazy\" class=\"aligncenter size-full wp-image-11208\" src=\"https:\/\/i0.wp.com\/www.agrund.com\/arquivo\/desfiles\/files\/2011\/06\/43.jpg?resize=320%2C480\" alt=\"\" width=\"320\" height=\"480\" data-recalc-dims=\"1\" \/><\/span><\/p>\n<p style=\"text-align: center\"><span><img decoding=\"async\" loading=\"lazy\" class=\"aligncenter size-full wp-image-11209\" src=\"https:\/\/i0.wp.com\/www.agrund.com\/arquivo\/desfiles\/files\/2011\/06\/53.jpg?resize=320%2C480\" alt=\"\" width=\"320\" height=\"480\" data-recalc-dims=\"1\" \/><\/span><\/p>\n<p style=\"text-align: center\"><span><img decoding=\"async\" loading=\"lazy\" class=\"aligncenter size-full wp-image-11210\" src=\"https:\/\/i0.wp.com\/www.agrund.com\/arquivo\/desfiles\/files\/2011\/06\/63.jpg?resize=320%2C480\" alt=\"\" width=\"320\" height=\"480\" data-recalc-dims=\"1\" \/><br \/>\n<\/span><\/p>\n","protected":false},"excerpt":{"rendered":"<p>Quando voc\u00ea pensar em len\u00e7o, o que vem a sua cabe\u00e7a? Calma! Se voc\u00ea olhar od esfile da marac D&amp;G vai ver que muita coisa pode aparecer de um len\u00e7o. Menos amarra-l\u00f3 no pesco\u00e7o. Foi assim que a dupla Domenico Dolce e Stefano Gabbana apresentou a cole\u00e7\u00e3o de sua segunda marca. Uma overdose de len\u00e7os, [&hellip;]<\/p>\n","protected":false},"author":8,"featured_media":27341,"comment_status":"open","ping_status":"open","sticky":false,"template":"","format":"standard","meta":{"jetpack_post_was_ever_published":false,"_jetpack_newsletter_access":"","jetpack_publicize_message":"","jetpack_is_tweetstorm":false,"jetpack_publicize_feature_enabled":true,"jetpack_social_post_already_shared":false,"jetpack_social_options":{"image_generator_settings":{"template":"highway","enabled":false}}},"categories":[21],"tags":[169,200,201,202],"jetpack_publicize_connections":[],"jetpack_featured_media_url":"","jetpack_sharing_enabled":true,"jetpack_shortlink":"https:\/\/wp.me\/s3Hz0n-dg","jetpack_likes_enabled":true,"_links":{"self":[{"href":"https:\/\/agrund.com\/index.php\/wp-json\/wp\/v2\/posts\/25093"}],"collection":[{"href":"https:\/\/agrund.com\/index.php\/wp-json\/wp\/v2\/posts"}],"about":[{"href":"https:\/\/agrund.com\/index.php\/wp-json\/wp\/v2\/types\/post"}],"author":[{"embeddable":true,"href":"https:\/\/agrund.com\/index.php\/wp-json\/wp\/v2\/users\/8"}],"replies":[{"embeddable":true,"href":"https:\/\/agrund.com\/index.php\/wp-json\/wp\/v2\/comments?post=25093"}],"version-history":[{"count":0,"href":"https:\/\/agrund.com\/index.php\/wp-json\/wp\/v2\/posts\/25093\/revisions"}],"wp:featuredmedia":[{"embeddable":true,"href":"https:\/\/agrund.com\/index.php\/wp-json\/"}],"wp:attachment":[{"href":"https:\/\/agrund.com\/index.php\/wp-json\/wp\/v2\/media?parent=25093"}],"wp:term":[{"taxonomy":"category","embeddable":true,"href":"https:\/\/agrund.com\/index.php\/wp-json\/wp\/v2\/categories?post=25093"},{"taxonomy":"post_tag","embeddable":true,"href":"https:\/\/agrund.com\/index.php\/wp-json\/wp\/v2\/tags?post=25093"}],"curies":[{"name":"wp","href":"https:\/\/api.w.org\/{rel}","templated":true}]}}