{"id":24324,"date":"2012-03-07T17:27:39","date_gmt":"2012-03-07T20:27:39","guid":{"rendered":"http:\/\/www.agrund.com\/blogs\/notas\/?p=22992"},"modified":"2012-03-07T17:27:39","modified_gmt":"2012-03-07T20:27:39","slug":"louis-vuitton-inverno-2013","status":"publish","type":"post","link":"https:\/\/agrund.com\/index.php\/louis-vuitton-inverno-2013\/","title":{"rendered":"Louis Vuitton Inverno 2013"},"content":{"rendered":"<p>Com uma locomotiva \u00e1 todo vapor e muitas malas, Marc Jacobs apresentou a cole\u00e7\u00e3o da Louis Vuitton na semana de moda de Paris. A moda antiga, as modelos desembarcavam com seus carregadores transportando suas bagagens. Em silhueta alongada e sobreposi\u00e7\u00f5es de &#8220;babar&#8221;. O destaque ficou para o trabalho deslumbrante de patchwork em couro e os chap\u00e9us com cara de amassado. Em entrevista p\u00f3s-show a bordo do trem, Marc disse: &#8220;\u00c9 apenas uma viagem&#8221;<\/p>\n<p><a href=\"https:\/\/i0.wp.com\/www.agrund.com\/wp-content\/uploads\/2012\/03\/v61.jpg\"><img decoding=\"async\" loading=\"lazy\" class=\"aligncenter size-full wp-image-25611\" title=\"v6\" src=\"https:\/\/i0.wp.com\/www.agrund.com\/wp-content\/uploads\/2012\/03\/v61.jpg?resize=320%2C480\" alt=\"\" width=\"320\" height=\"480\" data-recalc-dims=\"1\" \/><br \/>\n<\/a><a href=\"https:\/\/i0.wp.com\/www.agrund.com\/wp-content\/uploads\/2012\/03\/v-31.jpg\"><img decoding=\"async\" loading=\"lazy\" class=\"aligncenter size-full wp-image-25610\" title=\"v 3\" src=\"https:\/\/i0.wp.com\/www.agrund.com\/wp-content\/uploads\/2012\/03\/v-31.jpg?resize=320%2C480\" alt=\"\" width=\"320\" height=\"480\" data-recalc-dims=\"1\" \/><br \/>\n<\/a><a href=\"https:\/\/i0.wp.com\/www.agrund.com\/wp-content\/uploads\/2012\/03\/v-21.jpg\"><img decoding=\"async\" loading=\"lazy\" class=\"aligncenter size-full wp-image-25609\" title=\"v 2\" src=\"https:\/\/i0.wp.com\/www.agrund.com\/wp-content\/uploads\/2012\/03\/v-21.jpg?resize=320%2C480\" alt=\"\" width=\"320\" height=\"480\" data-recalc-dims=\"1\" \/><br \/>\n<\/a><a href=\"https:\/\/i0.wp.com\/www.agrund.com\/wp-content\/uploads\/2012\/03\/v6.jpg\"><img decoding=\"async\" loading=\"lazy\" class=\"aligncenter size-full wp-image-24321\" title=\"v6\" src=\"https:\/\/i0.wp.com\/www.agrund.com\/wp-content\/uploads\/2012\/03\/v6.jpg?resize=320%2C480\" alt=\"\" width=\"320\" height=\"480\" data-recalc-dims=\"1\" \/><br \/>\n<\/a><a href=\"https:\/\/i0.wp.com\/www.agrund.com\/wp-content\/uploads\/2012\/03\/v-3.jpg\"><img decoding=\"async\" loading=\"lazy\" class=\"aligncenter size-full wp-image-24320\" title=\"v 3\" src=\"https:\/\/i0.wp.com\/www.agrund.com\/wp-content\/uploads\/2012\/03\/v-3.jpg?resize=320%2C480\" alt=\"\" width=\"320\" height=\"480\" data-recalc-dims=\"1\" \/><br \/>\n<\/a><a href=\"https:\/\/i0.wp.com\/www.agrund.com\/wp-content\/uploads\/2012\/03\/v-2.jpg\"><img decoding=\"async\" loading=\"lazy\" class=\"aligncenter size-full wp-image-24319\" title=\"v 2\" src=\"https:\/\/i0.wp.com\/www.agrund.com\/wp-content\/uploads\/2012\/03\/v-2.jpg?resize=320%2C480\" alt=\"\" width=\"320\" height=\"480\" data-recalc-dims=\"1\" \/><\/a><\/p>\n<p>&nbsp;<\/p>\n<p>Imagem: Reprodu\u00e7\u00e3o.<\/p>\n","protected":false},"excerpt":{"rendered":"<p>Com uma locomotiva \u00e1 todo vapor e muitas malas, Marc Jacobs apresentou a cole\u00e7\u00e3o da Louis Vuitton na semana de moda de Paris. A moda antiga, as modelos desembarcavam com seus carregadores transportando suas bagagens. Em silhueta alongada e sobreposi\u00e7\u00f5es de &#8220;babar&#8221;. O destaque ficou para o trabalho deslumbrante de patchwork em couro e os [&hellip;]<\/p>\n","protected":false},"author":8,"featured_media":26444,"comment_status":"open","ping_status":"open","sticky":false,"template":"","format":"standard","meta":{"jetpack_post_was_ever_published":false,"_jetpack_newsletter_access":"","jetpack_publicize_message":"","jetpack_is_tweetstorm":false,"jetpack_publicize_feature_enabled":true,"jetpack_social_post_already_shared":false,"jetpack_social_options":{"image_generator_settings":{"template":"highway","enabled":false}}},"categories":[2],"tags":[],"jetpack_publicize_connections":[],"jetpack_featured_media_url":"","jetpack_sharing_enabled":true,"jetpack_shortlink":"https:\/\/wp.me\/p3Hz0n-6kk","jetpack_likes_enabled":true,"_links":{"self":[{"href":"https:\/\/agrund.com\/index.php\/wp-json\/wp\/v2\/posts\/24324"}],"collection":[{"href":"https:\/\/agrund.com\/index.php\/wp-json\/wp\/v2\/posts"}],"about":[{"href":"https:\/\/agrund.com\/index.php\/wp-json\/wp\/v2\/types\/post"}],"author":[{"embeddable":true,"href":"https:\/\/agrund.com\/index.php\/wp-json\/wp\/v2\/users\/8"}],"replies":[{"embeddable":true,"href":"https:\/\/agrund.com\/index.php\/wp-json\/wp\/v2\/comments?post=24324"}],"version-history":[{"count":0,"href":"https:\/\/agrund.com\/index.php\/wp-json\/wp\/v2\/posts\/24324\/revisions"}],"wp:featuredmedia":[{"embeddable":true,"href":"https:\/\/agrund.com\/index.php\/wp-json\/"}],"wp:attachment":[{"href":"https:\/\/agrund.com\/index.php\/wp-json\/wp\/v2\/media?parent=24324"}],"wp:term":[{"taxonomy":"category","embeddable":true,"href":"https:\/\/agrund.com\/index.php\/wp-json\/wp\/v2\/categories?post=24324"},{"taxonomy":"post_tag","embeddable":true,"href":"https:\/\/agrund.com\/index.php\/wp-json\/wp\/v2\/tags?post=24324"}],"curies":[{"name":"wp","href":"https:\/\/api.w.org\/{rel}","templated":true}]}}