{"id":239804,"date":"2026-08-31T17:00:00","date_gmt":"2026-08-31T20:00:00","guid":{"rendered":"https:\/\/agrund.com\/?p=239804"},"modified":"2026-08-31T17:47:29","modified_gmt":"2026-08-31T20:47:29","slug":"editorial-de-beleza-quebrando-regras","status":"publish","type":"post","link":"https:\/\/agrund.com\/index.php\/editorial-de-beleza-quebrando-regras\/","title":{"rendered":"Editorial de Beleza :: Quebrando regras"},"content":{"rendered":"\n<p>Por Marcos Costa<\/p>\n\n\n\n<p>Durante muito tempo, mulheres com mais de 50 anos&nbsp;foram orientadas a evitar brilho, tra\u00e7os marcados e&nbsp;determinadas texturas na maquiagem sob o argumento de<br>que poderiam \u201cressaltar as rugas\u201d.<\/p>\n\n\n\n<p>Eu sempre gostei de quebrar regras. A maquiagem n\u00e3o deveria ser usada para esconder a idade, mas para revelar a mulher que existe em cada fase da vida. Brilho, cor, delineador, batom, pele natural ou uma produ\u00e7\u00e3o mais elaborada: tudo pode.<\/p>\n\n\n\n<p>A melhor maquiagem \u00e9 aquela que respeita o estilo de&nbsp;cada mulher e, principalmente, d\u00e1 vontade de se olhar no&nbsp;espelho e gostar do que v\u00ea. Porque beleza n\u00e3o tem prazo de validade. E, aos 50, 60, 70 ou em qualquer idade, a gente pode \u2014 e deve \u2014 continuar experimentando.<\/p>\n\n\n<div class=\"wp-block-image\">\n<figure class=\"aligncenter size-full\"><img data-attachment-id=\"239805\" data-permalink=\"https:\/\/agrund.com\/index.php\/editorial-de-beleza-quebrando-regras\/foto-1-grazi\/\" data-orig-file=\"https:\/\/i0.wp.com\/agrund.com\/wp-content\/uploads\/sites\/6\/2026\/08\/Foto-1-Grazi.jpg?fit=800%2C1000&amp;ssl=1\" data-orig-size=\"800,1000\" data-comments-opened=\"1\" data-image-meta=\"{&quot;aperture&quot;:&quot;5&quot;,&quot;credit&quot;:&quot;DANILO APOENA&quot;,&quot;camera&quot;:&quot;X-T5&quot;,&quot;caption&quot;:&quot;&quot;,&quot;created_timestamp&quot;:&quot;1787346079&quot;,&quot;copyright&quot;:&quot;&quot;,&quot;focal_length&quot;:&quot;56&quot;,&quot;iso&quot;:&quot;125&quot;,&quot;shutter_speed&quot;:&quot;0.005&quot;,&quot;title&quot;:&quot;&quot;,&quot;orientation&quot;:&quot;1&quot;}\" data-image-title=\"Foto-1-Grazi\" data-image-description=\"\" data-image-caption=\"\" data-medium-file=\"https:\/\/i0.wp.com\/agrund.com\/wp-content\/uploads\/sites\/6\/2026\/08\/Foto-1-Grazi.jpg?fit=240%2C300&amp;ssl=1\" data-large-file=\"https:\/\/i0.wp.com\/agrund.com\/wp-content\/uploads\/sites\/6\/2026\/08\/Foto-1-Grazi.jpg?fit=800%2C1000&amp;ssl=1\" decoding=\"async\" loading=\"lazy\" width=\"800\" height=\"1000\" src=\"https:\/\/i0.wp.com\/agrund.com\/wp-content\/uploads\/sites\/6\/2026\/08\/Foto-1-Grazi.jpg?resize=800%2C1000&#038;ssl=1\" alt=\"\" class=\"wp-image-239805\" srcset=\"https:\/\/i0.wp.com\/agrund.com\/wp-content\/uploads\/sites\/6\/2026\/08\/Foto-1-Grazi.jpg?w=800&amp;ssl=1 800w, https:\/\/i0.wp.com\/agrund.com\/wp-content\/uploads\/sites\/6\/2026\/08\/Foto-1-Grazi.jpg?resize=240%2C300&amp;ssl=1 240w\" sizes=\"(max-width: 800px) 100vw, 800px\" data-recalc-dims=\"1\" \/><figcaption class=\"wp-element-caption\">Foto: Danilo Apoena<\/figcaption><\/figure><\/div>\n\n\n<p>Graziela De Vita tem um estilo moderno e despojado.&nbsp;Prefere uma maquiagem natural, mas, de vez em quando, gosta de experimentar um detalhe mais marcante.<br>Para ela, preparei a pele com uma base bem leve e&nbsp;dispensei o p\u00f3. O destaque ficou por conta de um&nbsp;delineador marcante, desenhado em forma de tri\u00e2ngulo<br>nos cantos externos dos olhos. Sim, ela pode \u2014 e pode&nbsp;muito!<\/p>\n\n\n\n<p>Nos c\u00edlios superiores, apliquei suavemente uma m\u00e1scara&nbsp;preta alongadora, deixando todo o protagonismo para o tra\u00e7ado. Nas ma\u00e7\u00e3s do rosto, um toque de blush rosa. Para<br>finalizar, gloss coral nos l\u00e1bios.<\/p>\n\n\n<div class=\"wp-block-image\">\n<figure class=\"aligncenter size-full\"><img data-attachment-id=\"239808\" data-permalink=\"https:\/\/agrund.com\/index.php\/editorial-de-beleza-quebrando-regras\/foto-2-maiza-1\/\" data-orig-file=\"https:\/\/i0.wp.com\/agrund.com\/wp-content\/uploads\/sites\/6\/2026\/08\/Foto-2-Maiza-1.jpg?fit=800%2C1000&amp;ssl=1\" data-orig-size=\"800,1000\" data-comments-opened=\"1\" data-image-meta=\"{&quot;aperture&quot;:&quot;5&quot;,&quot;credit&quot;:&quot;DANILO APOENA&quot;,&quot;camera&quot;:&quot;X-T5&quot;,&quot;caption&quot;:&quot;&quot;,&quot;created_timestamp&quot;:&quot;1787340436&quot;,&quot;copyright&quot;:&quot;&quot;,&quot;focal_length&quot;:&quot;56&quot;,&quot;iso&quot;:&quot;125&quot;,&quot;shutter_speed&quot;:&quot;0.005&quot;,&quot;title&quot;:&quot;&quot;,&quot;orientation&quot;:&quot;1&quot;}\" data-image-title=\"Foto-2-Maiza-1\" data-image-description=\"\" data-image-caption=\"\" data-medium-file=\"https:\/\/i0.wp.com\/agrund.com\/wp-content\/uploads\/sites\/6\/2026\/08\/Foto-2-Maiza-1.jpg?fit=240%2C300&amp;ssl=1\" data-large-file=\"https:\/\/i0.wp.com\/agrund.com\/wp-content\/uploads\/sites\/6\/2026\/08\/Foto-2-Maiza-1.jpg?fit=800%2C1000&amp;ssl=1\" decoding=\"async\" loading=\"lazy\" width=\"800\" height=\"1000\" src=\"https:\/\/i0.wp.com\/agrund.com\/wp-content\/uploads\/sites\/6\/2026\/08\/Foto-2-Maiza-1.jpg?resize=800%2C1000&#038;ssl=1\" alt=\"\" class=\"wp-image-239808\" srcset=\"https:\/\/i0.wp.com\/agrund.com\/wp-content\/uploads\/sites\/6\/2026\/08\/Foto-2-Maiza-1.jpg?w=800&amp;ssl=1 800w, https:\/\/i0.wp.com\/agrund.com\/wp-content\/uploads\/sites\/6\/2026\/08\/Foto-2-Maiza-1.jpg?resize=240%2C300&amp;ssl=1 240w\" sizes=\"(max-width: 800px) 100vw, 800px\" data-recalc-dims=\"1\" \/><figcaption class=\"wp-element-caption\">Foto: Danilo Apoena<\/figcaption><\/figure><\/div>\n\n\n<p>A energia vibrante de Maiza Moreira me inspirou a&nbsp;apostar em uma cor que fica linda em diferentes tons de&nbsp;pele: o azul. E, al\u00e9m de tudo, a tonalidade promete ganhar<br>ainda mais espa\u00e7o na pr\u00f3xima temporada.<br>Preparei a pele com base e uma pequena quantidade de p\u00f3.&nbsp;Depois, esfumei uma sombra azul em toda a p\u00e1lpebra&nbsp;superior e fiz um tra\u00e7o com um l\u00e1pis da mesma cor rente<br>aos c\u00edlios inferiores.<br>Nos c\u00edlios, usei apenas uma m\u00e1scara incolor, para pentear&nbsp;e definir. Nas ma\u00e7\u00e3s, um blush uva aplicado suavemente.&nbsp;<br>Nos l\u00e1bios, um balm marrom transparente completou o&nbsp;look.<\/p>\n\n\n<div class=\"wp-block-image\">\n<figure class=\"aligncenter size-full\"><img data-attachment-id=\"239810\" data-permalink=\"https:\/\/agrund.com\/index.php\/editorial-de-beleza-quebrando-regras\/foto-3-vita\/\" data-orig-file=\"https:\/\/i0.wp.com\/agrund.com\/wp-content\/uploads\/sites\/6\/2026\/08\/Foto-3-Vita.jpg?fit=800%2C1000&amp;ssl=1\" data-orig-size=\"800,1000\" data-comments-opened=\"1\" data-image-meta=\"{&quot;aperture&quot;:&quot;5&quot;,&quot;credit&quot;:&quot;&quot;,&quot;camera&quot;:&quot;X-T2&quot;,&quot;caption&quot;:&quot;&quot;,&quot;created_timestamp&quot;:&quot;1559839531&quot;,&quot;copyright&quot;:&quot;&quot;,&quot;focal_length&quot;:&quot;55&quot;,&quot;iso&quot;:&quot;200&quot;,&quot;shutter_speed&quot;:&quot;0.005&quot;,&quot;title&quot;:&quot;&quot;,&quot;orientation&quot;:&quot;1&quot;}\" data-image-title=\"Foto-3-Vita\" data-image-description=\"\" data-image-caption=\"\" data-medium-file=\"https:\/\/i0.wp.com\/agrund.com\/wp-content\/uploads\/sites\/6\/2026\/08\/Foto-3-Vita.jpg?fit=240%2C300&amp;ssl=1\" data-large-file=\"https:\/\/i0.wp.com\/agrund.com\/wp-content\/uploads\/sites\/6\/2026\/08\/Foto-3-Vita.jpg?fit=800%2C1000&amp;ssl=1\" decoding=\"async\" loading=\"lazy\" width=\"800\" height=\"1000\" src=\"https:\/\/i0.wp.com\/agrund.com\/wp-content\/uploads\/sites\/6\/2026\/08\/Foto-3-Vita.jpg?resize=800%2C1000&#038;ssl=1\" alt=\"\" class=\"wp-image-239810\" srcset=\"https:\/\/i0.wp.com\/agrund.com\/wp-content\/uploads\/sites\/6\/2026\/08\/Foto-3-Vita.jpg?w=800&amp;ssl=1 800w, https:\/\/i0.wp.com\/agrund.com\/wp-content\/uploads\/sites\/6\/2026\/08\/Foto-3-Vita.jpg?resize=240%2C300&amp;ssl=1 240w\" sizes=\"(max-width: 800px) 100vw, 800px\" data-recalc-dims=\"1\" \/><figcaption class=\"wp-element-caption\">Foto: Danilo Apoena<\/figcaption><\/figure><\/div>\n\n\n<p>Camaleoa, Vita Christoffel tem um estilo vers\u00e1til e adora uma boa paleta de cores. Para ela, escolhi um mix de lil\u00e1s e coral, combina\u00e7\u00e3o que cria um contraste lindo com a pele bronzeada e a tonalidade dos cabelos. Nos olhos, esfumei uma sombra lil\u00e1s-clara por toda a p\u00e1lpebra m\u00f3vel e dei uma leve pincelada rente aos c\u00edlios inferiores. Finalizei com m\u00e1scara preta de volume. Nas bochechas, blush coral. Nos l\u00e1bios, batom rosa-nude. Para uniformizar a pele, usei uma base em bast\u00e3o, aplicada apenas nos pontos que precisavam de pequenas corre\u00e7\u00f5es. A ideia foi preservar a naturalidade e deixar a pele ainda mais vi\u00e7osa.<\/p>\n\n\n<div class=\"wp-block-image\">\n<figure class=\"aligncenter size-full\"><img data-attachment-id=\"239812\" data-permalink=\"https:\/\/agrund.com\/index.php\/editorial-de-beleza-quebrando-regras\/foto-4-rosa\/\" data-orig-file=\"https:\/\/i0.wp.com\/agrund.com\/wp-content\/uploads\/sites\/6\/2026\/08\/Foto-4-Rosa.jpg?fit=800%2C1000&amp;ssl=1\" data-orig-size=\"800,1000\" data-comments-opened=\"1\" data-image-meta=\"{&quot;aperture&quot;:&quot;1.6&quot;,&quot;credit&quot;:&quot;&quot;,&quot;camera&quot;:&quot;iPhone 12 Pro&quot;,&quot;caption&quot;:&quot;&quot;,&quot;created_timestamp&quot;:&quot;1668967402&quot;,&quot;copyright&quot;:&quot;&quot;,&quot;focal_length&quot;:&quot;4.2&quot;,&quot;iso&quot;:&quot;800&quot;,&quot;shutter_speed&quot;:&quot;0.066666666666667&quot;,&quot;title&quot;:&quot;&quot;,&quot;orientation&quot;:&quot;1&quot;}\" data-image-title=\"Foto-4-Rosa\" data-image-description=\"\" data-image-caption=\"\" data-medium-file=\"https:\/\/i0.wp.com\/agrund.com\/wp-content\/uploads\/sites\/6\/2026\/08\/Foto-4-Rosa.jpg?fit=240%2C300&amp;ssl=1\" data-large-file=\"https:\/\/i0.wp.com\/agrund.com\/wp-content\/uploads\/sites\/6\/2026\/08\/Foto-4-Rosa.jpg?fit=800%2C1000&amp;ssl=1\" decoding=\"async\" loading=\"lazy\" width=\"800\" height=\"1000\" src=\"https:\/\/i0.wp.com\/agrund.com\/wp-content\/uploads\/sites\/6\/2026\/08\/Foto-4-Rosa.jpg?resize=800%2C1000&#038;ssl=1\" alt=\"\" class=\"wp-image-239812\" srcset=\"https:\/\/i0.wp.com\/agrund.com\/wp-content\/uploads\/sites\/6\/2026\/08\/Foto-4-Rosa.jpg?w=800&amp;ssl=1 800w, https:\/\/i0.wp.com\/agrund.com\/wp-content\/uploads\/sites\/6\/2026\/08\/Foto-4-Rosa.jpg?resize=240%2C300&amp;ssl=1 240w\" sizes=\"(max-width: 800px) 100vw, 800px\" data-recalc-dims=\"1\" \/><figcaption class=\"wp-element-caption\">Foto: Danilo Apoena<\/figcaption><\/figure><\/div>\n\n\n<p>Rosa Saito tem uma beleza \u00fanica e n\u00e3o abre m\u00e3o de se jogar no brilho \u2014 e por que deveria? Na pele, espalhei uma base hidratante e n\u00e3o usei p\u00f3. Nos olhos, apliquei um pigmento prateado. Sim, ela pode usar brilho na maquiagem \u2014 e o resultado ficou incr\u00edvel! Para criar contraste com o prateado, contornei todo o olhar com l\u00e1pis kajal preto. Nas ma\u00e7\u00e3s, apliquei um blush bronze. E, nos l\u00e1bios, usei apenas um l\u00e1pis de contorno para preencher toda a boca, sem batom.<\/p>\n\n\n\n<p>Modelos: Graziela De Vita @grazi21 \u2013 Maiza Moreira<br>@raiz_do_corpo \u2013 Vita Christoffel @vita50mais e Rosa Saito<br>@rosa.saito<br>Fotos: @daniloapoena Danilo Apoena<br>Cria\u00e7\u00e3o e beleza: @realmarcoscosta Marcos Costa<br>Cabelo: J\u00fanior Mesquita @juniormesquita0<br>Produtos usados: Sheglam \u2013 Mac cosmetics &#8211; Dior e O Botic\u00e1rio<br>P\u00f3s-produ\u00e7\u00e3o: Fujocka<br>Ag\u00eancia de modelos: @playagencybr<\/p>\n","protected":false},"excerpt":{"rendered":"<p>Por Marcos Costa Durante muito tempo, mulheres com mais de 50 anos&nbsp;foram orientadas a evitar brilho, tra\u00e7os marcados e&nbsp;determinadas texturas na maquiagem sob o argumento deque poderiam \u201cressaltar as rugas\u201d. Eu sempre gostei de quebrar regras. A maquiagem n\u00e3o deveria ser usada para esconder a idade, mas para revelar a mulher que existe em cada [&hellip;]<\/p>\n","protected":false},"author":8,"featured_media":239814,"comment_status":"open","ping_status":"open","sticky":false,"template":"","format":"standard","meta":{"jetpack_post_was_ever_published":false,"_jetpack_newsletter_access":"","jetpack_publicize_message":"","jetpack_is_tweetstorm":false,"jetpack_publicize_feature_enabled":true,"jetpack_social_post_already_shared":true,"jetpack_social_options":{"image_generator_settings":{"template":"highway","enabled":false}}},"categories":[2],"tags":[],"jetpack_publicize_connections":[],"jetpack_featured_media_url":"https:\/\/i0.wp.com\/agrund.com\/wp-content\/uploads\/sites\/6\/2026\/08\/s-12.jpg?fit=960%2C300&ssl=1","jetpack_sharing_enabled":true,"jetpack_shortlink":"https:\/\/wp.me\/p3Hz0n-10nO","jetpack_likes_enabled":true,"_links":{"self":[{"href":"https:\/\/agrund.com\/index.php\/wp-json\/wp\/v2\/posts\/239804"}],"collection":[{"href":"https:\/\/agrund.com\/index.php\/wp-json\/wp\/v2\/posts"}],"about":[{"href":"https:\/\/agrund.com\/index.php\/wp-json\/wp\/v2\/types\/post"}],"author":[{"embeddable":true,"href":"https:\/\/agrund.com\/index.php\/wp-json\/wp\/v2\/users\/8"}],"replies":[{"embeddable":true,"href":"https:\/\/agrund.com\/index.php\/wp-json\/wp\/v2\/comments?post=239804"}],"version-history":[{"count":4,"href":"https:\/\/agrund.com\/index.php\/wp-json\/wp\/v2\/posts\/239804\/revisions"}],"predecessor-version":[{"id":239816,"href":"https:\/\/agrund.com\/index.php\/wp-json\/wp\/v2\/posts\/239804\/revisions\/239816"}],"wp:featuredmedia":[{"embeddable":true,"href":"https:\/\/agrund.com\/index.php\/wp-json\/wp\/v2\/media\/239814"}],"wp:attachment":[{"href":"https:\/\/agrund.com\/index.php\/wp-json\/wp\/v2\/media?parent=239804"}],"wp:term":[{"taxonomy":"category","embeddable":true,"href":"https:\/\/agrund.com\/index.php\/wp-json\/wp\/v2\/categories?post=239804"},{"taxonomy":"post_tag","embeddable":true,"href":"https:\/\/agrund.com\/index.php\/wp-json\/wp\/v2\/tags?post=239804"}],"curies":[{"name":"wp","href":"https:\/\/api.w.org\/{rel}","templated":true}]}}