{"id":239349,"date":"2026-04-30T17:00:00","date_gmt":"2026-04-30T20:00:00","guid":{"rendered":"https:\/\/agrund.com\/?p=239349"},"modified":"2026-04-30T19:26:00","modified_gmt":"2026-04-30T22:26:00","slug":"ronaldo-fraga-ocupa-a-avenida-paulista-com-exposicao-sobre-o-trabalhador-brasileiro","status":"publish","type":"post","link":"https:\/\/agrund.com\/index.php\/ronaldo-fraga-ocupa-a-avenida-paulista-com-exposicao-sobre-o-trabalhador-brasileiro\/","title":{"rendered":"Ronaldo Fraga ocupa a Avenida Paulista com exposi\u00e7\u00e3o sobre o trabalhador brasileiro"},"content":{"rendered":"\n<p>Entre os dias 1\u00ba e 31 de maio, a ciclovia da Avenida Paulista se transforma em uma galeria a c\u00e9u aberto com a Exposi\u00e7\u00e3o UGT da Paulista 2026. A mostra ocupa o trecho entre a Rua Augusta e a Alameda Campinas e apresenta 30 pain\u00e9is criados por Ronaldo Fraga, reunidos sob o t\u00edtulo \u201cConquistas: Lutas e Vit\u00f3rias do Trabalhador Brasileiro\u201d.<\/p>\n\n\n\n<p>Inspiradas no cl\u00e1ssico Metr\u00f3polis, de Fritz Lang, as obras revisitam a rela\u00e7\u00e3o entre homem e m\u00e1quina a partir de uma perspectiva contempor\u00e2nea e brasileira. A linguagem visual mistura refer\u00eancias de HQ e do Art D\u00e9co para criar uma cidade que, ao mesmo tempo, parece imaginada e familiar, marcada por engrenagens, arranha-c\u00e9us e, principalmente, pelas pessoas que sustentam esse funcionamento.<\/p>\n\n\n\n<p>Ao longo dos pain\u00e9is, Fraga traduz n\u00e3o apenas conquistas hist\u00f3ricas dos trabalhadores, mas tamb\u00e9m seus medos, afetos e desejos. A exposi\u00e7\u00e3o prop\u00f5e um olhar sens\u00edvel sobre o cotidiano da metr\u00f3pole, questionando o que permanece humano em meio \u00e0 acelera\u00e7\u00e3o constante. N\u00e3o por acaso, a abertura acontece no Dia do Trabalho, refor\u00e7ando o car\u00e1ter simb\u00f3lico e pol\u00edtico da mostra.<\/p>\n\n\n\n<p>Integrando a agenda da Uni\u00e3o Geral dos Trabalhadores, a exposi\u00e7\u00e3o transforma a cidade em um manifesto visual. Em meio ao fluxo intenso da Paulista, as obras convidam o p\u00fablico a pausar e observar, lembrando que, por tr\u00e1s de cada estrutura, existe sempre uma hist\u00f3ria humana em movimento.<\/p>\n\n\n<div class=\"wp-block-image\">\n<figure class=\"aligncenter size-full\"><img data-attachment-id=\"239352\" data-permalink=\"https:\/\/agrund.com\/index.php\/ronaldo-fraga-ocupa-a-avenida-paulista-com-exposicao-sobre-o-trabalhador-brasileiro\/expo-da-paulista-ronaldo-fraga-8\/\" data-orig-file=\"https:\/\/i0.wp.com\/agrund.com\/wp-content\/uploads\/sites\/6\/2026\/04\/Expo-da-Paulista-Ronaldo-Fraga-8.jpeg?fit=600%2C450&amp;ssl=1\" data-orig-size=\"600,450\" data-comments-opened=\"1\" data-image-meta=\"{&quot;aperture&quot;:&quot;0&quot;,&quot;credit&quot;:&quot;&quot;,&quot;camera&quot;:&quot;&quot;,&quot;caption&quot;:&quot;&quot;,&quot;created_timestamp&quot;:&quot;0&quot;,&quot;copyright&quot;:&quot;&quot;,&quot;focal_length&quot;:&quot;0&quot;,&quot;iso&quot;:&quot;0&quot;,&quot;shutter_speed&quot;:&quot;0&quot;,&quot;title&quot;:&quot;&quot;,&quot;orientation&quot;:&quot;1&quot;}\" data-image-title=\"Expo-da-Paulista-Ronaldo-Fraga-8\" data-image-description=\"\" data-image-caption=\"\" data-medium-file=\"https:\/\/i0.wp.com\/agrund.com\/wp-content\/uploads\/sites\/6\/2026\/04\/Expo-da-Paulista-Ronaldo-Fraga-8.jpeg?fit=300%2C225&amp;ssl=1\" data-large-file=\"https:\/\/i0.wp.com\/agrund.com\/wp-content\/uploads\/sites\/6\/2026\/04\/Expo-da-Paulista-Ronaldo-Fraga-8.jpeg?fit=600%2C450&amp;ssl=1\" decoding=\"async\" loading=\"lazy\" width=\"600\" height=\"450\" src=\"https:\/\/i0.wp.com\/agrund.com\/wp-content\/uploads\/sites\/6\/2026\/04\/Expo-da-Paulista-Ronaldo-Fraga-8.jpeg?resize=600%2C450&#038;ssl=1\" alt=\"\" class=\"wp-image-239352\" srcset=\"https:\/\/i0.wp.com\/agrund.com\/wp-content\/uploads\/sites\/6\/2026\/04\/Expo-da-Paulista-Ronaldo-Fraga-8.jpeg?w=600&amp;ssl=1 600w, https:\/\/i0.wp.com\/agrund.com\/wp-content\/uploads\/sites\/6\/2026\/04\/Expo-da-Paulista-Ronaldo-Fraga-8.jpeg?resize=300%2C225&amp;ssl=1 300w\" sizes=\"(max-width: 600px) 100vw, 600px\" data-recalc-dims=\"1\" \/><figcaption class=\"wp-element-caption\">Ronaldo Fraga ocupa a Avenida Paulista com exposi\u00e7\u00e3o sobre o trabalhador brasileiro<\/figcaption><\/figure><\/div>\n\n<div class=\"wp-block-image\">\n<figure class=\"aligncenter size-full\"><img data-attachment-id=\"239354\" data-permalink=\"https:\/\/agrund.com\/index.php\/ronaldo-fraga-ocupa-a-avenida-paulista-com-exposicao-sobre-o-trabalhador-brasileiro\/expo-da-paulista-ronaldo-fraga-2\/\" data-orig-file=\"https:\/\/i0.wp.com\/agrund.com\/wp-content\/uploads\/sites\/6\/2026\/04\/Expo-da-Paulista-Ronaldo-Fraga-2.jpeg?fit=600%2C800&amp;ssl=1\" data-orig-size=\"600,800\" data-comments-opened=\"1\" data-image-meta=\"{&quot;aperture&quot;:&quot;0&quot;,&quot;credit&quot;:&quot;&quot;,&quot;camera&quot;:&quot;&quot;,&quot;caption&quot;:&quot;&quot;,&quot;created_timestamp&quot;:&quot;0&quot;,&quot;copyright&quot;:&quot;&quot;,&quot;focal_length&quot;:&quot;0&quot;,&quot;iso&quot;:&quot;0&quot;,&quot;shutter_speed&quot;:&quot;0&quot;,&quot;title&quot;:&quot;&quot;,&quot;orientation&quot;:&quot;1&quot;}\" data-image-title=\"Expo-da-Paulista-Ronaldo-Fraga-2\" data-image-description=\"\" data-image-caption=\"\" data-medium-file=\"https:\/\/i0.wp.com\/agrund.com\/wp-content\/uploads\/sites\/6\/2026\/04\/Expo-da-Paulista-Ronaldo-Fraga-2.jpeg?fit=225%2C300&amp;ssl=1\" data-large-file=\"https:\/\/i0.wp.com\/agrund.com\/wp-content\/uploads\/sites\/6\/2026\/04\/Expo-da-Paulista-Ronaldo-Fraga-2.jpeg?fit=600%2C800&amp;ssl=1\" decoding=\"async\" loading=\"lazy\" width=\"600\" height=\"800\" src=\"https:\/\/i0.wp.com\/agrund.com\/wp-content\/uploads\/sites\/6\/2026\/04\/Expo-da-Paulista-Ronaldo-Fraga-2.jpeg?resize=600%2C800&#038;ssl=1\" alt=\"\" class=\"wp-image-239354\" srcset=\"https:\/\/i0.wp.com\/agrund.com\/wp-content\/uploads\/sites\/6\/2026\/04\/Expo-da-Paulista-Ronaldo-Fraga-2.jpeg?w=600&amp;ssl=1 600w, https:\/\/i0.wp.com\/agrund.com\/wp-content\/uploads\/sites\/6\/2026\/04\/Expo-da-Paulista-Ronaldo-Fraga-2.jpeg?resize=225%2C300&amp;ssl=1 225w\" sizes=\"(max-width: 600px) 100vw, 600px\" data-recalc-dims=\"1\" \/><figcaption class=\"wp-element-caption\">Ronaldo Fraga ocupa a Avenida Paulista com exposi\u00e7\u00e3o sobre o trabalhador brasileiro<\/figcaption><\/figure><\/div>\n\n<div class=\"wp-block-image\">\n<figure class=\"aligncenter size-full\"><img data-attachment-id=\"239353\" data-permalink=\"https:\/\/agrund.com\/index.php\/ronaldo-fraga-ocupa-a-avenida-paulista-com-exposicao-sobre-o-trabalhador-brasileiro\/expo-da-paulista-ronaldo-fraga-1\/\" data-orig-file=\"https:\/\/i0.wp.com\/agrund.com\/wp-content\/uploads\/sites\/6\/2026\/04\/Expo-da-Paulista-Ronaldo-Fraga-1.jpeg?fit=600%2C800&amp;ssl=1\" data-orig-size=\"600,800\" data-comments-opened=\"1\" data-image-meta=\"{&quot;aperture&quot;:&quot;0&quot;,&quot;credit&quot;:&quot;&quot;,&quot;camera&quot;:&quot;&quot;,&quot;caption&quot;:&quot;&quot;,&quot;created_timestamp&quot;:&quot;0&quot;,&quot;copyright&quot;:&quot;&quot;,&quot;focal_length&quot;:&quot;0&quot;,&quot;iso&quot;:&quot;0&quot;,&quot;shutter_speed&quot;:&quot;0&quot;,&quot;title&quot;:&quot;&quot;,&quot;orientation&quot;:&quot;1&quot;}\" data-image-title=\"Expo-da-Paulista-Ronaldo-Fraga-1\" data-image-description=\"\" data-image-caption=\"\" data-medium-file=\"https:\/\/i0.wp.com\/agrund.com\/wp-content\/uploads\/sites\/6\/2026\/04\/Expo-da-Paulista-Ronaldo-Fraga-1.jpeg?fit=225%2C300&amp;ssl=1\" data-large-file=\"https:\/\/i0.wp.com\/agrund.com\/wp-content\/uploads\/sites\/6\/2026\/04\/Expo-da-Paulista-Ronaldo-Fraga-1.jpeg?fit=600%2C800&amp;ssl=1\" decoding=\"async\" loading=\"lazy\" width=\"600\" height=\"800\" src=\"https:\/\/i0.wp.com\/agrund.com\/wp-content\/uploads\/sites\/6\/2026\/04\/Expo-da-Paulista-Ronaldo-Fraga-1.jpeg?resize=600%2C800&#038;ssl=1\" alt=\"\" class=\"wp-image-239353\" srcset=\"https:\/\/i0.wp.com\/agrund.com\/wp-content\/uploads\/sites\/6\/2026\/04\/Expo-da-Paulista-Ronaldo-Fraga-1.jpeg?w=600&amp;ssl=1 600w, https:\/\/i0.wp.com\/agrund.com\/wp-content\/uploads\/sites\/6\/2026\/04\/Expo-da-Paulista-Ronaldo-Fraga-1.jpeg?resize=225%2C300&amp;ssl=1 225w\" sizes=\"(max-width: 600px) 100vw, 600px\" data-recalc-dims=\"1\" \/><figcaption class=\"wp-element-caption\">Ronaldo Fraga ocupa a Avenida Paulista com exposi\u00e7\u00e3o sobre o trabalhador brasileiro<\/figcaption><\/figure><\/div>\n\n\n<p>Fotos: Divulga\u00e7\u00e3o. <\/p>\n","protected":false},"excerpt":{"rendered":"<p>Entre os dias 1\u00ba e 31 de maio, a ciclovia da Avenida Paulista se transforma em uma galeria a c\u00e9u aberto com a Exposi\u00e7\u00e3o UGT da Paulista 2026. A mostra ocupa o trecho entre a Rua Augusta e a Alameda Campinas e apresenta 30 pain\u00e9is criados por Ronaldo Fraga, reunidos sob o t\u00edtulo \u201cConquistas: Lutas [&hellip;]<\/p>\n","protected":false},"author":8,"featured_media":239351,"comment_status":"open","ping_status":"open","sticky":false,"template":"","format":"standard","meta":{"jetpack_post_was_ever_published":false,"_jetpack_newsletter_access":"","jetpack_publicize_message":"","jetpack_is_tweetstorm":false,"jetpack_publicize_feature_enabled":true,"jetpack_social_post_already_shared":true,"jetpack_social_options":{"image_generator_settings":{"template":"highway","enabled":false}}},"categories":[2],"tags":[],"jetpack_publicize_connections":[],"jetpack_featured_media_url":"https:\/\/i0.wp.com\/agrund.com\/wp-content\/uploads\/sites\/6\/2026\/04\/s-14.jpg?fit=960%2C300&ssl=1","jetpack_sharing_enabled":true,"jetpack_shortlink":"https:\/\/wp.me\/p3Hz0n-10gt","jetpack_likes_enabled":true,"_links":{"self":[{"href":"https:\/\/agrund.com\/index.php\/wp-json\/wp\/v2\/posts\/239349"}],"collection":[{"href":"https:\/\/agrund.com\/index.php\/wp-json\/wp\/v2\/posts"}],"about":[{"href":"https:\/\/agrund.com\/index.php\/wp-json\/wp\/v2\/types\/post"}],"author":[{"embeddable":true,"href":"https:\/\/agrund.com\/index.php\/wp-json\/wp\/v2\/users\/8"}],"replies":[{"embeddable":true,"href":"https:\/\/agrund.com\/index.php\/wp-json\/wp\/v2\/comments?post=239349"}],"version-history":[{"count":2,"href":"https:\/\/agrund.com\/index.php\/wp-json\/wp\/v2\/posts\/239349\/revisions"}],"predecessor-version":[{"id":239355,"href":"https:\/\/agrund.com\/index.php\/wp-json\/wp\/v2\/posts\/239349\/revisions\/239355"}],"wp:featuredmedia":[{"embeddable":true,"href":"https:\/\/agrund.com\/index.php\/wp-json\/wp\/v2\/media\/239351"}],"wp:attachment":[{"href":"https:\/\/agrund.com\/index.php\/wp-json\/wp\/v2\/media?parent=239349"}],"wp:term":[{"taxonomy":"category","embeddable":true,"href":"https:\/\/agrund.com\/index.php\/wp-json\/wp\/v2\/categories?post=239349"},{"taxonomy":"post_tag","embeddable":true,"href":"https:\/\/agrund.com\/index.php\/wp-json\/wp\/v2\/tags?post=239349"}],"curies":[{"name":"wp","href":"https:\/\/api.w.org\/{rel}","templated":true}]}}