{"id":239328,"date":"2026-04-28T13:00:00","date_gmt":"2026-04-28T16:00:00","guid":{"rendered":"https:\/\/agrund.com\/?p=239328"},"modified":"2026-04-28T13:11:58","modified_gmt":"2026-04-28T16:11:58","slug":"leticia-spiller-e-pedro-novaes-estrelam-campanha-de-dia-das-maes","status":"publish","type":"post","link":"https:\/\/agrund.com\/index.php\/leticia-spiller-e-pedro-novaes-estrelam-campanha-de-dia-das-maes\/","title":{"rendered":"Let\u00edcia Spiller e Pedro Novaes estrelam campanha de Dia das M\u00e3es"},"content":{"rendered":"\n<p>Pela primeira vez, Let\u00edcia Spiller e Pedro Novaes estrelam juntos uma campanha de Dia das M\u00e3es. M\u00e3e e filho se encontram em cena para celebrar a data com a Democrata, trazendo algo que n\u00e3o precisa de roteiro: a intimidade, a troca e a conex\u00e3o constru\u00edda ao longo do tempo.<\/p>\n\n\n\n<p>\u00c9 justamente nesse lugar mais real que a marca aposta. Com o tema \u201cOnde ela pisa, vira caminho\u201d, a campanha deixa de lado narrativas idealizadas para focar nas rela\u00e7\u00f5es verdadeiras. A parceria entre Let\u00edcia e Pedro, dentro e fora das telas, traduz esse olhar, mostrando como trajet\u00f3rias diferentes podem se cruzar a partir de um mesmo v\u00ednculo.<\/p>\n\n\n\n<p>\u201cN\u00e3o h\u00e1 um dia que eu chegue no trabalho e n\u00e3o escute um elogio para o Pedro! Seja como ator ou por sua gentileza. D\u00e1 um orgulho danado, um quentinho no cora\u00e7\u00e3o de que aqueles erros e acertos nos levam ao caminho certo\u201d, declarou Let\u00edcia.<\/p>\n\n\n\n<p>J\u00e1 o ator refor\u00e7a a rela\u00e7\u00e3o com estilo e identidade ao dizer que a forma de se vestir acompanha o momento que est\u00e1 vivendo e reflete quem ele \u00e9. &#8220;N\u00e3o \u00e9 algo super racional, mas vem muito do que eu quero expressar naquele dia, naquela fase. \u00c0s vezes, estou mais b\u00e1sico, mais confort\u00e1vel, outras vezes quero arriscar um pouco mais, testar uma coisa diferente. Acho que \u00e9 sobre identidade mesmo\u201d, completou ele.<\/p>\n\n\n\n<p>A campanha apresenta a cole\u00e7\u00e3o de Inverno 26 da marca, que conta com botas de cano alto, mocassins, papetes e os novos t\u00eanis com tecnologias como Full Light e Pulse Calce F\u00e1cil. Confira:\u00a0<\/p>\n\n\n<div class=\"wp-block-image\">\n<figure class=\"aligncenter size-full\"><img data-attachment-id=\"239330\" data-permalink=\"https:\/\/agrund.com\/index.php\/leticia-spiller-e-pedro-novaes-estrelam-campanha-de-dia-das-maes\/democrata_maes26unnamed-2\/\" data-orig-file=\"https:\/\/i0.wp.com\/agrund.com\/wp-content\/uploads\/sites\/6\/2026\/04\/Democrata_Maes26unnamed-2.jpg?fit=600%2C899&amp;ssl=1\" data-orig-size=\"600,899\" data-comments-opened=\"1\" data-image-meta=\"{&quot;aperture&quot;:&quot;0&quot;,&quot;credit&quot;:&quot;JORGE EWALD&quot;,&quot;camera&quot;:&quot;&quot;,&quot;caption&quot;:&quot;&quot;,&quot;created_timestamp&quot;:&quot;1774109877&quot;,&quot;copyright&quot;:&quot;&quot;,&quot;focal_length&quot;:&quot;0&quot;,&quot;iso&quot;:&quot;0&quot;,&quot;shutter_speed&quot;:&quot;0&quot;,&quot;title&quot;:&quot;&quot;,&quot;orientation&quot;:&quot;1&quot;}\" data-image-title=\"Democrata_Maes26unnamed-2\" data-image-description=\"\" data-image-caption=\"\" data-medium-file=\"https:\/\/i0.wp.com\/agrund.com\/wp-content\/uploads\/sites\/6\/2026\/04\/Democrata_Maes26unnamed-2.jpg?fit=200%2C300&amp;ssl=1\" data-large-file=\"https:\/\/i0.wp.com\/agrund.com\/wp-content\/uploads\/sites\/6\/2026\/04\/Democrata_Maes26unnamed-2.jpg?fit=600%2C899&amp;ssl=1\" decoding=\"async\" loading=\"lazy\" width=\"600\" height=\"899\" src=\"https:\/\/i0.wp.com\/agrund.com\/wp-content\/uploads\/sites\/6\/2026\/04\/Democrata_Maes26unnamed-2.jpg?resize=600%2C899&#038;ssl=1\" alt=\"\" class=\"wp-image-239330\" srcset=\"https:\/\/i0.wp.com\/agrund.com\/wp-content\/uploads\/sites\/6\/2026\/04\/Democrata_Maes26unnamed-2.jpg?w=600&amp;ssl=1 600w, https:\/\/i0.wp.com\/agrund.com\/wp-content\/uploads\/sites\/6\/2026\/04\/Democrata_Maes26unnamed-2.jpg?resize=200%2C300&amp;ssl=1 200w\" sizes=\"(max-width: 600px) 100vw, 600px\" data-recalc-dims=\"1\" \/><figcaption class=\"wp-element-caption\">Let\u00edcia Spiller e Pedro Novaes estrelam campanha de Dia das M\u00e3es<\/figcaption><\/figure><\/div>\n\n<div class=\"wp-block-image\">\n<figure class=\"aligncenter size-full\"><img data-attachment-id=\"239331\" data-permalink=\"https:\/\/agrund.com\/index.php\/leticia-spiller-e-pedro-novaes-estrelam-campanha-de-dia-das-maes\/democrata_maes26unnamed-3\/\" data-orig-file=\"https:\/\/i0.wp.com\/agrund.com\/wp-content\/uploads\/sites\/6\/2026\/04\/Democrata_Maes26unnamed-3.jpg?fit=600%2C899&amp;ssl=1\" data-orig-size=\"600,899\" data-comments-opened=\"1\" data-image-meta=\"{&quot;aperture&quot;:&quot;0&quot;,&quot;credit&quot;:&quot;JORGE EWALD&quot;,&quot;camera&quot;:&quot;&quot;,&quot;caption&quot;:&quot;&quot;,&quot;created_timestamp&quot;:&quot;1774110482&quot;,&quot;copyright&quot;:&quot;&quot;,&quot;focal_length&quot;:&quot;0&quot;,&quot;iso&quot;:&quot;0&quot;,&quot;shutter_speed&quot;:&quot;0&quot;,&quot;title&quot;:&quot;&quot;,&quot;orientation&quot;:&quot;1&quot;}\" data-image-title=\"Democrata_Maes26unnamed-3\" data-image-description=\"\" data-image-caption=\"\" data-medium-file=\"https:\/\/i0.wp.com\/agrund.com\/wp-content\/uploads\/sites\/6\/2026\/04\/Democrata_Maes26unnamed-3.jpg?fit=200%2C300&amp;ssl=1\" data-large-file=\"https:\/\/i0.wp.com\/agrund.com\/wp-content\/uploads\/sites\/6\/2026\/04\/Democrata_Maes26unnamed-3.jpg?fit=600%2C899&amp;ssl=1\" decoding=\"async\" loading=\"lazy\" width=\"600\" height=\"899\" src=\"https:\/\/i0.wp.com\/agrund.com\/wp-content\/uploads\/sites\/6\/2026\/04\/Democrata_Maes26unnamed-3.jpg?resize=600%2C899&#038;ssl=1\" alt=\"\" class=\"wp-image-239331\" srcset=\"https:\/\/i0.wp.com\/agrund.com\/wp-content\/uploads\/sites\/6\/2026\/04\/Democrata_Maes26unnamed-3.jpg?w=600&amp;ssl=1 600w, https:\/\/i0.wp.com\/agrund.com\/wp-content\/uploads\/sites\/6\/2026\/04\/Democrata_Maes26unnamed-3.jpg?resize=200%2C300&amp;ssl=1 200w\" sizes=\"(max-width: 600px) 100vw, 600px\" data-recalc-dims=\"1\" \/><figcaption class=\"wp-element-caption\">Let\u00edcia Spiller e Pedro Novaes estrelam campanha de Dia das M\u00e3es<\/figcaption><\/figure><\/div>\n\n<div class=\"wp-block-image\">\n<figure class=\"aligncenter size-full\"><img data-attachment-id=\"239332\" data-permalink=\"https:\/\/agrund.com\/index.php\/leticia-spiller-e-pedro-novaes-estrelam-campanha-de-dia-das-maes\/democrata_maes26unnamed-4\/\" data-orig-file=\"https:\/\/i0.wp.com\/agrund.com\/wp-content\/uploads\/sites\/6\/2026\/04\/Democrata_Maes26unnamed-4.jpg?fit=600%2C899&amp;ssl=1\" data-orig-size=\"600,899\" data-comments-opened=\"1\" data-image-meta=\"{&quot;aperture&quot;:&quot;0&quot;,&quot;credit&quot;:&quot;JORGE EWALD&quot;,&quot;camera&quot;:&quot;&quot;,&quot;caption&quot;:&quot;&quot;,&quot;created_timestamp&quot;:&quot;1774124238&quot;,&quot;copyright&quot;:&quot;&quot;,&quot;focal_length&quot;:&quot;0&quot;,&quot;iso&quot;:&quot;0&quot;,&quot;shutter_speed&quot;:&quot;0&quot;,&quot;title&quot;:&quot;&quot;,&quot;orientation&quot;:&quot;1&quot;}\" data-image-title=\"Democrata_Maes26unnamed-4\" data-image-description=\"\" data-image-caption=\"\" data-medium-file=\"https:\/\/i0.wp.com\/agrund.com\/wp-content\/uploads\/sites\/6\/2026\/04\/Democrata_Maes26unnamed-4.jpg?fit=200%2C300&amp;ssl=1\" data-large-file=\"https:\/\/i0.wp.com\/agrund.com\/wp-content\/uploads\/sites\/6\/2026\/04\/Democrata_Maes26unnamed-4.jpg?fit=600%2C899&amp;ssl=1\" decoding=\"async\" loading=\"lazy\" width=\"600\" height=\"899\" src=\"https:\/\/i0.wp.com\/agrund.com\/wp-content\/uploads\/sites\/6\/2026\/04\/Democrata_Maes26unnamed-4.jpg?resize=600%2C899&#038;ssl=1\" alt=\"\" class=\"wp-image-239332\" srcset=\"https:\/\/i0.wp.com\/agrund.com\/wp-content\/uploads\/sites\/6\/2026\/04\/Democrata_Maes26unnamed-4.jpg?w=600&amp;ssl=1 600w, https:\/\/i0.wp.com\/agrund.com\/wp-content\/uploads\/sites\/6\/2026\/04\/Democrata_Maes26unnamed-4.jpg?resize=200%2C300&amp;ssl=1 200w\" sizes=\"(max-width: 600px) 100vw, 600px\" data-recalc-dims=\"1\" \/><figcaption class=\"wp-element-caption\">Let\u00edcia Spiller e Pedro Novaes estrelam campanha de Dia das M\u00e3es<\/figcaption><\/figure><\/div>\n\n<div class=\"wp-block-image\">\n<figure class=\"aligncenter size-full\"><img data-attachment-id=\"239333\" data-permalink=\"https:\/\/agrund.com\/index.php\/leticia-spiller-e-pedro-novaes-estrelam-campanha-de-dia-das-maes\/democrata_maes26unnamed-5\/\" data-orig-file=\"https:\/\/i0.wp.com\/agrund.com\/wp-content\/uploads\/sites\/6\/2026\/04\/Democrata_Maes26unnamed-5.jpg?fit=600%2C899&amp;ssl=1\" data-orig-size=\"600,899\" data-comments-opened=\"1\" data-image-meta=\"{&quot;aperture&quot;:&quot;0&quot;,&quot;credit&quot;:&quot;JORGE EWALD&quot;,&quot;camera&quot;:&quot;&quot;,&quot;caption&quot;:&quot;&quot;,&quot;created_timestamp&quot;:&quot;1774128000&quot;,&quot;copyright&quot;:&quot;&quot;,&quot;focal_length&quot;:&quot;0&quot;,&quot;iso&quot;:&quot;0&quot;,&quot;shutter_speed&quot;:&quot;0&quot;,&quot;title&quot;:&quot;&quot;,&quot;orientation&quot;:&quot;1&quot;}\" data-image-title=\"Democrata_Maes26unnamed-5\" data-image-description=\"\" data-image-caption=\"\" data-medium-file=\"https:\/\/i0.wp.com\/agrund.com\/wp-content\/uploads\/sites\/6\/2026\/04\/Democrata_Maes26unnamed-5.jpg?fit=200%2C300&amp;ssl=1\" data-large-file=\"https:\/\/i0.wp.com\/agrund.com\/wp-content\/uploads\/sites\/6\/2026\/04\/Democrata_Maes26unnamed-5.jpg?fit=600%2C899&amp;ssl=1\" decoding=\"async\" loading=\"lazy\" width=\"600\" height=\"899\" src=\"https:\/\/i0.wp.com\/agrund.com\/wp-content\/uploads\/sites\/6\/2026\/04\/Democrata_Maes26unnamed-5.jpg?resize=600%2C899&#038;ssl=1\" alt=\"\" class=\"wp-image-239333\" srcset=\"https:\/\/i0.wp.com\/agrund.com\/wp-content\/uploads\/sites\/6\/2026\/04\/Democrata_Maes26unnamed-5.jpg?w=600&amp;ssl=1 600w, https:\/\/i0.wp.com\/agrund.com\/wp-content\/uploads\/sites\/6\/2026\/04\/Democrata_Maes26unnamed-5.jpg?resize=200%2C300&amp;ssl=1 200w\" sizes=\"(max-width: 600px) 100vw, 600px\" data-recalc-dims=\"1\" \/><figcaption class=\"wp-element-caption\">Let\u00edcia Spiller e Pedro Novaes estrelam campanha de Dia das M\u00e3es<\/figcaption><\/figure><\/div>\n\n<div class=\"wp-block-image\">\n<figure class=\"aligncenter size-full\"><img data-attachment-id=\"239334\" data-permalink=\"https:\/\/agrund.com\/index.php\/leticia-spiller-e-pedro-novaes-estrelam-campanha-de-dia-das-maes\/democrata_maes26unnamed-6\/\" data-orig-file=\"https:\/\/i0.wp.com\/agrund.com\/wp-content\/uploads\/sites\/6\/2026\/04\/Democrata_Maes26unnamed-6.jpg?fit=600%2C899&amp;ssl=1\" data-orig-size=\"600,899\" data-comments-opened=\"1\" data-image-meta=\"{&quot;aperture&quot;:&quot;0&quot;,&quot;credit&quot;:&quot;JORGE EWALD&quot;,&quot;camera&quot;:&quot;&quot;,&quot;caption&quot;:&quot;&quot;,&quot;created_timestamp&quot;:&quot;1774128588&quot;,&quot;copyright&quot;:&quot;&quot;,&quot;focal_length&quot;:&quot;0&quot;,&quot;iso&quot;:&quot;0&quot;,&quot;shutter_speed&quot;:&quot;0&quot;,&quot;title&quot;:&quot;&quot;,&quot;orientation&quot;:&quot;1&quot;}\" data-image-title=\"Democrata_Maes26unnamed-6\" data-image-description=\"\" data-image-caption=\"\" data-medium-file=\"https:\/\/i0.wp.com\/agrund.com\/wp-content\/uploads\/sites\/6\/2026\/04\/Democrata_Maes26unnamed-6.jpg?fit=200%2C300&amp;ssl=1\" data-large-file=\"https:\/\/i0.wp.com\/agrund.com\/wp-content\/uploads\/sites\/6\/2026\/04\/Democrata_Maes26unnamed-6.jpg?fit=600%2C899&amp;ssl=1\" decoding=\"async\" loading=\"lazy\" width=\"600\" height=\"899\" src=\"https:\/\/i0.wp.com\/agrund.com\/wp-content\/uploads\/sites\/6\/2026\/04\/Democrata_Maes26unnamed-6.jpg?resize=600%2C899&#038;ssl=1\" alt=\"\" class=\"wp-image-239334\" srcset=\"https:\/\/i0.wp.com\/agrund.com\/wp-content\/uploads\/sites\/6\/2026\/04\/Democrata_Maes26unnamed-6.jpg?w=600&amp;ssl=1 600w, https:\/\/i0.wp.com\/agrund.com\/wp-content\/uploads\/sites\/6\/2026\/04\/Democrata_Maes26unnamed-6.jpg?resize=200%2C300&amp;ssl=1 200w\" sizes=\"(max-width: 600px) 100vw, 600px\" data-recalc-dims=\"1\" \/><figcaption class=\"wp-element-caption\">Let\u00edcia Spiller e Pedro Novaes estrelam campanha de Dia das M\u00e3es<\/figcaption><\/figure><\/div>\n\n<div class=\"wp-block-image\">\n<figure class=\"aligncenter size-full\"><img data-attachment-id=\"239335\" data-permalink=\"https:\/\/agrund.com\/index.php\/leticia-spiller-e-pedro-novaes-estrelam-campanha-de-dia-das-maes\/democrata_maes26unnamed\/\" data-orig-file=\"https:\/\/i0.wp.com\/agrund.com\/wp-content\/uploads\/sites\/6\/2026\/04\/Democrata_Maes26unnamed.jpg?fit=600%2C899&amp;ssl=1\" data-orig-size=\"600,899\" data-comments-opened=\"1\" data-image-meta=\"{&quot;aperture&quot;:&quot;0&quot;,&quot;credit&quot;:&quot;JORGE EWALD&quot;,&quot;camera&quot;:&quot;&quot;,&quot;caption&quot;:&quot;&quot;,&quot;created_timestamp&quot;:&quot;1774115392&quot;,&quot;copyright&quot;:&quot;&quot;,&quot;focal_length&quot;:&quot;0&quot;,&quot;iso&quot;:&quot;0&quot;,&quot;shutter_speed&quot;:&quot;0&quot;,&quot;title&quot;:&quot;&quot;,&quot;orientation&quot;:&quot;1&quot;}\" data-image-title=\"Democrata_Maes26unnamed\" data-image-description=\"\" data-image-caption=\"\" data-medium-file=\"https:\/\/i0.wp.com\/agrund.com\/wp-content\/uploads\/sites\/6\/2026\/04\/Democrata_Maes26unnamed.jpg?fit=200%2C300&amp;ssl=1\" data-large-file=\"https:\/\/i0.wp.com\/agrund.com\/wp-content\/uploads\/sites\/6\/2026\/04\/Democrata_Maes26unnamed.jpg?fit=600%2C899&amp;ssl=1\" decoding=\"async\" loading=\"lazy\" width=\"600\" height=\"899\" src=\"https:\/\/i0.wp.com\/agrund.com\/wp-content\/uploads\/sites\/6\/2026\/04\/Democrata_Maes26unnamed.jpg?resize=600%2C899&#038;ssl=1\" alt=\"\" class=\"wp-image-239335\" srcset=\"https:\/\/i0.wp.com\/agrund.com\/wp-content\/uploads\/sites\/6\/2026\/04\/Democrata_Maes26unnamed.jpg?w=600&amp;ssl=1 600w, https:\/\/i0.wp.com\/agrund.com\/wp-content\/uploads\/sites\/6\/2026\/04\/Democrata_Maes26unnamed.jpg?resize=200%2C300&amp;ssl=1 200w\" sizes=\"(max-width: 600px) 100vw, 600px\" data-recalc-dims=\"1\" \/><figcaption class=\"wp-element-caption\">Let\u00edcia Spiller e Pedro Novaes estrelam campanha de Dia das M\u00e3es<\/figcaption><\/figure><\/div>\n\n\n<p>Fotos: Divulga\u00e7\u00e3o. <\/p>\n","protected":false},"excerpt":{"rendered":"<p>Pela primeira vez, Let\u00edcia Spiller e Pedro Novaes estrelam juntos uma campanha de Dia das M\u00e3es. M\u00e3e e filho se encontram em cena para celebrar a data com a Democrata, trazendo algo que n\u00e3o precisa de roteiro: a intimidade, a troca e a conex\u00e3o constru\u00edda ao longo do tempo. \u00c9 justamente nesse lugar mais real [&hellip;]<\/p>\n","protected":false},"author":8,"featured_media":239336,"comment_status":"open","ping_status":"open","sticky":false,"template":"","format":"standard","meta":{"jetpack_post_was_ever_published":false,"_jetpack_newsletter_access":"","jetpack_publicize_message":"","jetpack_is_tweetstorm":false,"jetpack_publicize_feature_enabled":true,"jetpack_social_post_already_shared":true,"jetpack_social_options":{"image_generator_settings":{"template":"highway","enabled":false}}},"categories":[2],"tags":[],"jetpack_publicize_connections":[],"jetpack_featured_media_url":"https:\/\/i0.wp.com\/agrund.com\/wp-content\/uploads\/sites\/6\/2026\/04\/s-12.jpg?fit=960%2C300&ssl=1","jetpack_sharing_enabled":true,"jetpack_shortlink":"https:\/\/wp.me\/p3Hz0n-10g8","jetpack_likes_enabled":true,"_links":{"self":[{"href":"https:\/\/agrund.com\/index.php\/wp-json\/wp\/v2\/posts\/239328"}],"collection":[{"href":"https:\/\/agrund.com\/index.php\/wp-json\/wp\/v2\/posts"}],"about":[{"href":"https:\/\/agrund.com\/index.php\/wp-json\/wp\/v2\/types\/post"}],"author":[{"embeddable":true,"href":"https:\/\/agrund.com\/index.php\/wp-json\/wp\/v2\/users\/8"}],"replies":[{"embeddable":true,"href":"https:\/\/agrund.com\/index.php\/wp-json\/wp\/v2\/comments?post=239328"}],"version-history":[{"count":2,"href":"https:\/\/agrund.com\/index.php\/wp-json\/wp\/v2\/posts\/239328\/revisions"}],"predecessor-version":[{"id":239337,"href":"https:\/\/agrund.com\/index.php\/wp-json\/wp\/v2\/posts\/239328\/revisions\/239337"}],"wp:featuredmedia":[{"embeddable":true,"href":"https:\/\/agrund.com\/index.php\/wp-json\/wp\/v2\/media\/239336"}],"wp:attachment":[{"href":"https:\/\/agrund.com\/index.php\/wp-json\/wp\/v2\/media?parent=239328"}],"wp:term":[{"taxonomy":"category","embeddable":true,"href":"https:\/\/agrund.com\/index.php\/wp-json\/wp\/v2\/categories?post=239328"},{"taxonomy":"post_tag","embeddable":true,"href":"https:\/\/agrund.com\/index.php\/wp-json\/wp\/v2\/tags?post=239328"}],"curies":[{"name":"wp","href":"https:\/\/api.w.org\/{rel}","templated":true}]}}