{"id":227585,"date":"2023-02-07T18:00:00","date_gmt":"2023-02-07T21:00:00","guid":{"rendered":"https:\/\/agrund.com\/?p=227585"},"modified":"2023-02-07T17:56:58","modified_gmt":"2023-02-07T20:56:58","slug":"louis-vuitton-tera-uma-linha-para-bebes","status":"publish","type":"post","link":"https:\/\/agrund.com\/index.php\/louis-vuitton-tera-uma-linha-para-bebes\/","title":{"rendered":"Louis Vuitton ter\u00e1 uma linha para beb\u00eas"},"content":{"rendered":"\n<p>O mercado de luxo segue em expans\u00e3o e a Louis Vuitton acaba de confirmar que ir\u00e1 lan\u00e7ar uma linha especial para beb\u00eas.<\/p>\n\n\n\n<p>Na primeira imagem divulgada, vemos uma nova vers\u00e3o do ic\u00f4nico ba\u00fa da grife em um tom de azul claro, al\u00e9m de mala de m\u00e3o, manta, luvas e sapatinhos com o monograma LV, tudo cl\u00e1ssico e elegante, como \u00e9 a identidade da marca, mas agora em tons claros e pastel.<\/p>\n\n\n\n<p>\u201cA cole\u00e7\u00e3o representa uma variedade cuidadosa de pe\u00e7as do dia a dia e para ocasi\u00f5es especiais, dos primeiros brinquedos que podem se tornar lembran\u00e7as ao longo da vida\u201d, revelou a grife em um comunicado oficial.<\/p>\n\n\n\n<p>Todas as roupas estar\u00e3o dispon\u00edveis para crian\u00e7as de at\u00e9 12 meses e ser\u00e3o feitas em materiais de origem respons\u00e1vel, como algod\u00e3o org\u00e2nico e couro certificado pelo Working Group.<\/p>\n\n\n\n<p>O lan\u00e7amento est\u00e1 previsto para o dia 3 de mar\u00e7o, ent\u00e3o nos resta aguardar para ter mais detalhes.\u00a0<\/p>\n\n\n\n<div class=\"wp-block-image\"><figure class=\"aligncenter size-full\"><img data-attachment-id=\"227587\" data-permalink=\"https:\/\/agrund.com\/index.php\/louis-vuitton-tera-uma-linha-para-bebes\/agrund-louis-vuitton-baby\/\" data-orig-file=\"https:\/\/i0.wp.com\/agrund.com\/wp-content\/uploads\/sites\/6\/2023\/02\/agrund-louis-vuitton-baby.jpg?fit=600%2C400&amp;ssl=1\" data-orig-size=\"600,400\" data-comments-opened=\"1\" data-image-meta=\"{&quot;aperture&quot;:&quot;0&quot;,&quot;credit&quot;:&quot;&quot;,&quot;camera&quot;:&quot;&quot;,&quot;caption&quot;:&quot;&quot;,&quot;created_timestamp&quot;:&quot;0&quot;,&quot;copyright&quot;:&quot;&quot;,&quot;focal_length&quot;:&quot;0&quot;,&quot;iso&quot;:&quot;0&quot;,&quot;shutter_speed&quot;:&quot;0&quot;,&quot;title&quot;:&quot;&quot;,&quot;orientation&quot;:&quot;1&quot;}\" data-image-title=\"agrund-louis-vuitton-baby\" data-image-description=\"\" data-image-caption=\"\" data-medium-file=\"https:\/\/i0.wp.com\/agrund.com\/wp-content\/uploads\/sites\/6\/2023\/02\/agrund-louis-vuitton-baby.jpg?fit=300%2C200&amp;ssl=1\" data-large-file=\"https:\/\/i0.wp.com\/agrund.com\/wp-content\/uploads\/sites\/6\/2023\/02\/agrund-louis-vuitton-baby.jpg?fit=600%2C400&amp;ssl=1\" decoding=\"async\" loading=\"lazy\" width=\"600\" height=\"400\" src=\"https:\/\/i0.wp.com\/agrund.com\/wp-content\/uploads\/sites\/6\/2023\/02\/agrund-louis-vuitton-baby.jpg?resize=600%2C400&#038;ssl=1\" alt=\"\" class=\"wp-image-227587\" srcset=\"https:\/\/i0.wp.com\/agrund.com\/wp-content\/uploads\/sites\/6\/2023\/02\/agrund-louis-vuitton-baby.jpg?w=600&amp;ssl=1 600w, https:\/\/i0.wp.com\/agrund.com\/wp-content\/uploads\/sites\/6\/2023\/02\/agrund-louis-vuitton-baby.jpg?resize=300%2C200&amp;ssl=1 300w\" sizes=\"(max-width: 600px) 100vw, 600px\" data-recalc-dims=\"1\" \/><figcaption>Louis Vuitton ter\u00e1 uma linha para beb\u00eas<\/figcaption><\/figure><\/div>\n\n\n\n<p>Foto: Reprodu\u00e7\u00e3o\/ Louis Vuitton. <\/p>\n","protected":false},"excerpt":{"rendered":"<p>O mercado de luxo segue em expans\u00e3o e a Louis Vuitton acaba de confirmar que ir\u00e1 lan\u00e7ar uma linha especial para beb\u00eas. Na primeira imagem divulgada, vemos uma nova vers\u00e3o do ic\u00f4nico ba\u00fa da grife em um tom de azul claro, al\u00e9m de mala de m\u00e3o, manta, luvas e sapatinhos com o monograma LV, tudo [&hellip;]<\/p>\n","protected":false},"author":8,"featured_media":227586,"comment_status":"open","ping_status":"open","sticky":false,"template":"","format":"standard","meta":{"jetpack_post_was_ever_published":false,"_jetpack_newsletter_access":"","jetpack_publicize_message":"","jetpack_is_tweetstorm":false,"jetpack_publicize_feature_enabled":true,"jetpack_social_post_already_shared":true,"jetpack_social_options":{"image_generator_settings":{"template":"highway","enabled":false}}},"categories":[2],"tags":[395,375,2274,2273,423,347,149,67,525,148,424,862],"jetpack_publicize_connections":[],"jetpack_featured_media_url":"https:\/\/i0.wp.com\/agrund.com\/wp-content\/uploads\/sites\/6\/2023\/02\/s-8.jpg?fit=960%2C300&ssl=1","jetpack_sharing_enabled":true,"jetpack_shortlink":"https:\/\/wp.me\/p3Hz0n-XcJ","jetpack_likes_enabled":true,"_links":{"self":[{"href":"https:\/\/agrund.com\/index.php\/wp-json\/wp\/v2\/posts\/227585"}],"collection":[{"href":"https:\/\/agrund.com\/index.php\/wp-json\/wp\/v2\/posts"}],"about":[{"href":"https:\/\/agrund.com\/index.php\/wp-json\/wp\/v2\/types\/post"}],"author":[{"embeddable":true,"href":"https:\/\/agrund.com\/index.php\/wp-json\/wp\/v2\/users\/8"}],"replies":[{"embeddable":true,"href":"https:\/\/agrund.com\/index.php\/wp-json\/wp\/v2\/comments?post=227585"}],"version-history":[{"count":1,"href":"https:\/\/agrund.com\/index.php\/wp-json\/wp\/v2\/posts\/227585\/revisions"}],"predecessor-version":[{"id":227588,"href":"https:\/\/agrund.com\/index.php\/wp-json\/wp\/v2\/posts\/227585\/revisions\/227588"}],"wp:featuredmedia":[{"embeddable":true,"href":"https:\/\/agrund.com\/index.php\/wp-json\/wp\/v2\/media\/227586"}],"wp:attachment":[{"href":"https:\/\/agrund.com\/index.php\/wp-json\/wp\/v2\/media?parent=227585"}],"wp:term":[{"taxonomy":"category","embeddable":true,"href":"https:\/\/agrund.com\/index.php\/wp-json\/wp\/v2\/categories?post=227585"},{"taxonomy":"post_tag","embeddable":true,"href":"https:\/\/agrund.com\/index.php\/wp-json\/wp\/v2\/tags?post=227585"}],"curies":[{"name":"wp","href":"https:\/\/api.w.org\/{rel}","templated":true}]}}