{"id":227554,"date":"2023-02-06T11:00:00","date_gmt":"2023-02-06T14:00:00","guid":{"rendered":"https:\/\/agrund.com\/?p=227554"},"modified":"2023-02-06T11:03:02","modified_gmt":"2023-02-06T14:03:02","slug":"tudo-sobre-o-look-de-anitta-no-grammy-2023","status":"publish","type":"post","link":"https:\/\/agrund.com\/index.php\/tudo-sobre-o-look-de-anitta-no-grammy-2023\/","title":{"rendered":"Tudo sobre o look de Anitta no Grammy 2023"},"content":{"rendered":"\n<p>Por Arlindo Grund e Rafa Piovezani<\/p>\n\n\n\n<p>Uma mulher que merece muitos aplausos.<\/p>\n\n\n\n<p>Em rela\u00e7\u00e3o \u00e0 constru\u00e7\u00e3o de uma imagem, ela \u00e9 uma das melhores. Suas escolhas s\u00e3o precisas. E ontem (05), para a cerim\u00f4nia de entrega do Grammy 2023, n\u00e3o foi diferente!<\/p>\n\n\n\n<p>Indicada ao pr\u00eamio de &#8216;Artista Revela\u00e7\u00e3o&#8217;, Anitta brilhou no red carpet usando nada menos do que um vestido vintage Atelier Versace. O modelo tomara que caia com decote cora\u00e7\u00e3o faz parte da cole\u00e7\u00e3o Primavera\/Ver\u00e3o 2003 da grife e traz uma mistura de materiais e texturas que deixa a pe\u00e7a ainda mais surpreendente e sexy, como pede o estilo da cantora.<\/p>\n\n\n\n<p>Todo o corpete foi confeccionado em renda, couro e bordados, formando diferentes recortes e desenhos, enquanto sua cauda \u00e9 composta por uma cascata de babados feita com fitas de couro.<\/p>\n\n\n\n<p>Para complementar a produ\u00e7\u00e3o, Anitta escolheu joias da Tiffany &amp; Co. como um colar de diamantes. Confira todos os detalhes aqui:\u00a0<\/p>\n\n\n\n<div class=\"wp-block-image\"><figure class=\"aligncenter size-full\"><img data-attachment-id=\"227555\" data-permalink=\"https:\/\/agrund.com\/index.php\/tudo-sobre-o-look-de-anitta-no-grammy-2023\/agrund-anitta-grammy-2023-versace-1\/\" data-orig-file=\"https:\/\/i0.wp.com\/agrund.com\/wp-content\/uploads\/sites\/6\/2023\/02\/agrund-anitta-grammy-2023-versace-1.jpg?fit=600%2C597&amp;ssl=1\" data-orig-size=\"600,597\" data-comments-opened=\"1\" data-image-meta=\"{&quot;aperture&quot;:&quot;0&quot;,&quot;credit&quot;:&quot;&quot;,&quot;camera&quot;:&quot;&quot;,&quot;caption&quot;:&quot;&quot;,&quot;created_timestamp&quot;:&quot;0&quot;,&quot;copyright&quot;:&quot;&quot;,&quot;focal_length&quot;:&quot;0&quot;,&quot;iso&quot;:&quot;0&quot;,&quot;shutter_speed&quot;:&quot;0&quot;,&quot;title&quot;:&quot;&quot;,&quot;orientation&quot;:&quot;0&quot;}\" data-image-title=\"agrund-anitta-grammy-2023-versace-1\" data-image-description=\"\" data-image-caption=\"\" data-medium-file=\"https:\/\/i0.wp.com\/agrund.com\/wp-content\/uploads\/sites\/6\/2023\/02\/agrund-anitta-grammy-2023-versace-1.jpg?fit=300%2C300&amp;ssl=1\" data-large-file=\"https:\/\/i0.wp.com\/agrund.com\/wp-content\/uploads\/sites\/6\/2023\/02\/agrund-anitta-grammy-2023-versace-1.jpg?fit=600%2C597&amp;ssl=1\" decoding=\"async\" loading=\"lazy\" width=\"600\" height=\"597\" src=\"https:\/\/i0.wp.com\/agrund.com\/wp-content\/uploads\/sites\/6\/2023\/02\/agrund-anitta-grammy-2023-versace-1.jpg?resize=600%2C597&#038;ssl=1\" alt=\"\" class=\"wp-image-227555\" srcset=\"https:\/\/i0.wp.com\/agrund.com\/wp-content\/uploads\/sites\/6\/2023\/02\/agrund-anitta-grammy-2023-versace-1.jpg?w=600&amp;ssl=1 600w, https:\/\/i0.wp.com\/agrund.com\/wp-content\/uploads\/sites\/6\/2023\/02\/agrund-anitta-grammy-2023-versace-1.jpg?resize=300%2C300&amp;ssl=1 300w, https:\/\/i0.wp.com\/agrund.com\/wp-content\/uploads\/sites\/6\/2023\/02\/agrund-anitta-grammy-2023-versace-1.jpg?resize=150%2C150&amp;ssl=1 150w\" sizes=\"(max-width: 600px) 100vw, 600px\" data-recalc-dims=\"1\" \/><figcaption>Tudo sobre o look de Anitta no Grammy 2023<\/figcaption><\/figure><\/div>\n\n\n\n<div class=\"wp-block-image\"><figure class=\"aligncenter size-full\"><img data-attachment-id=\"227556\" data-permalink=\"https:\/\/agrund.com\/index.php\/tudo-sobre-o-look-de-anitta-no-grammy-2023\/agrund-anitta-grammy-2023-versace-3\/\" data-orig-file=\"https:\/\/i0.wp.com\/agrund.com\/wp-content\/uploads\/sites\/6\/2023\/02\/agrund-anitta-grammy-2023-versace-3.jpg?fit=600%2C741&amp;ssl=1\" data-orig-size=\"600,741\" data-comments-opened=\"1\" data-image-meta=\"{&quot;aperture&quot;:&quot;0&quot;,&quot;credit&quot;:&quot;&quot;,&quot;camera&quot;:&quot;&quot;,&quot;caption&quot;:&quot;&quot;,&quot;created_timestamp&quot;:&quot;0&quot;,&quot;copyright&quot;:&quot;&quot;,&quot;focal_length&quot;:&quot;0&quot;,&quot;iso&quot;:&quot;0&quot;,&quot;shutter_speed&quot;:&quot;0&quot;,&quot;title&quot;:&quot;&quot;,&quot;orientation&quot;:&quot;1&quot;}\" data-image-title=\"agrund-anitta-grammy-2023-versace-3\" data-image-description=\"\" data-image-caption=\"\" data-medium-file=\"https:\/\/i0.wp.com\/agrund.com\/wp-content\/uploads\/sites\/6\/2023\/02\/agrund-anitta-grammy-2023-versace-3.jpg?fit=243%2C300&amp;ssl=1\" data-large-file=\"https:\/\/i0.wp.com\/agrund.com\/wp-content\/uploads\/sites\/6\/2023\/02\/agrund-anitta-grammy-2023-versace-3.jpg?fit=600%2C741&amp;ssl=1\" decoding=\"async\" loading=\"lazy\" width=\"600\" height=\"741\" src=\"https:\/\/i0.wp.com\/agrund.com\/wp-content\/uploads\/sites\/6\/2023\/02\/agrund-anitta-grammy-2023-versace-3.jpg?resize=600%2C741&#038;ssl=1\" alt=\"\" class=\"wp-image-227556\" srcset=\"https:\/\/i0.wp.com\/agrund.com\/wp-content\/uploads\/sites\/6\/2023\/02\/agrund-anitta-grammy-2023-versace-3.jpg?w=600&amp;ssl=1 600w, https:\/\/i0.wp.com\/agrund.com\/wp-content\/uploads\/sites\/6\/2023\/02\/agrund-anitta-grammy-2023-versace-3.jpg?resize=243%2C300&amp;ssl=1 243w\" sizes=\"(max-width: 600px) 100vw, 600px\" data-recalc-dims=\"1\" \/><figcaption>Tudo sobre o look de Anitta no Grammy 2023<\/figcaption><\/figure><\/div>\n\n\n\n<div class=\"wp-block-image\"><figure class=\"aligncenter size-full\"><img data-attachment-id=\"227557\" data-permalink=\"https:\/\/agrund.com\/index.php\/tudo-sobre-o-look-de-anitta-no-grammy-2023\/agrund-anitta-grammy-2023-versace-4\/\" data-orig-file=\"https:\/\/i0.wp.com\/agrund.com\/wp-content\/uploads\/sites\/6\/2023\/02\/agrund-anitta-grammy-2023-versace-4.jpg?fit=600%2C740&amp;ssl=1\" data-orig-size=\"600,740\" data-comments-opened=\"1\" data-image-meta=\"{&quot;aperture&quot;:&quot;0&quot;,&quot;credit&quot;:&quot;&quot;,&quot;camera&quot;:&quot;&quot;,&quot;caption&quot;:&quot;&quot;,&quot;created_timestamp&quot;:&quot;0&quot;,&quot;copyright&quot;:&quot;&quot;,&quot;focal_length&quot;:&quot;0&quot;,&quot;iso&quot;:&quot;0&quot;,&quot;shutter_speed&quot;:&quot;0&quot;,&quot;title&quot;:&quot;&quot;,&quot;orientation&quot;:&quot;1&quot;}\" data-image-title=\"agrund-anitta-grammy-2023-versace-4\" data-image-description=\"\" data-image-caption=\"\" data-medium-file=\"https:\/\/i0.wp.com\/agrund.com\/wp-content\/uploads\/sites\/6\/2023\/02\/agrund-anitta-grammy-2023-versace-4.jpg?fit=243%2C300&amp;ssl=1\" data-large-file=\"https:\/\/i0.wp.com\/agrund.com\/wp-content\/uploads\/sites\/6\/2023\/02\/agrund-anitta-grammy-2023-versace-4.jpg?fit=600%2C740&amp;ssl=1\" decoding=\"async\" loading=\"lazy\" width=\"600\" height=\"740\" src=\"https:\/\/i0.wp.com\/agrund.com\/wp-content\/uploads\/sites\/6\/2023\/02\/agrund-anitta-grammy-2023-versace-4.jpg?resize=600%2C740&#038;ssl=1\" alt=\"\" class=\"wp-image-227557\" srcset=\"https:\/\/i0.wp.com\/agrund.com\/wp-content\/uploads\/sites\/6\/2023\/02\/agrund-anitta-grammy-2023-versace-4.jpg?w=600&amp;ssl=1 600w, https:\/\/i0.wp.com\/agrund.com\/wp-content\/uploads\/sites\/6\/2023\/02\/agrund-anitta-grammy-2023-versace-4.jpg?resize=243%2C300&amp;ssl=1 243w\" sizes=\"(max-width: 600px) 100vw, 600px\" data-recalc-dims=\"1\" \/><figcaption>Tudo sobre o look de Anitta no Grammy 2023<\/figcaption><\/figure><\/div>\n\n\n\n<div class=\"wp-block-image\"><figure class=\"aligncenter size-full\"><img data-attachment-id=\"227558\" data-permalink=\"https:\/\/agrund.com\/index.php\/tudo-sobre-o-look-de-anitta-no-grammy-2023\/agrund-anitta-grammy-2023-versace-5\/\" data-orig-file=\"https:\/\/i0.wp.com\/agrund.com\/wp-content\/uploads\/sites\/6\/2023\/02\/agrund-anitta-grammy-2023-versace-5.jpg?fit=600%2C732&amp;ssl=1\" data-orig-size=\"600,732\" data-comments-opened=\"1\" data-image-meta=\"{&quot;aperture&quot;:&quot;0&quot;,&quot;credit&quot;:&quot;&quot;,&quot;camera&quot;:&quot;&quot;,&quot;caption&quot;:&quot;&quot;,&quot;created_timestamp&quot;:&quot;0&quot;,&quot;copyright&quot;:&quot;&quot;,&quot;focal_length&quot;:&quot;0&quot;,&quot;iso&quot;:&quot;0&quot;,&quot;shutter_speed&quot;:&quot;0&quot;,&quot;title&quot;:&quot;&quot;,&quot;orientation&quot;:&quot;1&quot;}\" data-image-title=\"agrund-anitta-grammy-2023-versace-5\" data-image-description=\"\" data-image-caption=\"\" data-medium-file=\"https:\/\/i0.wp.com\/agrund.com\/wp-content\/uploads\/sites\/6\/2023\/02\/agrund-anitta-grammy-2023-versace-5.jpg?fit=246%2C300&amp;ssl=1\" data-large-file=\"https:\/\/i0.wp.com\/agrund.com\/wp-content\/uploads\/sites\/6\/2023\/02\/agrund-anitta-grammy-2023-versace-5.jpg?fit=600%2C732&amp;ssl=1\" decoding=\"async\" loading=\"lazy\" width=\"600\" height=\"732\" src=\"https:\/\/i0.wp.com\/agrund.com\/wp-content\/uploads\/sites\/6\/2023\/02\/agrund-anitta-grammy-2023-versace-5.jpg?resize=600%2C732&#038;ssl=1\" alt=\"\" class=\"wp-image-227558\" srcset=\"https:\/\/i0.wp.com\/agrund.com\/wp-content\/uploads\/sites\/6\/2023\/02\/agrund-anitta-grammy-2023-versace-5.jpg?w=600&amp;ssl=1 600w, https:\/\/i0.wp.com\/agrund.com\/wp-content\/uploads\/sites\/6\/2023\/02\/agrund-anitta-grammy-2023-versace-5.jpg?resize=246%2C300&amp;ssl=1 246w\" sizes=\"(max-width: 600px) 100vw, 600px\" data-recalc-dims=\"1\" \/><figcaption>Tudo sobre o look de Anitta no Grammy 2023<\/figcaption><\/figure><\/div>\n\n\n\n<div class=\"wp-block-image\"><figure class=\"aligncenter size-full\"><img data-attachment-id=\"227559\" data-permalink=\"https:\/\/agrund.com\/index.php\/tudo-sobre-o-look-de-anitta-no-grammy-2023\/agrund-anitta-grammy-2023-versace-2\/\" data-orig-file=\"https:\/\/i0.wp.com\/agrund.com\/wp-content\/uploads\/sites\/6\/2023\/02\/agrund-anitta-grammy-2023-versace-2.jpg?fit=600%2C811&amp;ssl=1\" data-orig-size=\"600,811\" data-comments-opened=\"1\" data-image-meta=\"{&quot;aperture&quot;:&quot;0&quot;,&quot;credit&quot;:&quot;&quot;,&quot;camera&quot;:&quot;&quot;,&quot;caption&quot;:&quot;&quot;,&quot;created_timestamp&quot;:&quot;0&quot;,&quot;copyright&quot;:&quot;&quot;,&quot;focal_length&quot;:&quot;0&quot;,&quot;iso&quot;:&quot;0&quot;,&quot;shutter_speed&quot;:&quot;0&quot;,&quot;title&quot;:&quot;&quot;,&quot;orientation&quot;:&quot;0&quot;}\" data-image-title=\"agrund-anitta-grammy-2023-versace-2\" data-image-description=\"\" data-image-caption=\"\" data-medium-file=\"https:\/\/i0.wp.com\/agrund.com\/wp-content\/uploads\/sites\/6\/2023\/02\/agrund-anitta-grammy-2023-versace-2.jpg?fit=222%2C300&amp;ssl=1\" data-large-file=\"https:\/\/i0.wp.com\/agrund.com\/wp-content\/uploads\/sites\/6\/2023\/02\/agrund-anitta-grammy-2023-versace-2.jpg?fit=600%2C811&amp;ssl=1\" decoding=\"async\" loading=\"lazy\" width=\"600\" height=\"811\" src=\"https:\/\/i0.wp.com\/agrund.com\/wp-content\/uploads\/sites\/6\/2023\/02\/agrund-anitta-grammy-2023-versace-2.jpg?resize=600%2C811&#038;ssl=1\" alt=\"\" class=\"wp-image-227559\" srcset=\"https:\/\/i0.wp.com\/agrund.com\/wp-content\/uploads\/sites\/6\/2023\/02\/agrund-anitta-grammy-2023-versace-2.jpg?w=600&amp;ssl=1 600w, https:\/\/i0.wp.com\/agrund.com\/wp-content\/uploads\/sites\/6\/2023\/02\/agrund-anitta-grammy-2023-versace-2.jpg?resize=222%2C300&amp;ssl=1 222w\" sizes=\"(max-width: 600px) 100vw, 600px\" data-recalc-dims=\"1\" \/><figcaption>Tudo sobre o look de Anitta no Grammy 2023<\/figcaption><\/figure><\/div>\n\n\n\n<p>Fotos: Reprodu\u00e7\u00e3o\/ Instagram. <\/p>\n","protected":false},"excerpt":{"rendered":"<p>Por Arlindo Grund e Rafa Piovezani Uma mulher que merece muitos aplausos. Em rela\u00e7\u00e3o \u00e0 constru\u00e7\u00e3o de uma imagem, ela \u00e9 uma das melhores. Suas escolhas s\u00e3o precisas. E ontem (05), para a cerim\u00f4nia de entrega do Grammy 2023, n\u00e3o foi diferente! Indicada ao pr\u00eamio de &#8216;Artista Revela\u00e7\u00e3o&#8217;, Anitta brilhou no red carpet usando nada [&hellip;]<\/p>\n","protected":false},"author":8,"featured_media":227560,"comment_status":"open","ping_status":"open","sticky":false,"template":"","format":"standard","meta":{"jetpack_post_was_ever_published":false,"_jetpack_newsletter_access":"","jetpack_publicize_message":"","jetpack_is_tweetstorm":false,"jetpack_publicize_feature_enabled":true,"jetpack_social_post_already_shared":true,"jetpack_social_options":{"image_generator_settings":{"template":"highway","enabled":false}}},"categories":[2],"tags":[395,750,375,3546,423,347,2544,3545,438,67,525,424,564,239,862],"jetpack_publicize_connections":[],"jetpack_featured_media_url":"https:\/\/i0.wp.com\/agrund.com\/wp-content\/uploads\/sites\/6\/2023\/02\/s-5.jpg?fit=960%2C300&ssl=1","jetpack_sharing_enabled":true,"jetpack_shortlink":"https:\/\/wp.me\/p3Hz0n-Xce","jetpack_likes_enabled":true,"_links":{"self":[{"href":"https:\/\/agrund.com\/index.php\/wp-json\/wp\/v2\/posts\/227554"}],"collection":[{"href":"https:\/\/agrund.com\/index.php\/wp-json\/wp\/v2\/posts"}],"about":[{"href":"https:\/\/agrund.com\/index.php\/wp-json\/wp\/v2\/types\/post"}],"author":[{"embeddable":true,"href":"https:\/\/agrund.com\/index.php\/wp-json\/wp\/v2\/users\/8"}],"replies":[{"embeddable":true,"href":"https:\/\/agrund.com\/index.php\/wp-json\/wp\/v2\/comments?post=227554"}],"version-history":[{"count":1,"href":"https:\/\/agrund.com\/index.php\/wp-json\/wp\/v2\/posts\/227554\/revisions"}],"predecessor-version":[{"id":227561,"href":"https:\/\/agrund.com\/index.php\/wp-json\/wp\/v2\/posts\/227554\/revisions\/227561"}],"wp:featuredmedia":[{"embeddable":true,"href":"https:\/\/agrund.com\/index.php\/wp-json\/wp\/v2\/media\/227560"}],"wp:attachment":[{"href":"https:\/\/agrund.com\/index.php\/wp-json\/wp\/v2\/media?parent=227554"}],"wp:term":[{"taxonomy":"category","embeddable":true,"href":"https:\/\/agrund.com\/index.php\/wp-json\/wp\/v2\/categories?post=227554"},{"taxonomy":"post_tag","embeddable":true,"href":"https:\/\/agrund.com\/index.php\/wp-json\/wp\/v2\/tags?post=227554"}],"curies":[{"name":"wp","href":"https:\/\/api.w.org\/{rel}","templated":true}]}}