{"id":227550,"date":"2023-02-03T12:00:00","date_gmt":"2023-02-03T15:00:00","guid":{"rendered":"https:\/\/agrund.com\/?p=227550"},"modified":"2023-02-03T12:26:24","modified_gmt":"2023-02-03T15:26:24","slug":"paco-rabanne-morre-aos-88-anos","status":"publish","type":"post","link":"https:\/\/agrund.com\/index.php\/paco-rabanne-morre-aos-88-anos\/","title":{"rendered":"Paco Rabanne morre aos 88 anos"},"content":{"rendered":"\n<p>A sexta-feira come\u00e7ou triste no mundo da moda com a not\u00edcia do falecimento de Paco Rabanne aos 88 anos, em Portsall, na Fran\u00e7a.<\/p>\n\n\n\n<p>Quem confirmou a morte do designer espanhol foi o grupo Puig, detentor da marca de moda e fragr\u00e2ncias Paco Rabanne.<\/p>\n\n\n\n<p>\u201cAquele esp\u00edrito radical e rebelde o diferenciava: h\u00e1 apenas um Rabanne. Com o seu falecimento, recordamos mais uma vez a sua enorme influ\u00eancia na moda contempor\u00e2nea, um esp\u00edrito que vive na grife que leva o seu nome\u201d, declarou Jos\u00e9 Manuel Albesa, presidente da divis\u00e3o de Moda e Beleza da Puig.<\/p>\n\n\n\n<p>Rabanne, que ganhou destaque mundial na d\u00e9cada de 1960 com suas cole\u00e7\u00f5es feitas de pl\u00e1stico e metais, se aposentou em 1999 e raramente foi vista em p\u00fablico nos \u00faltimos anos.<\/p>\n\n\n\n<p>Seu legado ser\u00e1 eterno.\u00a0<\/p>\n\n\n\n<div class=\"wp-block-image\"><figure class=\"aligncenter size-full\"><img data-attachment-id=\"227551\" data-permalink=\"https:\/\/agrund.com\/index.php\/paco-rabanne-morre-aos-88-anos\/agrund-paco-rabanne-morte\/\" data-orig-file=\"https:\/\/i0.wp.com\/agrund.com\/wp-content\/uploads\/sites\/6\/2023\/02\/agrund-paco-rabanne-morte.jpg?fit=600%2C606&amp;ssl=1\" data-orig-size=\"600,606\" data-comments-opened=\"1\" data-image-meta=\"{&quot;aperture&quot;:&quot;0&quot;,&quot;credit&quot;:&quot;&quot;,&quot;camera&quot;:&quot;&quot;,&quot;caption&quot;:&quot;&quot;,&quot;created_timestamp&quot;:&quot;0&quot;,&quot;copyright&quot;:&quot;&quot;,&quot;focal_length&quot;:&quot;0&quot;,&quot;iso&quot;:&quot;0&quot;,&quot;shutter_speed&quot;:&quot;0&quot;,&quot;title&quot;:&quot;&quot;,&quot;orientation&quot;:&quot;0&quot;}\" data-image-title=\"agrund-paco-rabanne-morte\" data-image-description=\"\" data-image-caption=\"\" data-medium-file=\"https:\/\/i0.wp.com\/agrund.com\/wp-content\/uploads\/sites\/6\/2023\/02\/agrund-paco-rabanne-morte.jpg?fit=297%2C300&amp;ssl=1\" data-large-file=\"https:\/\/i0.wp.com\/agrund.com\/wp-content\/uploads\/sites\/6\/2023\/02\/agrund-paco-rabanne-morte.jpg?fit=600%2C606&amp;ssl=1\" decoding=\"async\" loading=\"lazy\" width=\"600\" height=\"606\" src=\"https:\/\/i0.wp.com\/agrund.com\/wp-content\/uploads\/sites\/6\/2023\/02\/agrund-paco-rabanne-morte.jpg?resize=600%2C606&#038;ssl=1\" alt=\"\" class=\"wp-image-227551\" srcset=\"https:\/\/i0.wp.com\/agrund.com\/wp-content\/uploads\/sites\/6\/2023\/02\/agrund-paco-rabanne-morte.jpg?w=600&amp;ssl=1 600w, https:\/\/i0.wp.com\/agrund.com\/wp-content\/uploads\/sites\/6\/2023\/02\/agrund-paco-rabanne-morte.jpg?resize=297%2C300&amp;ssl=1 297w\" sizes=\"(max-width: 600px) 100vw, 600px\" data-recalc-dims=\"1\" \/><figcaption>Paco Rabanne morre aos 88 anos<\/figcaption><\/figure><\/div>\n\n\n\n<p>Fotos: Reprodu\u00e7\u00e3o. <\/p>\n","protected":false},"excerpt":{"rendered":"<p>A sexta-feira come\u00e7ou triste no mundo da moda com a not\u00edcia do falecimento de Paco Rabanne aos 88 anos, em Portsall, na Fran\u00e7a. Quem confirmou a morte do designer espanhol foi o grupo Puig, detentor da marca de moda e fragr\u00e2ncias Paco Rabanne. \u201cAquele esp\u00edrito radical e rebelde o diferenciava: h\u00e1 apenas um Rabanne. Com [&hellip;]<\/p>\n","protected":false},"author":8,"featured_media":227552,"comment_status":"open","ping_status":"open","sticky":false,"template":"","format":"standard","meta":{"jetpack_post_was_ever_published":false,"_jetpack_newsletter_access":"","jetpack_publicize_message":"","jetpack_is_tweetstorm":false,"jetpack_publicize_feature_enabled":true,"jetpack_social_post_already_shared":true,"jetpack_social_options":{"image_generator_settings":{"template":"highway","enabled":false}}},"categories":[2],"tags":[395,375,423,347,67,525,148,2336,267,424,862],"jetpack_publicize_connections":[],"jetpack_featured_media_url":"https:\/\/i0.wp.com\/agrund.com\/wp-content\/uploads\/sites\/6\/2023\/02\/s-4.jpg?fit=960%2C300&ssl=1","jetpack_sharing_enabled":true,"jetpack_shortlink":"https:\/\/wp.me\/p3Hz0n-Xca","jetpack_likes_enabled":true,"_links":{"self":[{"href":"https:\/\/agrund.com\/index.php\/wp-json\/wp\/v2\/posts\/227550"}],"collection":[{"href":"https:\/\/agrund.com\/index.php\/wp-json\/wp\/v2\/posts"}],"about":[{"href":"https:\/\/agrund.com\/index.php\/wp-json\/wp\/v2\/types\/post"}],"author":[{"embeddable":true,"href":"https:\/\/agrund.com\/index.php\/wp-json\/wp\/v2\/users\/8"}],"replies":[{"embeddable":true,"href":"https:\/\/agrund.com\/index.php\/wp-json\/wp\/v2\/comments?post=227550"}],"version-history":[{"count":1,"href":"https:\/\/agrund.com\/index.php\/wp-json\/wp\/v2\/posts\/227550\/revisions"}],"predecessor-version":[{"id":227553,"href":"https:\/\/agrund.com\/index.php\/wp-json\/wp\/v2\/posts\/227550\/revisions\/227553"}],"wp:featuredmedia":[{"embeddable":true,"href":"https:\/\/agrund.com\/index.php\/wp-json\/wp\/v2\/media\/227552"}],"wp:attachment":[{"href":"https:\/\/agrund.com\/index.php\/wp-json\/wp\/v2\/media?parent=227550"}],"wp:term":[{"taxonomy":"category","embeddable":true,"href":"https:\/\/agrund.com\/index.php\/wp-json\/wp\/v2\/categories?post=227550"},{"taxonomy":"post_tag","embeddable":true,"href":"https:\/\/agrund.com\/index.php\/wp-json\/wp\/v2\/tags?post=227550"}],"curies":[{"name":"wp","href":"https:\/\/api.w.org\/{rel}","templated":true}]}}