{"id":227499,"date":"2023-01-30T17:00:00","date_gmt":"2023-01-30T20:00:00","guid":{"rendered":"https:\/\/agrund.com\/?p=227499"},"modified":"2023-01-30T16:03:09","modified_gmt":"2023-01-30T19:03:09","slug":"tudo-o-que-rolou-na-2a-edicao-do-idrio","status":"publish","type":"post","link":"https:\/\/agrund.com\/index.php\/tudo-o-que-rolou-na-2a-edicao-do-idrio\/","title":{"rendered":"Tudo o que rolou na 2\u00aa edi\u00e7\u00e3o do ID:Rio"},"content":{"rendered":"\n<p>Entre os dias 26 e 29 de janeiro aconteceu a segunda edi\u00e7\u00e3o do ID:Rio, projeto criado em 2021 por Helena Silveira e Cl\u00e1udio Silveira, que tem como objetivo valorizar a moda, o empreendedorismo e impulsionar a energia criativa do Estado do Rio de Janeiro.<\/p>\n\n\n\n<p>Dentre as novidades deste ano, tivemos uma amplia\u00e7\u00e3o na programa\u00e7\u00e3o, 100% gratuita, que contou com desfiles, palestras, oficinas, shows e exposi\u00e7\u00f5es em Niter\u00f3i e na capital do Estado.<\/p>\n\n\n\n<p>\u201cO ID:Rio esteve de bra\u00e7os abertos recebendo o p\u00fablico em diversas atividades presenciais. Nosso evento teve como objetivo fomentar o empreendedorismo, incentivando o trade de moda local e regional, promovendo a gera\u00e7\u00e3o de renda e a economia criativa. Ele veio para mostrar que n\u00f3s temos uma enorme possibilidade de fazer mais pelo trade da moda carioca e o melhor: fazer diferente e de maneira especial, sempre\u201d, destacou idealizador do evento, Claudio Silveira.<br>Dentre os desfiles que destacaram o protagonismo da moda carioca tivemos Rua dos Biqu\u00ednis, Beepfit, IED Rio apresenta Erica Rosa, Dress To, os alunos da Firjan SENAI Espa\u00e7o da Moda, e a moda handmade e sustent\u00e1vel da KITECOAT, com suas pe\u00e7as \u00fanicas feitas atrav\u00e9s de um trabalho de upcycling.<\/p>\n\n\n\n<p>Todos os talkshows tiveram correaliza\u00e7\u00e3o do Caderno Ela e abordaram temas atuais sobre estrat\u00e9gias, diversidade, neg\u00f3cios e empreendedorismo, como o bate-papo da apresentadora e atriz Luana Xavier sobre \u201cDiversidade, inclus\u00e3o e poder de influ\u00eancia na moda e na TV\u201d, e o do Andr\u00e9 Carvalhal, escritor e CEO da ag\u00eancia 3, e Isabel Braga Teixeira, fundadora &amp; CEO da Closet BoBags, sobre \u201cUpcycling: como se muda uma ind\u00fastria?\u201d.<\/p>\n\n\n\n<p>J\u00e1 nos pr\u00f3ximos dias, at\u00e9 25 de feveiro, o festival cruza a ponte para ocupar a Biblioteca Parque Estadual (BPE), no Centro do Rio de Janeiro, onde apresenta uma exposi\u00e7\u00e3o colaborativa, e collab com a Enel, que reune 10 looks confeccionados sob os preceitos do upcycling, a partir do reuso inteligente de insumos e fardamentos descartados.<\/p>\n\n\n\n<p>Confira alguns cliques do evento:<\/p>\n\n\n\n<div class=\"wp-block-image\"><figure class=\"aligncenter size-full\"><img data-attachment-id=\"227500\" data-permalink=\"https:\/\/agrund.com\/index.php\/tudo-o-que-rolou-na-2a-edicao-do-idrio\/agrund-id-rio-2023-1\/\" data-orig-file=\"https:\/\/i0.wp.com\/agrund.com\/wp-content\/uploads\/sites\/6\/2023\/01\/agrund-id-rio-2023-1.jpg?fit=600%2C704&amp;ssl=1\" data-orig-size=\"600,704\" data-comments-opened=\"1\" data-image-meta=\"{&quot;aperture&quot;:&quot;0&quot;,&quot;credit&quot;:&quot;&quot;,&quot;camera&quot;:&quot;&quot;,&quot;caption&quot;:&quot;&quot;,&quot;created_timestamp&quot;:&quot;0&quot;,&quot;copyright&quot;:&quot;&quot;,&quot;focal_length&quot;:&quot;0&quot;,&quot;iso&quot;:&quot;0&quot;,&quot;shutter_speed&quot;:&quot;0&quot;,&quot;title&quot;:&quot;&quot;,&quot;orientation&quot;:&quot;0&quot;}\" data-image-title=\"agrund-id-rio-2023-1\" data-image-description=\"\" data-image-caption=\"\" data-medium-file=\"https:\/\/i0.wp.com\/agrund.com\/wp-content\/uploads\/sites\/6\/2023\/01\/agrund-id-rio-2023-1.jpg?fit=256%2C300&amp;ssl=1\" data-large-file=\"https:\/\/i0.wp.com\/agrund.com\/wp-content\/uploads\/sites\/6\/2023\/01\/agrund-id-rio-2023-1.jpg?fit=600%2C704&amp;ssl=1\" decoding=\"async\" loading=\"lazy\" width=\"600\" height=\"704\" src=\"https:\/\/i0.wp.com\/agrund.com\/wp-content\/uploads\/sites\/6\/2023\/01\/agrund-id-rio-2023-1.jpg?resize=600%2C704&#038;ssl=1\" alt=\"\" class=\"wp-image-227500\" srcset=\"https:\/\/i0.wp.com\/agrund.com\/wp-content\/uploads\/sites\/6\/2023\/01\/agrund-id-rio-2023-1.jpg?w=600&amp;ssl=1 600w, https:\/\/i0.wp.com\/agrund.com\/wp-content\/uploads\/sites\/6\/2023\/01\/agrund-id-rio-2023-1.jpg?resize=256%2C300&amp;ssl=1 256w\" sizes=\"(max-width: 600px) 100vw, 600px\" data-recalc-dims=\"1\" \/><figcaption>Tudo o que rolou na 2\u00aa edi\u00e7\u00e3o do ID:Rio<\/figcaption><\/figure><\/div>\n\n\n\n<div class=\"wp-block-image\"><figure class=\"aligncenter size-full\"><img data-attachment-id=\"227501\" data-permalink=\"https:\/\/agrund.com\/index.php\/tudo-o-que-rolou-na-2a-edicao-do-idrio\/agrund-id-rio-2023-3\/\" data-orig-file=\"https:\/\/i0.wp.com\/agrund.com\/wp-content\/uploads\/sites\/6\/2023\/01\/agrund-id-rio-2023-3.jpg?fit=600%2C702&amp;ssl=1\" data-orig-size=\"600,702\" data-comments-opened=\"1\" data-image-meta=\"{&quot;aperture&quot;:&quot;0&quot;,&quot;credit&quot;:&quot;&quot;,&quot;camera&quot;:&quot;&quot;,&quot;caption&quot;:&quot;&quot;,&quot;created_timestamp&quot;:&quot;0&quot;,&quot;copyright&quot;:&quot;&quot;,&quot;focal_length&quot;:&quot;0&quot;,&quot;iso&quot;:&quot;0&quot;,&quot;shutter_speed&quot;:&quot;0&quot;,&quot;title&quot;:&quot;&quot;,&quot;orientation&quot;:&quot;0&quot;}\" data-image-title=\"agrund-id-rio-2023-3\" data-image-description=\"\" data-image-caption=\"\" data-medium-file=\"https:\/\/i0.wp.com\/agrund.com\/wp-content\/uploads\/sites\/6\/2023\/01\/agrund-id-rio-2023-3.jpg?fit=256%2C300&amp;ssl=1\" data-large-file=\"https:\/\/i0.wp.com\/agrund.com\/wp-content\/uploads\/sites\/6\/2023\/01\/agrund-id-rio-2023-3.jpg?fit=600%2C702&amp;ssl=1\" decoding=\"async\" loading=\"lazy\" width=\"600\" height=\"702\" src=\"https:\/\/i0.wp.com\/agrund.com\/wp-content\/uploads\/sites\/6\/2023\/01\/agrund-id-rio-2023-3.jpg?resize=600%2C702&#038;ssl=1\" alt=\"\" class=\"wp-image-227501\" srcset=\"https:\/\/i0.wp.com\/agrund.com\/wp-content\/uploads\/sites\/6\/2023\/01\/agrund-id-rio-2023-3.jpg?w=600&amp;ssl=1 600w, https:\/\/i0.wp.com\/agrund.com\/wp-content\/uploads\/sites\/6\/2023\/01\/agrund-id-rio-2023-3.jpg?resize=256%2C300&amp;ssl=1 256w\" sizes=\"(max-width: 600px) 100vw, 600px\" data-recalc-dims=\"1\" \/><figcaption>Tudo o que rolou na 2\u00aa edi\u00e7\u00e3o do ID:Rio<\/figcaption><\/figure><\/div>\n\n\n\n<div class=\"wp-block-image\"><figure class=\"aligncenter size-full\"><img data-attachment-id=\"227502\" data-permalink=\"https:\/\/agrund.com\/index.php\/tudo-o-que-rolou-na-2a-edicao-do-idrio\/agrund-id-rio-2023-2\/\" data-orig-file=\"https:\/\/i0.wp.com\/agrund.com\/wp-content\/uploads\/sites\/6\/2023\/01\/agrund-id-rio-2023-2.jpg?fit=600%2C702&amp;ssl=1\" data-orig-size=\"600,702\" data-comments-opened=\"1\" data-image-meta=\"{&quot;aperture&quot;:&quot;0&quot;,&quot;credit&quot;:&quot;&quot;,&quot;camera&quot;:&quot;&quot;,&quot;caption&quot;:&quot;&quot;,&quot;created_timestamp&quot;:&quot;0&quot;,&quot;copyright&quot;:&quot;&quot;,&quot;focal_length&quot;:&quot;0&quot;,&quot;iso&quot;:&quot;0&quot;,&quot;shutter_speed&quot;:&quot;0&quot;,&quot;title&quot;:&quot;&quot;,&quot;orientation&quot;:&quot;0&quot;}\" data-image-title=\"agrund-id-rio-2023-2\" data-image-description=\"\" data-image-caption=\"\" data-medium-file=\"https:\/\/i0.wp.com\/agrund.com\/wp-content\/uploads\/sites\/6\/2023\/01\/agrund-id-rio-2023-2.jpg?fit=256%2C300&amp;ssl=1\" data-large-file=\"https:\/\/i0.wp.com\/agrund.com\/wp-content\/uploads\/sites\/6\/2023\/01\/agrund-id-rio-2023-2.jpg?fit=600%2C702&amp;ssl=1\" decoding=\"async\" loading=\"lazy\" width=\"600\" height=\"702\" src=\"https:\/\/i0.wp.com\/agrund.com\/wp-content\/uploads\/sites\/6\/2023\/01\/agrund-id-rio-2023-2.jpg?resize=600%2C702&#038;ssl=1\" alt=\"\" class=\"wp-image-227502\" srcset=\"https:\/\/i0.wp.com\/agrund.com\/wp-content\/uploads\/sites\/6\/2023\/01\/agrund-id-rio-2023-2.jpg?w=600&amp;ssl=1 600w, https:\/\/i0.wp.com\/agrund.com\/wp-content\/uploads\/sites\/6\/2023\/01\/agrund-id-rio-2023-2.jpg?resize=256%2C300&amp;ssl=1 256w\" sizes=\"(max-width: 600px) 100vw, 600px\" data-recalc-dims=\"1\" \/><figcaption>Tudo o que rolou na 2\u00aa edi\u00e7\u00e3o do ID:Rio<\/figcaption><\/figure><\/div>\n\n\n\n<div class=\"wp-block-image\"><figure class=\"aligncenter size-full\"><img data-attachment-id=\"227503\" data-permalink=\"https:\/\/agrund.com\/index.php\/tudo-o-que-rolou-na-2a-edicao-do-idrio\/agrund-id-rio-2023-4\/\" data-orig-file=\"https:\/\/i0.wp.com\/agrund.com\/wp-content\/uploads\/sites\/6\/2023\/01\/agrund-id-rio-2023-4.jpg?fit=600%2C400&amp;ssl=1\" data-orig-size=\"600,400\" data-comments-opened=\"1\" data-image-meta=\"{&quot;aperture&quot;:&quot;0&quot;,&quot;credit&quot;:&quot;&quot;,&quot;camera&quot;:&quot;&quot;,&quot;caption&quot;:&quot;&quot;,&quot;created_timestamp&quot;:&quot;0&quot;,&quot;copyright&quot;:&quot;&quot;,&quot;focal_length&quot;:&quot;0&quot;,&quot;iso&quot;:&quot;0&quot;,&quot;shutter_speed&quot;:&quot;0&quot;,&quot;title&quot;:&quot;&quot;,&quot;orientation&quot;:&quot;1&quot;}\" data-image-title=\"agrund-id-rio-2023-4\" data-image-description=\"\" data-image-caption=\"\" data-medium-file=\"https:\/\/i0.wp.com\/agrund.com\/wp-content\/uploads\/sites\/6\/2023\/01\/agrund-id-rio-2023-4.jpg?fit=300%2C200&amp;ssl=1\" data-large-file=\"https:\/\/i0.wp.com\/agrund.com\/wp-content\/uploads\/sites\/6\/2023\/01\/agrund-id-rio-2023-4.jpg?fit=600%2C400&amp;ssl=1\" decoding=\"async\" loading=\"lazy\" width=\"600\" height=\"400\" src=\"https:\/\/i0.wp.com\/agrund.com\/wp-content\/uploads\/sites\/6\/2023\/01\/agrund-id-rio-2023-4.jpg?resize=600%2C400&#038;ssl=1\" alt=\"\" class=\"wp-image-227503\" srcset=\"https:\/\/i0.wp.com\/agrund.com\/wp-content\/uploads\/sites\/6\/2023\/01\/agrund-id-rio-2023-4.jpg?w=600&amp;ssl=1 600w, https:\/\/i0.wp.com\/agrund.com\/wp-content\/uploads\/sites\/6\/2023\/01\/agrund-id-rio-2023-4.jpg?resize=300%2C200&amp;ssl=1 300w\" sizes=\"(max-width: 600px) 100vw, 600px\" data-recalc-dims=\"1\" \/><figcaption>Tudo o que rolou na 2\u00aa edi\u00e7\u00e3o do ID:Rio<\/figcaption><\/figure><\/div>\n\n\n\n<div class=\"wp-block-image\"><figure class=\"aligncenter size-full\"><img data-attachment-id=\"227504\" data-permalink=\"https:\/\/agrund.com\/index.php\/tudo-o-que-rolou-na-2a-edicao-do-idrio\/agrund-id-rio-2023-6\/\" data-orig-file=\"https:\/\/i0.wp.com\/agrund.com\/wp-content\/uploads\/sites\/6\/2023\/01\/agrund-id-rio-2023-6.jpg?fit=600%2C800&amp;ssl=1\" data-orig-size=\"600,800\" data-comments-opened=\"1\" data-image-meta=\"{&quot;aperture&quot;:&quot;0&quot;,&quot;credit&quot;:&quot;&quot;,&quot;camera&quot;:&quot;&quot;,&quot;caption&quot;:&quot;&quot;,&quot;created_timestamp&quot;:&quot;0&quot;,&quot;copyright&quot;:&quot;&quot;,&quot;focal_length&quot;:&quot;0&quot;,&quot;iso&quot;:&quot;0&quot;,&quot;shutter_speed&quot;:&quot;0&quot;,&quot;title&quot;:&quot;&quot;,&quot;orientation&quot;:&quot;1&quot;}\" data-image-title=\"agrund-id-rio-2023-6\" data-image-description=\"\" data-image-caption=\"\" data-medium-file=\"https:\/\/i0.wp.com\/agrund.com\/wp-content\/uploads\/sites\/6\/2023\/01\/agrund-id-rio-2023-6.jpg?fit=225%2C300&amp;ssl=1\" data-large-file=\"https:\/\/i0.wp.com\/agrund.com\/wp-content\/uploads\/sites\/6\/2023\/01\/agrund-id-rio-2023-6.jpg?fit=600%2C800&amp;ssl=1\" decoding=\"async\" loading=\"lazy\" width=\"600\" height=\"800\" src=\"https:\/\/i0.wp.com\/agrund.com\/wp-content\/uploads\/sites\/6\/2023\/01\/agrund-id-rio-2023-6.jpg?resize=600%2C800&#038;ssl=1\" alt=\"\" class=\"wp-image-227504\" srcset=\"https:\/\/i0.wp.com\/agrund.com\/wp-content\/uploads\/sites\/6\/2023\/01\/agrund-id-rio-2023-6.jpg?w=600&amp;ssl=1 600w, https:\/\/i0.wp.com\/agrund.com\/wp-content\/uploads\/sites\/6\/2023\/01\/agrund-id-rio-2023-6.jpg?resize=225%2C300&amp;ssl=1 225w\" sizes=\"(max-width: 600px) 100vw, 600px\" data-recalc-dims=\"1\" \/><figcaption>Tudo o que rolou na 2\u00aa edi\u00e7\u00e3o do ID:Rio<\/figcaption><\/figure><\/div>\n\n\n\n<div class=\"wp-block-image\"><figure class=\"aligncenter size-full\"><img data-attachment-id=\"227505\" data-permalink=\"https:\/\/agrund.com\/index.php\/tudo-o-que-rolou-na-2a-edicao-do-idrio\/agrund-id-rio-2023-5\/\" data-orig-file=\"https:\/\/i0.wp.com\/agrund.com\/wp-content\/uploads\/sites\/6\/2023\/01\/agrund-id-rio-2023-5.jpg?fit=600%2C400&amp;ssl=1\" data-orig-size=\"600,400\" data-comments-opened=\"1\" data-image-meta=\"{&quot;aperture&quot;:&quot;0&quot;,&quot;credit&quot;:&quot;&quot;,&quot;camera&quot;:&quot;&quot;,&quot;caption&quot;:&quot;&quot;,&quot;created_timestamp&quot;:&quot;0&quot;,&quot;copyright&quot;:&quot;&quot;,&quot;focal_length&quot;:&quot;0&quot;,&quot;iso&quot;:&quot;0&quot;,&quot;shutter_speed&quot;:&quot;0&quot;,&quot;title&quot;:&quot;&quot;,&quot;orientation&quot;:&quot;1&quot;}\" data-image-title=\"agrund-id-rio-2023-5\" data-image-description=\"\" data-image-caption=\"\" data-medium-file=\"https:\/\/i0.wp.com\/agrund.com\/wp-content\/uploads\/sites\/6\/2023\/01\/agrund-id-rio-2023-5.jpg?fit=300%2C200&amp;ssl=1\" data-large-file=\"https:\/\/i0.wp.com\/agrund.com\/wp-content\/uploads\/sites\/6\/2023\/01\/agrund-id-rio-2023-5.jpg?fit=600%2C400&amp;ssl=1\" decoding=\"async\" loading=\"lazy\" width=\"600\" height=\"400\" src=\"https:\/\/i0.wp.com\/agrund.com\/wp-content\/uploads\/sites\/6\/2023\/01\/agrund-id-rio-2023-5.jpg?resize=600%2C400&#038;ssl=1\" alt=\"\" class=\"wp-image-227505\" srcset=\"https:\/\/i0.wp.com\/agrund.com\/wp-content\/uploads\/sites\/6\/2023\/01\/agrund-id-rio-2023-5.jpg?w=600&amp;ssl=1 600w, https:\/\/i0.wp.com\/agrund.com\/wp-content\/uploads\/sites\/6\/2023\/01\/agrund-id-rio-2023-5.jpg?resize=300%2C200&amp;ssl=1 300w\" sizes=\"(max-width: 600px) 100vw, 600px\" data-recalc-dims=\"1\" \/><figcaption>Tudo o que rolou na 2\u00aa edi\u00e7\u00e3o do ID:Rio<\/figcaption><\/figure><\/div>\n\n\n\n<p>Fotos: Divulga\u00e7\u00e3o\/ Raquel Borges\/ Reprodu\u00e7\u00e3o Instagram. <\/p>\n","protected":false},"excerpt":{"rendered":"<p>Entre os dias 26 e 29 de janeiro aconteceu a segunda edi\u00e7\u00e3o do ID:Rio, projeto criado em 2021 por Helena Silveira e Cl\u00e1udio Silveira, que tem como objetivo valorizar a moda, o empreendedorismo e impulsionar a energia criativa do Estado do Rio de Janeiro. Dentre as novidades deste ano, tivemos uma amplia\u00e7\u00e3o na programa\u00e7\u00e3o, 100% [&hellip;]<\/p>\n","protected":false},"author":8,"featured_media":227506,"comment_status":"open","ping_status":"open","sticky":false,"template":"","format":"standard","meta":{"jetpack_post_was_ever_published":false,"_jetpack_newsletter_access":"","jetpack_publicize_message":"","jetpack_is_tweetstorm":false,"jetpack_publicize_feature_enabled":true,"jetpack_social_post_already_shared":true,"jetpack_social_options":{"image_generator_settings":{"template":"highway","enabled":false}}},"categories":[2],"tags":[395,375,423,347,67,525,148,424,862],"jetpack_publicize_connections":[],"jetpack_featured_media_url":"https:\/\/i0.wp.com\/agrund.com\/wp-content\/uploads\/sites\/6\/2023\/01\/s-25.jpg?fit=960%2C300&ssl=1","jetpack_sharing_enabled":true,"jetpack_shortlink":"https:\/\/wp.me\/p3Hz0n-Xbl","jetpack_likes_enabled":true,"_links":{"self":[{"href":"https:\/\/agrund.com\/index.php\/wp-json\/wp\/v2\/posts\/227499"}],"collection":[{"href":"https:\/\/agrund.com\/index.php\/wp-json\/wp\/v2\/posts"}],"about":[{"href":"https:\/\/agrund.com\/index.php\/wp-json\/wp\/v2\/types\/post"}],"author":[{"embeddable":true,"href":"https:\/\/agrund.com\/index.php\/wp-json\/wp\/v2\/users\/8"}],"replies":[{"embeddable":true,"href":"https:\/\/agrund.com\/index.php\/wp-json\/wp\/v2\/comments?post=227499"}],"version-history":[{"count":1,"href":"https:\/\/agrund.com\/index.php\/wp-json\/wp\/v2\/posts\/227499\/revisions"}],"predecessor-version":[{"id":227507,"href":"https:\/\/agrund.com\/index.php\/wp-json\/wp\/v2\/posts\/227499\/revisions\/227507"}],"wp:featuredmedia":[{"embeddable":true,"href":"https:\/\/agrund.com\/index.php\/wp-json\/wp\/v2\/media\/227506"}],"wp:attachment":[{"href":"https:\/\/agrund.com\/index.php\/wp-json\/wp\/v2\/media?parent=227499"}],"wp:term":[{"taxonomy":"category","embeddable":true,"href":"https:\/\/agrund.com\/index.php\/wp-json\/wp\/v2\/categories?post=227499"},{"taxonomy":"post_tag","embeddable":true,"href":"https:\/\/agrund.com\/index.php\/wp-json\/wp\/v2\/tags?post=227499"}],"curies":[{"name":"wp","href":"https:\/\/api.w.org\/{rel}","templated":true}]}}