{"id":227444,"date":"2023-01-23T17:00:00","date_gmt":"2023-01-23T20:00:00","guid":{"rendered":"https:\/\/agrund.com\/?p=227444"},"modified":"2023-01-23T14:01:40","modified_gmt":"2023-01-23T17:01:40","slug":"kim-kardashian-compra-joia-que-foi-da-princesa-diana","status":"publish","type":"post","link":"https:\/\/agrund.com\/index.php\/kim-kardashian-compra-joia-que-foi-da-princesa-diana\/","title":{"rendered":"Kim Kardashian compra joia que foi da Princesa Diana"},"content":{"rendered":"\n<p>J\u00e1 pensou ter uma pe\u00e7a que pertenceu \u00e0 Princesa Diana? Pois Kim Kardashian agora sabe bem o que \u00e9 isso.<\/p>\n\n\n\n<p>A empres\u00e1ria comprou o ic\u00f4nico pingente Cruz Attallah durante um leil\u00e3o da Sotheby&#8217;s London. A pe\u00e7a foi criada na d\u00e9cada de 1920 e usada por Lady Di mais de 60 anos depois, durante o Baile de Gala da Birthright, em outubro de 1987.<\/p>\n\n\n\n<p>&#8220;Esta \u00e9 uma joia ousada por seu tamanho, cor e estilo, que n\u00e3o pode deixar de fazer uma declara\u00e7\u00e3o vibrante, seja de f\u00e9 ou moda &#8211; ou mesmo ambos&#8221;, declarou Kristian Spofforth, chefe de joalheria da Sotheby&#8217;s London.&nbsp;<\/p>\n\n\n\n<p>Feito com diamantes e ametistas de corte quadrado, a cruz possui detalhes florais singulares e foi arrematada por \u00a3163,800 (cerca de R$ 1 milh\u00e3o). Veja os detalhes da pe\u00e7a na galeria abaixo:<\/p>\n\n\n\n<div class=\"wp-block-image\"><figure class=\"aligncenter size-full\"><img data-attachment-id=\"227446\" data-permalink=\"https:\/\/agrund.com\/index.php\/kim-kardashian-compra-joia-que-foi-da-princesa-diana\/agrund-kim-kardashian-joia-princesa-diana-1\/\" data-orig-file=\"https:\/\/i0.wp.com\/agrund.com\/wp-content\/uploads\/sites\/6\/2023\/01\/agrund-kim-kardashian-joia-princesa-diana-1.jpeg?fit=600%2C901&amp;ssl=1\" data-orig-size=\"600,901\" data-comments-opened=\"1\" data-image-meta=\"{&quot;aperture&quot;:&quot;0&quot;,&quot;credit&quot;:&quot;&quot;,&quot;camera&quot;:&quot;&quot;,&quot;caption&quot;:&quot;&quot;,&quot;created_timestamp&quot;:&quot;0&quot;,&quot;copyright&quot;:&quot;&quot;,&quot;focal_length&quot;:&quot;0&quot;,&quot;iso&quot;:&quot;0&quot;,&quot;shutter_speed&quot;:&quot;0&quot;,&quot;title&quot;:&quot;&quot;,&quot;orientation&quot;:&quot;1&quot;}\" data-image-title=\"agrund-kim-kardashian-joia-princesa-diana-1\" data-image-description=\"\" data-image-caption=\"\" data-medium-file=\"https:\/\/i0.wp.com\/agrund.com\/wp-content\/uploads\/sites\/6\/2023\/01\/agrund-kim-kardashian-joia-princesa-diana-1.jpeg?fit=200%2C300&amp;ssl=1\" data-large-file=\"https:\/\/i0.wp.com\/agrund.com\/wp-content\/uploads\/sites\/6\/2023\/01\/agrund-kim-kardashian-joia-princesa-diana-1.jpeg?fit=600%2C901&amp;ssl=1\" decoding=\"async\" loading=\"lazy\" width=\"600\" height=\"901\" src=\"https:\/\/i0.wp.com\/agrund.com\/wp-content\/uploads\/sites\/6\/2023\/01\/agrund-kim-kardashian-joia-princesa-diana-1.jpeg?resize=600%2C901&#038;ssl=1\" alt=\"\" class=\"wp-image-227446\" srcset=\"https:\/\/i0.wp.com\/agrund.com\/wp-content\/uploads\/sites\/6\/2023\/01\/agrund-kim-kardashian-joia-princesa-diana-1.jpeg?w=600&amp;ssl=1 600w, https:\/\/i0.wp.com\/agrund.com\/wp-content\/uploads\/sites\/6\/2023\/01\/agrund-kim-kardashian-joia-princesa-diana-1.jpeg?resize=200%2C300&amp;ssl=1 200w\" sizes=\"(max-width: 600px) 100vw, 600px\" data-recalc-dims=\"1\" \/><figcaption>Kim Kardashian compra joia que foi da Princesa Diana<\/figcaption><\/figure><\/div>\n\n\n\n<div class=\"wp-block-image\"><figure class=\"aligncenter size-full\"><img data-attachment-id=\"227447\" data-permalink=\"https:\/\/agrund.com\/index.php\/kim-kardashian-compra-joia-que-foi-da-princesa-diana\/agrund-kim-kardashian-joia-princesa-diana-2\/\" data-orig-file=\"https:\/\/i0.wp.com\/agrund.com\/wp-content\/uploads\/sites\/6\/2023\/01\/agrund-kim-kardashian-joia-princesa-diana-2.jpeg?fit=600%2C600&amp;ssl=1\" data-orig-size=\"600,600\" data-comments-opened=\"1\" data-image-meta=\"{&quot;aperture&quot;:&quot;0&quot;,&quot;credit&quot;:&quot;&quot;,&quot;camera&quot;:&quot;&quot;,&quot;caption&quot;:&quot;&quot;,&quot;created_timestamp&quot;:&quot;0&quot;,&quot;copyright&quot;:&quot;&quot;,&quot;focal_length&quot;:&quot;0&quot;,&quot;iso&quot;:&quot;0&quot;,&quot;shutter_speed&quot;:&quot;0&quot;,&quot;title&quot;:&quot;&quot;,&quot;orientation&quot;:&quot;1&quot;}\" data-image-title=\"agrund-kim-kardashian-joia-princesa-diana-2\" data-image-description=\"\" data-image-caption=\"\" data-medium-file=\"https:\/\/i0.wp.com\/agrund.com\/wp-content\/uploads\/sites\/6\/2023\/01\/agrund-kim-kardashian-joia-princesa-diana-2.jpeg?fit=300%2C300&amp;ssl=1\" data-large-file=\"https:\/\/i0.wp.com\/agrund.com\/wp-content\/uploads\/sites\/6\/2023\/01\/agrund-kim-kardashian-joia-princesa-diana-2.jpeg?fit=600%2C600&amp;ssl=1\" decoding=\"async\" loading=\"lazy\" width=\"600\" height=\"600\" src=\"https:\/\/i0.wp.com\/agrund.com\/wp-content\/uploads\/sites\/6\/2023\/01\/agrund-kim-kardashian-joia-princesa-diana-2.jpeg?resize=600%2C600&#038;ssl=1\" alt=\"\" class=\"wp-image-227447\" srcset=\"https:\/\/i0.wp.com\/agrund.com\/wp-content\/uploads\/sites\/6\/2023\/01\/agrund-kim-kardashian-joia-princesa-diana-2.jpeg?w=600&amp;ssl=1 600w, https:\/\/i0.wp.com\/agrund.com\/wp-content\/uploads\/sites\/6\/2023\/01\/agrund-kim-kardashian-joia-princesa-diana-2.jpeg?resize=300%2C300&amp;ssl=1 300w, https:\/\/i0.wp.com\/agrund.com\/wp-content\/uploads\/sites\/6\/2023\/01\/agrund-kim-kardashian-joia-princesa-diana-2.jpeg?resize=150%2C150&amp;ssl=1 150w\" sizes=\"(max-width: 600px) 100vw, 600px\" data-recalc-dims=\"1\" \/><figcaption>Kim Kardashian compra joia que foi da Princesa Diana<\/figcaption><\/figure><\/div>\n\n\n\n<p>Fotos: Reprodu\u00e7\u00e3o. <\/p>\n","protected":false},"excerpt":{"rendered":"<p>J\u00e1 pensou ter uma pe\u00e7a que pertenceu \u00e0 Princesa Diana? Pois Kim Kardashian agora sabe bem o que \u00e9 isso. A empres\u00e1ria comprou o ic\u00f4nico pingente Cruz Attallah durante um leil\u00e3o da Sotheby&#8217;s London. A pe\u00e7a foi criada na d\u00e9cada de 1920 e usada por Lady Di mais de 60 anos depois, durante o Baile [&hellip;]<\/p>\n","protected":false},"author":8,"featured_media":227445,"comment_status":"open","ping_status":"open","sticky":false,"template":"","format":"standard","meta":{"jetpack_post_was_ever_published":false,"_jetpack_newsletter_access":"","jetpack_publicize_message":"","jetpack_is_tweetstorm":false,"jetpack_publicize_feature_enabled":true,"jetpack_social_post_already_shared":true,"jetpack_social_options":{"image_generator_settings":{"template":"highway","enabled":false}}},"categories":[2],"tags":[395,375,347,871,699,494,67,525,148,1429,424,862],"jetpack_publicize_connections":[],"jetpack_featured_media_url":"https:\/\/i0.wp.com\/agrund.com\/wp-content\/uploads\/sites\/6\/2023\/01\/s-21.jpg?fit=960%2C300&ssl=1","jetpack_sharing_enabled":true,"jetpack_shortlink":"https:\/\/wp.me\/p3Hz0n-Xas","jetpack_likes_enabled":true,"_links":{"self":[{"href":"https:\/\/agrund.com\/index.php\/wp-json\/wp\/v2\/posts\/227444"}],"collection":[{"href":"https:\/\/agrund.com\/index.php\/wp-json\/wp\/v2\/posts"}],"about":[{"href":"https:\/\/agrund.com\/index.php\/wp-json\/wp\/v2\/types\/post"}],"author":[{"embeddable":true,"href":"https:\/\/agrund.com\/index.php\/wp-json\/wp\/v2\/users\/8"}],"replies":[{"embeddable":true,"href":"https:\/\/agrund.com\/index.php\/wp-json\/wp\/v2\/comments?post=227444"}],"version-history":[{"count":1,"href":"https:\/\/agrund.com\/index.php\/wp-json\/wp\/v2\/posts\/227444\/revisions"}],"predecessor-version":[{"id":227448,"href":"https:\/\/agrund.com\/index.php\/wp-json\/wp\/v2\/posts\/227444\/revisions\/227448"}],"wp:featuredmedia":[{"embeddable":true,"href":"https:\/\/agrund.com\/index.php\/wp-json\/wp\/v2\/media\/227445"}],"wp:attachment":[{"href":"https:\/\/agrund.com\/index.php\/wp-json\/wp\/v2\/media?parent=227444"}],"wp:term":[{"taxonomy":"category","embeddable":true,"href":"https:\/\/agrund.com\/index.php\/wp-json\/wp\/v2\/categories?post=227444"},{"taxonomy":"post_tag","embeddable":true,"href":"https:\/\/agrund.com\/index.php\/wp-json\/wp\/v2\/tags?post=227444"}],"curies":[{"name":"wp","href":"https:\/\/api.w.org\/{rel}","templated":true}]}}