{"id":227406,"date":"2023-01-19T13:00:00","date_gmt":"2023-01-19T16:00:00","guid":{"rendered":"https:\/\/agrund.com\/?p=227406"},"modified":"2023-01-19T14:03:20","modified_gmt":"2023-01-19T17:03:20","slug":"met-gala-2023-dua-lipa-novos-anfitrioes-e-o-dress-code","status":"publish","type":"post","link":"https:\/\/agrund.com\/index.php\/met-gala-2023-dua-lipa-novos-anfitrioes-e-o-dress-code\/","title":{"rendered":"Met Gala 2023: Dua Lipa, novos anfitri\u00f5es e o dress code"},"content":{"rendered":"\n<p>O Met Gala 2023 acontece no dia 01 de maio e as novidades do evento j\u00e1 come\u00e7aram a ser divulgadas.<\/p>\n\n\n\n<p>Dua Lipa usou seu Instagram para revelar que ser\u00e1 uma das anfitri\u00e3s da noite, ou co-chair, como o evento intitula. Al\u00e9m da cantora, Anna Wintour tamb\u00e9m convidou Michaela Coel, Pen\u00e9lope Cruz e Roger Federer para se juntar ao time deste ano.<\/p>\n\n\n\n<p>E n\u00e3o para por a\u00ed! O dress code da noite tamb\u00e9m foi revelado e \u00e9 &#8220;em homenagem a Karl&#8221;, sendo assim, os convidados devem escolher looks que fa\u00e7am refer\u00eancia ao estilista. J\u00e1 podemos imaginar que muitas celebridades v\u00e3o apostar em pe\u00e7as de marcas em que Karl foi diretor criativo, como Chanel, Fendi e sua marca hom\u00f4nima.<\/p>\n\n\n\n<p>Para quem n\u00e3o se lembra, contamos <a href=\"https:\/\/agrund.com\/index.php\/karl-lagerfeld-sera-tema-do-met-gala-2023\/\" target=\"_blank\" rel=\"noreferrer noopener\">AQUI<\/a> que o tema deste ano da exposi\u00e7\u00e3o do Metropolitan Museum of Art \u00e9 \u2018Karl Lagerfeld: A Line of Beauty\u2019.<\/p>\n\n\n\n<p>O que ser\u00e1 que o tapete vermelho mais aguardado do ano nos reserva?&nbsp;<\/p>\n\n\n\n<div class=\"wp-block-image\"><figure class=\"aligncenter size-full\"><img data-attachment-id=\"227407\" data-permalink=\"https:\/\/agrund.com\/index.php\/met-gala-2023-dua-lipa-novos-anfitrioes-e-o-dress-code\/agrund-dua-lipa-met-gala-2023-karl-lagerfeld\/\" data-orig-file=\"https:\/\/i0.wp.com\/agrund.com\/wp-content\/uploads\/sites\/6\/2023\/01\/agrund-dua-lipa-met-gala-2023-karl-lagerfeld.jpeg?fit=600%2C900&amp;ssl=1\" data-orig-size=\"600,900\" data-comments-opened=\"1\" data-image-meta=\"{&quot;aperture&quot;:&quot;0&quot;,&quot;credit&quot;:&quot;&quot;,&quot;camera&quot;:&quot;&quot;,&quot;caption&quot;:&quot;&quot;,&quot;created_timestamp&quot;:&quot;0&quot;,&quot;copyright&quot;:&quot;&quot;,&quot;focal_length&quot;:&quot;0&quot;,&quot;iso&quot;:&quot;0&quot;,&quot;shutter_speed&quot;:&quot;0&quot;,&quot;title&quot;:&quot;&quot;,&quot;orientation&quot;:&quot;1&quot;}\" data-image-title=\"agrund-dua-lipa-met-gala-2023-karl-lagerfeld\" data-image-description=\"\" data-image-caption=\"\" data-medium-file=\"https:\/\/i0.wp.com\/agrund.com\/wp-content\/uploads\/sites\/6\/2023\/01\/agrund-dua-lipa-met-gala-2023-karl-lagerfeld.jpeg?fit=200%2C300&amp;ssl=1\" data-large-file=\"https:\/\/i0.wp.com\/agrund.com\/wp-content\/uploads\/sites\/6\/2023\/01\/agrund-dua-lipa-met-gala-2023-karl-lagerfeld.jpeg?fit=600%2C900&amp;ssl=1\" decoding=\"async\" loading=\"lazy\" width=\"600\" height=\"900\" src=\"https:\/\/i0.wp.com\/agrund.com\/wp-content\/uploads\/sites\/6\/2023\/01\/agrund-dua-lipa-met-gala-2023-karl-lagerfeld.jpeg?resize=600%2C900&#038;ssl=1\" alt=\"\" class=\"wp-image-227407\" srcset=\"https:\/\/i0.wp.com\/agrund.com\/wp-content\/uploads\/sites\/6\/2023\/01\/agrund-dua-lipa-met-gala-2023-karl-lagerfeld.jpeg?w=600&amp;ssl=1 600w, https:\/\/i0.wp.com\/agrund.com\/wp-content\/uploads\/sites\/6\/2023\/01\/agrund-dua-lipa-met-gala-2023-karl-lagerfeld.jpeg?resize=200%2C300&amp;ssl=1 200w\" sizes=\"(max-width: 600px) 100vw, 600px\" data-recalc-dims=\"1\" \/><figcaption>Met Gala 2023: Dua Lipa, novos anfitri\u00f5es e o dress code<\/figcaption><\/figure><\/div>\n\n\n\n<p>Foto: Reprodu\u00e7\u00e3o. <\/p>\n","protected":false},"excerpt":{"rendered":"<p>O Met Gala 2023 acontece no dia 01 de maio e as novidades do evento j\u00e1 come\u00e7aram a ser divulgadas. Dua Lipa usou seu Instagram para revelar que ser\u00e1 uma das anfitri\u00e3s da noite, ou co-chair, como o evento intitula. Al\u00e9m da cantora, Anna Wintour tamb\u00e9m convidou Michaela Coel, Pen\u00e9lope Cruz e Roger Federer para [&hellip;]<\/p>\n","protected":false},"author":8,"featured_media":227408,"comment_status":"open","ping_status":"open","sticky":false,"template":"","format":"standard","meta":{"jetpack_post_was_ever_published":false,"_jetpack_newsletter_access":"","jetpack_publicize_message":"","jetpack_is_tweetstorm":false,"jetpack_publicize_feature_enabled":true,"jetpack_social_post_already_shared":true,"jetpack_social_options":{"image_generator_settings":{"template":"highway","enabled":false}}},"categories":[2],"tags":[395,375,3522,696,423,723,347,593,3378,67,525,148,424,564,862],"jetpack_publicize_connections":[],"jetpack_featured_media_url":"https:\/\/i0.wp.com\/agrund.com\/wp-content\/uploads\/sites\/6\/2023\/01\/s-17.jpg?fit=960%2C300&ssl=1","jetpack_sharing_enabled":true,"jetpack_shortlink":"https:\/\/wp.me\/p3Hz0n-X9Q","jetpack_likes_enabled":true,"_links":{"self":[{"href":"https:\/\/agrund.com\/index.php\/wp-json\/wp\/v2\/posts\/227406"}],"collection":[{"href":"https:\/\/agrund.com\/index.php\/wp-json\/wp\/v2\/posts"}],"about":[{"href":"https:\/\/agrund.com\/index.php\/wp-json\/wp\/v2\/types\/post"}],"author":[{"embeddable":true,"href":"https:\/\/agrund.com\/index.php\/wp-json\/wp\/v2\/users\/8"}],"replies":[{"embeddable":true,"href":"https:\/\/agrund.com\/index.php\/wp-json\/wp\/v2\/comments?post=227406"}],"version-history":[{"count":2,"href":"https:\/\/agrund.com\/index.php\/wp-json\/wp\/v2\/posts\/227406\/revisions"}],"predecessor-version":[{"id":227410,"href":"https:\/\/agrund.com\/index.php\/wp-json\/wp\/v2\/posts\/227406\/revisions\/227410"}],"wp:featuredmedia":[{"embeddable":true,"href":"https:\/\/agrund.com\/index.php\/wp-json\/wp\/v2\/media\/227408"}],"wp:attachment":[{"href":"https:\/\/agrund.com\/index.php\/wp-json\/wp\/v2\/media?parent=227406"}],"wp:term":[{"taxonomy":"category","embeddable":true,"href":"https:\/\/agrund.com\/index.php\/wp-json\/wp\/v2\/categories?post=227406"},{"taxonomy":"post_tag","embeddable":true,"href":"https:\/\/agrund.com\/index.php\/wp-json\/wp\/v2\/tags?post=227406"}],"curies":[{"name":"wp","href":"https:\/\/api.w.org\/{rel}","templated":true}]}}