{"id":227359,"date":"2023-01-17T17:00:00","date_gmt":"2023-01-17T20:00:00","guid":{"rendered":"https:\/\/agrund.com\/?p=227359"},"modified":"2023-01-17T12:53:33","modified_gmt":"2023-01-17T15:53:33","slug":"kaia-gerber-e-o-novo-rosto-da-alaia","status":"publish","type":"post","link":"https:\/\/agrund.com\/index.php\/kaia-gerber-e-o-novo-rosto-da-alaia\/","title":{"rendered":"Kaia Gerber \u00e9 o novo rosto da Ala\u00efa"},"content":{"rendered":"\n<p>Kaia Gerber tem acumulado um curr\u00edculo e tanto quando falamos de campanhas de moda. Depois de ser rosto de marcas como Saint Laurent e C\u00e9line, agora, a jovem de 21 anos estrela a campanha Inverno\/Primavera 2023 da Ala\u00efa.<\/p>\n\n\n\n<p>Mas se engana quem pensa que este \u00e9 o primeiro passo da rela\u00e7\u00e3o da modelo com a marca. Em outubro de 2022, quando ainda nem imagin\u00e1vamos que ela seria o rosto da Ala\u00efa, Kaia foi uma das mais bem-vestidas do 2\u00aa Gala Anual do Museu de Cinema da Academia. Ela usou um conjunto da Ala\u00efa composto por blusa e saia drapeada levemente transparentes. Agora, na campanha, a modelo posou com o mesmo look.<\/p>\n\n\n\n<p>Fotografada em Los Angeles, a modelo aparece com looks glamourosos e sexys &#8211; da composi\u00e7\u00e3o all jeans com muitos acess\u00f3rios a um vestido vermelho de silhueta justa no corpo.<\/p>\n\n\n\n<p>A fotografia \u00e9 de Tyrone Lebon e voc\u00ea confere na galeria abaixo:&nbsp;<\/p>\n\n\n\n<div class=\"wp-block-image\"><figure class=\"aligncenter size-full\"><img data-attachment-id=\"227361\" data-permalink=\"https:\/\/agrund.com\/index.php\/kaia-gerber-e-o-novo-rosto-da-alaia\/agrund-kaia-gerber-alaia-spring-2023-campaign003\/\" data-orig-file=\"https:\/\/i0.wp.com\/agrund.com\/wp-content\/uploads\/sites\/6\/2023\/01\/agrund-Kaia-Gerber-Alaia-Spring-2023-Campaign003.jpeg?fit=600%2C749&amp;ssl=1\" data-orig-size=\"600,749\" data-comments-opened=\"1\" data-image-meta=\"{&quot;aperture&quot;:&quot;0&quot;,&quot;credit&quot;:&quot;&quot;,&quot;camera&quot;:&quot;&quot;,&quot;caption&quot;:&quot;&quot;,&quot;created_timestamp&quot;:&quot;0&quot;,&quot;copyright&quot;:&quot;&quot;,&quot;focal_length&quot;:&quot;0&quot;,&quot;iso&quot;:&quot;0&quot;,&quot;shutter_speed&quot;:&quot;0&quot;,&quot;title&quot;:&quot;&quot;,&quot;orientation&quot;:&quot;1&quot;}\" data-image-title=\"agrund-Kaia-Gerber-Alaia-Spring-2023-Campaign003\" data-image-description=\"\" data-image-caption=\"\" data-medium-file=\"https:\/\/i0.wp.com\/agrund.com\/wp-content\/uploads\/sites\/6\/2023\/01\/agrund-Kaia-Gerber-Alaia-Spring-2023-Campaign003.jpeg?fit=240%2C300&amp;ssl=1\" data-large-file=\"https:\/\/i0.wp.com\/agrund.com\/wp-content\/uploads\/sites\/6\/2023\/01\/agrund-Kaia-Gerber-Alaia-Spring-2023-Campaign003.jpeg?fit=600%2C749&amp;ssl=1\" decoding=\"async\" loading=\"lazy\" width=\"600\" height=\"749\" src=\"https:\/\/i0.wp.com\/agrund.com\/wp-content\/uploads\/sites\/6\/2023\/01\/agrund-Kaia-Gerber-Alaia-Spring-2023-Campaign003.jpeg?resize=600%2C749&#038;ssl=1\" alt=\"\" class=\"wp-image-227361\" srcset=\"https:\/\/i0.wp.com\/agrund.com\/wp-content\/uploads\/sites\/6\/2023\/01\/agrund-Kaia-Gerber-Alaia-Spring-2023-Campaign003.jpeg?w=600&amp;ssl=1 600w, https:\/\/i0.wp.com\/agrund.com\/wp-content\/uploads\/sites\/6\/2023\/01\/agrund-Kaia-Gerber-Alaia-Spring-2023-Campaign003.jpeg?resize=240%2C300&amp;ssl=1 240w\" sizes=\"(max-width: 600px) 100vw, 600px\" data-recalc-dims=\"1\" \/><figcaption>Kaia Gerber \u00e9 o novo rosto da Ala\u00efa<\/figcaption><\/figure><\/div>\n\n\n\n<div class=\"wp-block-image\"><figure class=\"aligncenter size-full\"><img data-attachment-id=\"227362\" data-permalink=\"https:\/\/agrund.com\/index.php\/kaia-gerber-e-o-novo-rosto-da-alaia\/agrund-kaia-gerber-alaia-spring-2023-campaign004\/\" data-orig-file=\"https:\/\/i0.wp.com\/agrund.com\/wp-content\/uploads\/sites\/6\/2023\/01\/agrund-Kaia-Gerber-Alaia-Spring-2023-Campaign004.jpeg?fit=600%2C750&amp;ssl=1\" data-orig-size=\"600,750\" data-comments-opened=\"1\" data-image-meta=\"{&quot;aperture&quot;:&quot;0&quot;,&quot;credit&quot;:&quot;&quot;,&quot;camera&quot;:&quot;&quot;,&quot;caption&quot;:&quot;&quot;,&quot;created_timestamp&quot;:&quot;0&quot;,&quot;copyright&quot;:&quot;&quot;,&quot;focal_length&quot;:&quot;0&quot;,&quot;iso&quot;:&quot;0&quot;,&quot;shutter_speed&quot;:&quot;0&quot;,&quot;title&quot;:&quot;&quot;,&quot;orientation&quot;:&quot;1&quot;}\" data-image-title=\"agrund-Kaia-Gerber-Alaia-Spring-2023-Campaign004\" data-image-description=\"\" data-image-caption=\"\" data-medium-file=\"https:\/\/i0.wp.com\/agrund.com\/wp-content\/uploads\/sites\/6\/2023\/01\/agrund-Kaia-Gerber-Alaia-Spring-2023-Campaign004.jpeg?fit=240%2C300&amp;ssl=1\" data-large-file=\"https:\/\/i0.wp.com\/agrund.com\/wp-content\/uploads\/sites\/6\/2023\/01\/agrund-Kaia-Gerber-Alaia-Spring-2023-Campaign004.jpeg?fit=600%2C750&amp;ssl=1\" decoding=\"async\" loading=\"lazy\" width=\"600\" height=\"750\" src=\"https:\/\/i0.wp.com\/agrund.com\/wp-content\/uploads\/sites\/6\/2023\/01\/agrund-Kaia-Gerber-Alaia-Spring-2023-Campaign004.jpeg?resize=600%2C750&#038;ssl=1\" alt=\"\" class=\"wp-image-227362\" srcset=\"https:\/\/i0.wp.com\/agrund.com\/wp-content\/uploads\/sites\/6\/2023\/01\/agrund-Kaia-Gerber-Alaia-Spring-2023-Campaign004.jpeg?w=600&amp;ssl=1 600w, https:\/\/i0.wp.com\/agrund.com\/wp-content\/uploads\/sites\/6\/2023\/01\/agrund-Kaia-Gerber-Alaia-Spring-2023-Campaign004.jpeg?resize=240%2C300&amp;ssl=1 240w\" sizes=\"(max-width: 600px) 100vw, 600px\" data-recalc-dims=\"1\" \/><figcaption>Kaia Gerber \u00e9 o novo rosto da Ala\u00efa<\/figcaption><\/figure><\/div>\n\n\n\n<div class=\"wp-block-image\"><figure class=\"aligncenter size-full\"><img data-attachment-id=\"227363\" data-permalink=\"https:\/\/agrund.com\/index.php\/kaia-gerber-e-o-novo-rosto-da-alaia\/agrund-kaia-gerber-alaia-spring-2023-campaign01\/\" data-orig-file=\"https:\/\/i0.wp.com\/agrund.com\/wp-content\/uploads\/sites\/6\/2023\/01\/agrund-Kaia-Gerber-Alaia-Spring-2023-Campaign01.jpeg?fit=600%2C749&amp;ssl=1\" data-orig-size=\"600,749\" data-comments-opened=\"1\" data-image-meta=\"{&quot;aperture&quot;:&quot;0&quot;,&quot;credit&quot;:&quot;&quot;,&quot;camera&quot;:&quot;&quot;,&quot;caption&quot;:&quot;&quot;,&quot;created_timestamp&quot;:&quot;0&quot;,&quot;copyright&quot;:&quot;&quot;,&quot;focal_length&quot;:&quot;0&quot;,&quot;iso&quot;:&quot;0&quot;,&quot;shutter_speed&quot;:&quot;0&quot;,&quot;title&quot;:&quot;&quot;,&quot;orientation&quot;:&quot;1&quot;}\" data-image-title=\"agrund-Kaia-Gerber-Alaia-Spring-2023-Campaign01\" data-image-description=\"\" data-image-caption=\"\" data-medium-file=\"https:\/\/i0.wp.com\/agrund.com\/wp-content\/uploads\/sites\/6\/2023\/01\/agrund-Kaia-Gerber-Alaia-Spring-2023-Campaign01.jpeg?fit=240%2C300&amp;ssl=1\" data-large-file=\"https:\/\/i0.wp.com\/agrund.com\/wp-content\/uploads\/sites\/6\/2023\/01\/agrund-Kaia-Gerber-Alaia-Spring-2023-Campaign01.jpeg?fit=600%2C749&amp;ssl=1\" decoding=\"async\" loading=\"lazy\" width=\"600\" height=\"749\" src=\"https:\/\/i0.wp.com\/agrund.com\/wp-content\/uploads\/sites\/6\/2023\/01\/agrund-Kaia-Gerber-Alaia-Spring-2023-Campaign01.jpeg?resize=600%2C749&#038;ssl=1\" alt=\"\" class=\"wp-image-227363\" srcset=\"https:\/\/i0.wp.com\/agrund.com\/wp-content\/uploads\/sites\/6\/2023\/01\/agrund-Kaia-Gerber-Alaia-Spring-2023-Campaign01.jpeg?w=600&amp;ssl=1 600w, https:\/\/i0.wp.com\/agrund.com\/wp-content\/uploads\/sites\/6\/2023\/01\/agrund-Kaia-Gerber-Alaia-Spring-2023-Campaign01.jpeg?resize=240%2C300&amp;ssl=1 240w\" sizes=\"(max-width: 600px) 100vw, 600px\" data-recalc-dims=\"1\" \/><figcaption>Kaia Gerber \u00e9 o novo rosto da Ala\u00efa<\/figcaption><\/figure><\/div>\n\n\n\n<div class=\"wp-block-image\"><figure class=\"aligncenter size-full\"><img data-attachment-id=\"227364\" data-permalink=\"https:\/\/agrund.com\/index.php\/kaia-gerber-e-o-novo-rosto-da-alaia\/agrund-kaia-gerber-alaia-spring-2023-campaign02\/\" data-orig-file=\"https:\/\/i0.wp.com\/agrund.com\/wp-content\/uploads\/sites\/6\/2023\/01\/agrund-Kaia-Gerber-Alaia-Spring-2023-Campaign02.jpeg?fit=600%2C749&amp;ssl=1\" data-orig-size=\"600,749\" data-comments-opened=\"1\" data-image-meta=\"{&quot;aperture&quot;:&quot;0&quot;,&quot;credit&quot;:&quot;&quot;,&quot;camera&quot;:&quot;&quot;,&quot;caption&quot;:&quot;&quot;,&quot;created_timestamp&quot;:&quot;0&quot;,&quot;copyright&quot;:&quot;&quot;,&quot;focal_length&quot;:&quot;0&quot;,&quot;iso&quot;:&quot;0&quot;,&quot;shutter_speed&quot;:&quot;0&quot;,&quot;title&quot;:&quot;&quot;,&quot;orientation&quot;:&quot;1&quot;}\" data-image-title=\"agrund-Kaia-Gerber-Alaia-Spring-2023-Campaign02\" data-image-description=\"\" data-image-caption=\"\" data-medium-file=\"https:\/\/i0.wp.com\/agrund.com\/wp-content\/uploads\/sites\/6\/2023\/01\/agrund-Kaia-Gerber-Alaia-Spring-2023-Campaign02.jpeg?fit=240%2C300&amp;ssl=1\" data-large-file=\"https:\/\/i0.wp.com\/agrund.com\/wp-content\/uploads\/sites\/6\/2023\/01\/agrund-Kaia-Gerber-Alaia-Spring-2023-Campaign02.jpeg?fit=600%2C749&amp;ssl=1\" decoding=\"async\" loading=\"lazy\" width=\"600\" height=\"749\" src=\"https:\/\/i0.wp.com\/agrund.com\/wp-content\/uploads\/sites\/6\/2023\/01\/agrund-Kaia-Gerber-Alaia-Spring-2023-Campaign02.jpeg?resize=600%2C749&#038;ssl=1\" alt=\"\" class=\"wp-image-227364\" srcset=\"https:\/\/i0.wp.com\/agrund.com\/wp-content\/uploads\/sites\/6\/2023\/01\/agrund-Kaia-Gerber-Alaia-Spring-2023-Campaign02.jpeg?w=600&amp;ssl=1 600w, https:\/\/i0.wp.com\/agrund.com\/wp-content\/uploads\/sites\/6\/2023\/01\/agrund-Kaia-Gerber-Alaia-Spring-2023-Campaign02.jpeg?resize=240%2C300&amp;ssl=1 240w\" sizes=\"(max-width: 600px) 100vw, 600px\" data-recalc-dims=\"1\" \/><figcaption>Kaia Gerber \u00e9 o novo rosto da Ala\u00efa<\/figcaption><\/figure><\/div>\n\n\n\n<div class=\"wp-block-image\"><figure class=\"aligncenter size-full\"><img data-attachment-id=\"227365\" data-permalink=\"https:\/\/agrund.com\/index.php\/kaia-gerber-e-o-novo-rosto-da-alaia\/agrund-kaia-alaia-2023\/\" data-orig-file=\"https:\/\/i0.wp.com\/agrund.com\/wp-content\/uploads\/sites\/6\/2023\/01\/agrund-kaia-alaia-2023.jpg?fit=600%2C754&amp;ssl=1\" data-orig-size=\"600,754\" data-comments-opened=\"1\" data-image-meta=\"{&quot;aperture&quot;:&quot;0&quot;,&quot;credit&quot;:&quot;&quot;,&quot;camera&quot;:&quot;&quot;,&quot;caption&quot;:&quot;&quot;,&quot;created_timestamp&quot;:&quot;0&quot;,&quot;copyright&quot;:&quot;&quot;,&quot;focal_length&quot;:&quot;0&quot;,&quot;iso&quot;:&quot;0&quot;,&quot;shutter_speed&quot;:&quot;0&quot;,&quot;title&quot;:&quot;&quot;,&quot;orientation&quot;:&quot;0&quot;}\" data-image-title=\"agrund-kaia-alaia-2023\" data-image-description=\"\" data-image-caption=\"\" data-medium-file=\"https:\/\/i0.wp.com\/agrund.com\/wp-content\/uploads\/sites\/6\/2023\/01\/agrund-kaia-alaia-2023.jpg?fit=239%2C300&amp;ssl=1\" data-large-file=\"https:\/\/i0.wp.com\/agrund.com\/wp-content\/uploads\/sites\/6\/2023\/01\/agrund-kaia-alaia-2023.jpg?fit=600%2C754&amp;ssl=1\" decoding=\"async\" loading=\"lazy\" width=\"600\" height=\"754\" src=\"https:\/\/i0.wp.com\/agrund.com\/wp-content\/uploads\/sites\/6\/2023\/01\/agrund-kaia-alaia-2023.jpg?resize=600%2C754&#038;ssl=1\" alt=\"\" class=\"wp-image-227365\" srcset=\"https:\/\/i0.wp.com\/agrund.com\/wp-content\/uploads\/sites\/6\/2023\/01\/agrund-kaia-alaia-2023.jpg?w=600&amp;ssl=1 600w, https:\/\/i0.wp.com\/agrund.com\/wp-content\/uploads\/sites\/6\/2023\/01\/agrund-kaia-alaia-2023.jpg?resize=239%2C300&amp;ssl=1 239w\" sizes=\"(max-width: 600px) 100vw, 600px\" data-recalc-dims=\"1\" \/><figcaption>Kaia Gerber \u00e9 o novo rosto da Ala\u00efa<\/figcaption><\/figure><\/div>\n\n\n\n<div class=\"wp-block-image\"><figure class=\"aligncenter size-full\"><img data-attachment-id=\"227366\" data-permalink=\"https:\/\/agrund.com\/index.php\/kaia-gerber-e-o-novo-rosto-da-alaia\/agrund-kaia-gerber-alaia-spring-2023-campaign002\/\" data-orig-file=\"https:\/\/i0.wp.com\/agrund.com\/wp-content\/uploads\/sites\/6\/2023\/01\/agrund-Kaia-Gerber-Alaia-Spring-2023-Campaign002.jpeg?fit=600%2C395&amp;ssl=1\" data-orig-size=\"600,395\" data-comments-opened=\"1\" data-image-meta=\"{&quot;aperture&quot;:&quot;0&quot;,&quot;credit&quot;:&quot;&quot;,&quot;camera&quot;:&quot;&quot;,&quot;caption&quot;:&quot;&quot;,&quot;created_timestamp&quot;:&quot;0&quot;,&quot;copyright&quot;:&quot;&quot;,&quot;focal_length&quot;:&quot;0&quot;,&quot;iso&quot;:&quot;0&quot;,&quot;shutter_speed&quot;:&quot;0&quot;,&quot;title&quot;:&quot;&quot;,&quot;orientation&quot;:&quot;1&quot;}\" data-image-title=\"agrund-Kaia-Gerber-Alaia-Spring-2023-Campaign002\" data-image-description=\"\" data-image-caption=\"\" data-medium-file=\"https:\/\/i0.wp.com\/agrund.com\/wp-content\/uploads\/sites\/6\/2023\/01\/agrund-Kaia-Gerber-Alaia-Spring-2023-Campaign002.jpeg?fit=300%2C198&amp;ssl=1\" data-large-file=\"https:\/\/i0.wp.com\/agrund.com\/wp-content\/uploads\/sites\/6\/2023\/01\/agrund-Kaia-Gerber-Alaia-Spring-2023-Campaign002.jpeg?fit=600%2C395&amp;ssl=1\" decoding=\"async\" loading=\"lazy\" width=\"600\" height=\"395\" src=\"https:\/\/i0.wp.com\/agrund.com\/wp-content\/uploads\/sites\/6\/2023\/01\/agrund-Kaia-Gerber-Alaia-Spring-2023-Campaign002.jpeg?resize=600%2C395&#038;ssl=1\" alt=\"\" class=\"wp-image-227366\" srcset=\"https:\/\/i0.wp.com\/agrund.com\/wp-content\/uploads\/sites\/6\/2023\/01\/agrund-Kaia-Gerber-Alaia-Spring-2023-Campaign002.jpeg?w=600&amp;ssl=1 600w, https:\/\/i0.wp.com\/agrund.com\/wp-content\/uploads\/sites\/6\/2023\/01\/agrund-Kaia-Gerber-Alaia-Spring-2023-Campaign002.jpeg?resize=300%2C198&amp;ssl=1 300w\" sizes=\"(max-width: 600px) 100vw, 600px\" data-recalc-dims=\"1\" \/><figcaption>Kaia Gerber \u00e9 o novo rosto da Ala\u00efa<\/figcaption><\/figure><\/div>\n\n\n\n<div class=\"wp-block-image\"><figure class=\"aligncenter size-full\"><img data-attachment-id=\"227367\" data-permalink=\"https:\/\/agrund.com\/index.php\/kaia-gerber-e-o-novo-rosto-da-alaia\/agrund-kaia-gerber-alaia-spring-2023-campaign008\/\" data-orig-file=\"https:\/\/i0.wp.com\/agrund.com\/wp-content\/uploads\/sites\/6\/2023\/01\/agrund-Kaia-Gerber-Alaia-Spring-2023-Campaign008.jpeg?fit=600%2C750&amp;ssl=1\" data-orig-size=\"600,750\" data-comments-opened=\"1\" data-image-meta=\"{&quot;aperture&quot;:&quot;0&quot;,&quot;credit&quot;:&quot;&quot;,&quot;camera&quot;:&quot;&quot;,&quot;caption&quot;:&quot;&quot;,&quot;created_timestamp&quot;:&quot;0&quot;,&quot;copyright&quot;:&quot;&quot;,&quot;focal_length&quot;:&quot;0&quot;,&quot;iso&quot;:&quot;0&quot;,&quot;shutter_speed&quot;:&quot;0&quot;,&quot;title&quot;:&quot;&quot;,&quot;orientation&quot;:&quot;1&quot;}\" data-image-title=\"agrund-Kaia-Gerber-Alaia-Spring-2023-Campaign008\" data-image-description=\"\" data-image-caption=\"\" data-medium-file=\"https:\/\/i0.wp.com\/agrund.com\/wp-content\/uploads\/sites\/6\/2023\/01\/agrund-Kaia-Gerber-Alaia-Spring-2023-Campaign008.jpeg?fit=240%2C300&amp;ssl=1\" data-large-file=\"https:\/\/i0.wp.com\/agrund.com\/wp-content\/uploads\/sites\/6\/2023\/01\/agrund-Kaia-Gerber-Alaia-Spring-2023-Campaign008.jpeg?fit=600%2C750&amp;ssl=1\" decoding=\"async\" loading=\"lazy\" width=\"600\" height=\"750\" src=\"https:\/\/i0.wp.com\/agrund.com\/wp-content\/uploads\/sites\/6\/2023\/01\/agrund-Kaia-Gerber-Alaia-Spring-2023-Campaign008.jpeg?resize=600%2C750&#038;ssl=1\" alt=\"\" class=\"wp-image-227367\" srcset=\"https:\/\/i0.wp.com\/agrund.com\/wp-content\/uploads\/sites\/6\/2023\/01\/agrund-Kaia-Gerber-Alaia-Spring-2023-Campaign008.jpeg?w=600&amp;ssl=1 600w, https:\/\/i0.wp.com\/agrund.com\/wp-content\/uploads\/sites\/6\/2023\/01\/agrund-Kaia-Gerber-Alaia-Spring-2023-Campaign008.jpeg?resize=240%2C300&amp;ssl=1 240w\" sizes=\"(max-width: 600px) 100vw, 600px\" data-recalc-dims=\"1\" \/><figcaption>Kaia Gerber \u00e9 o novo rosto da Ala\u00efa<\/figcaption><\/figure><\/div>\n\n\n\n<div class=\"wp-block-image\"><figure class=\"aligncenter size-full\"><img data-attachment-id=\"227368\" data-permalink=\"https:\/\/agrund.com\/index.php\/kaia-gerber-e-o-novo-rosto-da-alaia\/agrund-kaia-gerber-alaia-spring-2023-campaign006\/\" data-orig-file=\"https:\/\/i0.wp.com\/agrund.com\/wp-content\/uploads\/sites\/6\/2023\/01\/agrund-Kaia-Gerber-Alaia-Spring-2023-Campaign006.jpeg?fit=600%2C750&amp;ssl=1\" data-orig-size=\"600,750\" data-comments-opened=\"1\" data-image-meta=\"{&quot;aperture&quot;:&quot;0&quot;,&quot;credit&quot;:&quot;&quot;,&quot;camera&quot;:&quot;&quot;,&quot;caption&quot;:&quot;&quot;,&quot;created_timestamp&quot;:&quot;0&quot;,&quot;copyright&quot;:&quot;&quot;,&quot;focal_length&quot;:&quot;0&quot;,&quot;iso&quot;:&quot;0&quot;,&quot;shutter_speed&quot;:&quot;0&quot;,&quot;title&quot;:&quot;&quot;,&quot;orientation&quot;:&quot;1&quot;}\" data-image-title=\"agrund-Kaia-Gerber-Alaia-Spring-2023-Campaign006\" data-image-description=\"\" data-image-caption=\"\" data-medium-file=\"https:\/\/i0.wp.com\/agrund.com\/wp-content\/uploads\/sites\/6\/2023\/01\/agrund-Kaia-Gerber-Alaia-Spring-2023-Campaign006.jpeg?fit=240%2C300&amp;ssl=1\" data-large-file=\"https:\/\/i0.wp.com\/agrund.com\/wp-content\/uploads\/sites\/6\/2023\/01\/agrund-Kaia-Gerber-Alaia-Spring-2023-Campaign006.jpeg?fit=600%2C750&amp;ssl=1\" decoding=\"async\" loading=\"lazy\" width=\"600\" height=\"750\" src=\"https:\/\/i0.wp.com\/agrund.com\/wp-content\/uploads\/sites\/6\/2023\/01\/agrund-Kaia-Gerber-Alaia-Spring-2023-Campaign006.jpeg?resize=600%2C750&#038;ssl=1\" alt=\"\" class=\"wp-image-227368\" srcset=\"https:\/\/i0.wp.com\/agrund.com\/wp-content\/uploads\/sites\/6\/2023\/01\/agrund-Kaia-Gerber-Alaia-Spring-2023-Campaign006.jpeg?w=600&amp;ssl=1 600w, https:\/\/i0.wp.com\/agrund.com\/wp-content\/uploads\/sites\/6\/2023\/01\/agrund-Kaia-Gerber-Alaia-Spring-2023-Campaign006.jpeg?resize=240%2C300&amp;ssl=1 240w\" sizes=\"(max-width: 600px) 100vw, 600px\" data-recalc-dims=\"1\" \/><figcaption>Kaia Gerber \u00e9 o novo rosto da Ala\u00efa<\/figcaption><\/figure><\/div>\n\n\n\n<div class=\"wp-block-image\"><figure class=\"aligncenter size-full\"><img data-attachment-id=\"227369\" data-permalink=\"https:\/\/agrund.com\/index.php\/kaia-gerber-e-o-novo-rosto-da-alaia\/agrund-kaia-gerber-alaia-spring-2023-campaign007\/\" data-orig-file=\"https:\/\/i0.wp.com\/agrund.com\/wp-content\/uploads\/sites\/6\/2023\/01\/agrund-Kaia-Gerber-Alaia-Spring-2023-Campaign007.jpeg?fit=600%2C750&amp;ssl=1\" data-orig-size=\"600,750\" data-comments-opened=\"1\" data-image-meta=\"{&quot;aperture&quot;:&quot;0&quot;,&quot;credit&quot;:&quot;&quot;,&quot;camera&quot;:&quot;&quot;,&quot;caption&quot;:&quot;&quot;,&quot;created_timestamp&quot;:&quot;0&quot;,&quot;copyright&quot;:&quot;&quot;,&quot;focal_length&quot;:&quot;0&quot;,&quot;iso&quot;:&quot;0&quot;,&quot;shutter_speed&quot;:&quot;0&quot;,&quot;title&quot;:&quot;&quot;,&quot;orientation&quot;:&quot;1&quot;}\" data-image-title=\"agrund-Kaia-Gerber-Alaia-Spring-2023-Campaign007\" data-image-description=\"\" data-image-caption=\"\" data-medium-file=\"https:\/\/i0.wp.com\/agrund.com\/wp-content\/uploads\/sites\/6\/2023\/01\/agrund-Kaia-Gerber-Alaia-Spring-2023-Campaign007.jpeg?fit=240%2C300&amp;ssl=1\" data-large-file=\"https:\/\/i0.wp.com\/agrund.com\/wp-content\/uploads\/sites\/6\/2023\/01\/agrund-Kaia-Gerber-Alaia-Spring-2023-Campaign007.jpeg?fit=600%2C750&amp;ssl=1\" decoding=\"async\" loading=\"lazy\" width=\"600\" height=\"750\" src=\"https:\/\/i0.wp.com\/agrund.com\/wp-content\/uploads\/sites\/6\/2023\/01\/agrund-Kaia-Gerber-Alaia-Spring-2023-Campaign007.jpeg?resize=600%2C750&#038;ssl=1\" alt=\"\" class=\"wp-image-227369\" srcset=\"https:\/\/i0.wp.com\/agrund.com\/wp-content\/uploads\/sites\/6\/2023\/01\/agrund-Kaia-Gerber-Alaia-Spring-2023-Campaign007.jpeg?w=600&amp;ssl=1 600w, https:\/\/i0.wp.com\/agrund.com\/wp-content\/uploads\/sites\/6\/2023\/01\/agrund-Kaia-Gerber-Alaia-Spring-2023-Campaign007.jpeg?resize=240%2C300&amp;ssl=1 240w\" sizes=\"(max-width: 600px) 100vw, 600px\" data-recalc-dims=\"1\" \/><figcaption>Kaia Gerber \u00e9 o novo rosto da Ala\u00efa<\/figcaption><\/figure><\/div>\n\n\n\n<div class=\"wp-block-image\"><figure class=\"aligncenter size-full\"><img data-attachment-id=\"227370\" data-permalink=\"https:\/\/agrund.com\/index.php\/kaia-gerber-e-o-novo-rosto-da-alaia\/agrund-kaia-gerber-alaia-spring-2023-campaign005\/\" data-orig-file=\"https:\/\/i0.wp.com\/agrund.com\/wp-content\/uploads\/sites\/6\/2023\/01\/agrund-Kaia-Gerber-Alaia-Spring-2023-Campaign005.jpeg?fit=600%2C750&amp;ssl=1\" data-orig-size=\"600,750\" data-comments-opened=\"1\" data-image-meta=\"{&quot;aperture&quot;:&quot;0&quot;,&quot;credit&quot;:&quot;&quot;,&quot;camera&quot;:&quot;&quot;,&quot;caption&quot;:&quot;&quot;,&quot;created_timestamp&quot;:&quot;0&quot;,&quot;copyright&quot;:&quot;&quot;,&quot;focal_length&quot;:&quot;0&quot;,&quot;iso&quot;:&quot;0&quot;,&quot;shutter_speed&quot;:&quot;0&quot;,&quot;title&quot;:&quot;&quot;,&quot;orientation&quot;:&quot;1&quot;}\" data-image-title=\"agrund-Kaia-Gerber-Alaia-Spring-2023-Campaign005\" data-image-description=\"\" data-image-caption=\"\" data-medium-file=\"https:\/\/i0.wp.com\/agrund.com\/wp-content\/uploads\/sites\/6\/2023\/01\/agrund-Kaia-Gerber-Alaia-Spring-2023-Campaign005.jpeg?fit=240%2C300&amp;ssl=1\" data-large-file=\"https:\/\/i0.wp.com\/agrund.com\/wp-content\/uploads\/sites\/6\/2023\/01\/agrund-Kaia-Gerber-Alaia-Spring-2023-Campaign005.jpeg?fit=600%2C750&amp;ssl=1\" decoding=\"async\" loading=\"lazy\" width=\"600\" height=\"750\" src=\"https:\/\/i0.wp.com\/agrund.com\/wp-content\/uploads\/sites\/6\/2023\/01\/agrund-Kaia-Gerber-Alaia-Spring-2023-Campaign005.jpeg?resize=600%2C750&#038;ssl=1\" alt=\"\" class=\"wp-image-227370\" srcset=\"https:\/\/i0.wp.com\/agrund.com\/wp-content\/uploads\/sites\/6\/2023\/01\/agrund-Kaia-Gerber-Alaia-Spring-2023-Campaign005.jpeg?w=600&amp;ssl=1 600w, https:\/\/i0.wp.com\/agrund.com\/wp-content\/uploads\/sites\/6\/2023\/01\/agrund-Kaia-Gerber-Alaia-Spring-2023-Campaign005.jpeg?resize=240%2C300&amp;ssl=1 240w\" sizes=\"(max-width: 600px) 100vw, 600px\" data-recalc-dims=\"1\" \/><figcaption>Kaia Gerber \u00e9 o novo rosto da Ala\u00efa<\/figcaption><\/figure><\/div>\n\n\n\n<p>Fotos: Reprodu\u00e7\u00e3o\/ Ala\u00efa. <\/p>\n","protected":false},"excerpt":{"rendered":"<p>Kaia Gerber tem acumulado um curr\u00edculo e tanto quando falamos de campanhas de moda. Depois de ser rosto de marcas como Saint Laurent e C\u00e9line, agora, a jovem de 21 anos estrela a campanha Inverno\/Primavera 2023 da Ala\u00efa. Mas se engana quem pensa que este \u00e9 o primeiro passo da rela\u00e7\u00e3o da modelo com a [&hellip;]<\/p>\n","protected":false},"author":8,"featured_media":227360,"comment_status":"open","ping_status":"open","sticky":false,"template":"","format":"standard","meta":{"jetpack_post_was_ever_published":false,"_jetpack_newsletter_access":"","jetpack_publicize_message":"","jetpack_is_tweetstorm":false,"jetpack_publicize_feature_enabled":true,"jetpack_social_post_already_shared":true,"jetpack_social_options":{"image_generator_settings":{"template":"highway","enabled":false}}},"categories":[2],"tags":[395,3518,375,445,390,423,347,756,67,525,424,862],"jetpack_publicize_connections":[],"jetpack_featured_media_url":"https:\/\/i0.wp.com\/agrund.com\/wp-content\/uploads\/sites\/6\/2023\/01\/s-14.jpg?fit=960%2C300&ssl=1","jetpack_sharing_enabled":true,"jetpack_shortlink":"https:\/\/wp.me\/p3Hz0n-X95","jetpack_likes_enabled":true,"_links":{"self":[{"href":"https:\/\/agrund.com\/index.php\/wp-json\/wp\/v2\/posts\/227359"}],"collection":[{"href":"https:\/\/agrund.com\/index.php\/wp-json\/wp\/v2\/posts"}],"about":[{"href":"https:\/\/agrund.com\/index.php\/wp-json\/wp\/v2\/types\/post"}],"author":[{"embeddable":true,"href":"https:\/\/agrund.com\/index.php\/wp-json\/wp\/v2\/users\/8"}],"replies":[{"embeddable":true,"href":"https:\/\/agrund.com\/index.php\/wp-json\/wp\/v2\/comments?post=227359"}],"version-history":[{"count":2,"href":"https:\/\/agrund.com\/index.php\/wp-json\/wp\/v2\/posts\/227359\/revisions"}],"predecessor-version":[{"id":227374,"href":"https:\/\/agrund.com\/index.php\/wp-json\/wp\/v2\/posts\/227359\/revisions\/227374"}],"wp:featuredmedia":[{"embeddable":true,"href":"https:\/\/agrund.com\/index.php\/wp-json\/wp\/v2\/media\/227360"}],"wp:attachment":[{"href":"https:\/\/agrund.com\/index.php\/wp-json\/wp\/v2\/media?parent=227359"}],"wp:term":[{"taxonomy":"category","embeddable":true,"href":"https:\/\/agrund.com\/index.php\/wp-json\/wp\/v2\/categories?post=227359"},{"taxonomy":"post_tag","embeddable":true,"href":"https:\/\/agrund.com\/index.php\/wp-json\/wp\/v2\/tags?post=227359"}],"curies":[{"name":"wp","href":"https:\/\/api.w.org\/{rel}","templated":true}]}}