{"id":227346,"date":"2023-01-16T17:00:00","date_gmt":"2023-01-16T20:00:00","guid":{"rendered":"https:\/\/agrund.com\/?p=227346"},"modified":"2023-01-16T16:17:12","modified_gmt":"2023-01-16T19:17:12","slug":"so-da-ela-as-05-capas-de-lily-collins","status":"publish","type":"post","link":"https:\/\/agrund.com\/index.php\/so-da-ela-as-05-capas-de-lily-collins\/","title":{"rendered":"S\u00f3 d\u00e1 ela! As 05 capas de Lily Collins"},"content":{"rendered":"\n<p>Se existia alguma d\u00favida sobre o sucesso da s\u00e9rie &#8216;Emily in Paris&#8217; e de Lily Collins como a protagonista mais fashion de todas, as capas de dezembro e janeiro s\u00e3o a resposta que todos precisavam.<\/p>\n\n\n\n<p>Logo ap\u00f3s a estreia da terceira temporada na Netflix, no final de dezembro, as redes sociais foram tomadas por coment\u00e1rios e compartilhamentos sobre a s\u00e9rie, principalmente sobre os looks das personagens.<\/p>\n\n\n\n<p>Fashionista e ousada como ela s\u00f3, Emily, vivida por Lily, usa a moda como forma de express\u00e3o e n\u00e3o tem medo de mostrar que tem uma personalidade diferente, sim. Mix de cores e estampas s\u00e3o a marca registrada dela e essa constru\u00e7\u00e3o do figurino \u00e9 uma das coisas que fez a s\u00e9rie viralizar na internet desde a sua primeira temporada.<\/p>\n\n\n\n<p>Agora, com os novos epis\u00f3dios, a atriz dominou as capas de revista mundo afora, das edi\u00e7\u00f5es espanholas at\u00e9 as francesas e gregas. Separamos 5 delas para voc\u00ea conferir, mas na verdade s\u00e3o 9 capas, j\u00e1 que algumas revistas fizeram mais de uma vers\u00e3o para a mesma edi\u00e7\u00e3o. Confira: <\/p>\n\n\n\n<p><\/p>\n\n\n\n<p><strong>Vogue Espanha<\/strong><\/p>\n\n\n\n<div class=\"wp-block-image\"><figure class=\"aligncenter size-full\"><img data-attachment-id=\"227349\" data-permalink=\"https:\/\/agrund.com\/index.php\/so-da-ela-as-05-capas-de-lily-collins\/agrund-lily-collins-harpers-bazaar-spain-january-2023-1\/\" data-orig-file=\"https:\/\/i0.wp.com\/agrund.com\/wp-content\/uploads\/sites\/6\/2023\/01\/agrund-Lily-Collins-Harpers-Bazaar-Spain-January-2023-1.jpeg?fit=600%2C750&amp;ssl=1\" data-orig-size=\"600,750\" data-comments-opened=\"1\" data-image-meta=\"{&quot;aperture&quot;:&quot;0&quot;,&quot;credit&quot;:&quot;&quot;,&quot;camera&quot;:&quot;&quot;,&quot;caption&quot;:&quot;&quot;,&quot;created_timestamp&quot;:&quot;0&quot;,&quot;copyright&quot;:&quot;&quot;,&quot;focal_length&quot;:&quot;0&quot;,&quot;iso&quot;:&quot;0&quot;,&quot;shutter_speed&quot;:&quot;0&quot;,&quot;title&quot;:&quot;&quot;,&quot;orientation&quot;:&quot;1&quot;}\" data-image-title=\"agrund-Lily-Collins-Harpers-Bazaar-Spain-January-2023-1\" data-image-description=\"\" data-image-caption=\"\" data-medium-file=\"https:\/\/i0.wp.com\/agrund.com\/wp-content\/uploads\/sites\/6\/2023\/01\/agrund-Lily-Collins-Harpers-Bazaar-Spain-January-2023-1.jpeg?fit=240%2C300&amp;ssl=1\" data-large-file=\"https:\/\/i0.wp.com\/agrund.com\/wp-content\/uploads\/sites\/6\/2023\/01\/agrund-Lily-Collins-Harpers-Bazaar-Spain-January-2023-1.jpeg?fit=600%2C750&amp;ssl=1\" decoding=\"async\" loading=\"lazy\" width=\"600\" height=\"750\" src=\"https:\/\/i0.wp.com\/agrund.com\/wp-content\/uploads\/sites\/6\/2023\/01\/agrund-Lily-Collins-Harpers-Bazaar-Spain-January-2023-1.jpeg?resize=600%2C750&#038;ssl=1\" alt=\"\" class=\"wp-image-227349\" srcset=\"https:\/\/i0.wp.com\/agrund.com\/wp-content\/uploads\/sites\/6\/2023\/01\/agrund-Lily-Collins-Harpers-Bazaar-Spain-January-2023-1.jpeg?w=600&amp;ssl=1 600w, https:\/\/i0.wp.com\/agrund.com\/wp-content\/uploads\/sites\/6\/2023\/01\/agrund-Lily-Collins-Harpers-Bazaar-Spain-January-2023-1.jpeg?resize=240%2C300&amp;ssl=1 240w\" sizes=\"(max-width: 600px) 100vw, 600px\" data-recalc-dims=\"1\" \/><figcaption>S\u00f3 d\u00e1 ela! As 05 capas de Lily Collins<\/figcaption><\/figure><\/div>\n\n\n\n<div class=\"wp-block-image\"><figure class=\"aligncenter size-full\"><img data-attachment-id=\"227350\" data-permalink=\"https:\/\/agrund.com\/index.php\/so-da-ela-as-05-capas-de-lily-collins\/agrund-lily-collins-harpers-bazaar-spain-january-2023-2\/\" data-orig-file=\"https:\/\/i0.wp.com\/agrund.com\/wp-content\/uploads\/sites\/6\/2023\/01\/agrund-Lily-Collins-Harpers-Bazaar-Spain-January-2023-2.jpeg?fit=600%2C750&amp;ssl=1\" data-orig-size=\"600,750\" data-comments-opened=\"1\" data-image-meta=\"{&quot;aperture&quot;:&quot;0&quot;,&quot;credit&quot;:&quot;&quot;,&quot;camera&quot;:&quot;&quot;,&quot;caption&quot;:&quot;&quot;,&quot;created_timestamp&quot;:&quot;0&quot;,&quot;copyright&quot;:&quot;&quot;,&quot;focal_length&quot;:&quot;0&quot;,&quot;iso&quot;:&quot;0&quot;,&quot;shutter_speed&quot;:&quot;0&quot;,&quot;title&quot;:&quot;&quot;,&quot;orientation&quot;:&quot;1&quot;}\" data-image-title=\"agrund-Lily-Collins-Harpers-Bazaar-Spain-January-2023-2\" data-image-description=\"\" data-image-caption=\"\" data-medium-file=\"https:\/\/i0.wp.com\/agrund.com\/wp-content\/uploads\/sites\/6\/2023\/01\/agrund-Lily-Collins-Harpers-Bazaar-Spain-January-2023-2.jpeg?fit=240%2C300&amp;ssl=1\" data-large-file=\"https:\/\/i0.wp.com\/agrund.com\/wp-content\/uploads\/sites\/6\/2023\/01\/agrund-Lily-Collins-Harpers-Bazaar-Spain-January-2023-2.jpeg?fit=600%2C750&amp;ssl=1\" decoding=\"async\" loading=\"lazy\" width=\"600\" height=\"750\" src=\"https:\/\/i0.wp.com\/agrund.com\/wp-content\/uploads\/sites\/6\/2023\/01\/agrund-Lily-Collins-Harpers-Bazaar-Spain-January-2023-2.jpeg?resize=600%2C750&#038;ssl=1\" alt=\"\" class=\"wp-image-227350\" srcset=\"https:\/\/i0.wp.com\/agrund.com\/wp-content\/uploads\/sites\/6\/2023\/01\/agrund-Lily-Collins-Harpers-Bazaar-Spain-January-2023-2.jpeg?w=600&amp;ssl=1 600w, https:\/\/i0.wp.com\/agrund.com\/wp-content\/uploads\/sites\/6\/2023\/01\/agrund-Lily-Collins-Harpers-Bazaar-Spain-January-2023-2.jpeg?resize=240%2C300&amp;ssl=1 240w\" sizes=\"(max-width: 600px) 100vw, 600px\" data-recalc-dims=\"1\" \/><figcaption>S\u00f3 d\u00e1 ela! As 05 capas de Lily Collins<\/figcaption><\/figure><\/div>\n\n\n\n<p><\/p>\n\n\n\n<p><strong>Marie Claire Austr\u00e1lia <\/strong><\/p>\n\n\n\n<div class=\"wp-block-image\"><figure class=\"aligncenter size-full\"><img data-attachment-id=\"227351\" data-permalink=\"https:\/\/agrund.com\/index.php\/so-da-ela-as-05-capas-de-lily-collins\/photography-beau-grealy-for-marie-claire-australia\/\" data-orig-file=\"https:\/\/i0.wp.com\/agrund.com\/wp-content\/uploads\/sites\/6\/2023\/01\/agrund-Lily-Collins-Marie-Claire-Australia-Beau-Grealy-01.jpeg?fit=600%2C750&amp;ssl=1\" data-orig-size=\"600,750\" data-comments-opened=\"1\" data-image-meta=\"{&quot;aperture&quot;:&quot;0&quot;,&quot;credit&quot;:&quot;&quot;,&quot;camera&quot;:&quot;&quot;,&quot;caption&quot;:&quot;Photography \\u00a9 Beau Grealy for Marie Claire Australia&quot;,&quot;created_timestamp&quot;:&quot;0&quot;,&quot;copyright&quot;:&quot;&quot;,&quot;focal_length&quot;:&quot;0&quot;,&quot;iso&quot;:&quot;0&quot;,&quot;shutter_speed&quot;:&quot;0&quot;,&quot;title&quot;:&quot;Photography \\u00a9 Beau Grealy for Marie Claire Australia&quot;,&quot;orientation&quot;:&quot;1&quot;}\" data-image-title=\"Photography \u00a9 Beau Grealy for Marie Claire Australia\" data-image-description=\"\" data-image-caption=\"&lt;p&gt;Photography \u00a9 Beau Grealy for Marie Claire Australia&lt;\/p&gt;\n\" data-medium-file=\"https:\/\/i0.wp.com\/agrund.com\/wp-content\/uploads\/sites\/6\/2023\/01\/agrund-Lily-Collins-Marie-Claire-Australia-Beau-Grealy-01.jpeg?fit=240%2C300&amp;ssl=1\" data-large-file=\"https:\/\/i0.wp.com\/agrund.com\/wp-content\/uploads\/sites\/6\/2023\/01\/agrund-Lily-Collins-Marie-Claire-Australia-Beau-Grealy-01.jpeg?fit=600%2C750&amp;ssl=1\" decoding=\"async\" loading=\"lazy\" width=\"600\" height=\"750\" src=\"https:\/\/i0.wp.com\/agrund.com\/wp-content\/uploads\/sites\/6\/2023\/01\/agrund-Lily-Collins-Marie-Claire-Australia-Beau-Grealy-01.jpeg?resize=600%2C750&#038;ssl=1\" alt=\"\" class=\"wp-image-227351\" srcset=\"https:\/\/i0.wp.com\/agrund.com\/wp-content\/uploads\/sites\/6\/2023\/01\/agrund-Lily-Collins-Marie-Claire-Australia-Beau-Grealy-01.jpeg?w=600&amp;ssl=1 600w, https:\/\/i0.wp.com\/agrund.com\/wp-content\/uploads\/sites\/6\/2023\/01\/agrund-Lily-Collins-Marie-Claire-Australia-Beau-Grealy-01.jpeg?resize=240%2C300&amp;ssl=1 240w\" sizes=\"(max-width: 600px) 100vw, 600px\" data-recalc-dims=\"1\" \/><figcaption>S\u00f3 d\u00e1 ela! As 05 capas de Lily Collins<\/figcaption><\/figure><\/div>\n\n\n\n<p><\/p>\n\n\n\n<p><strong>Vogue Fran\u00e7a<\/strong><\/p>\n\n\n\n<div class=\"wp-block-image\"><figure class=\"aligncenter size-full\"><img data-attachment-id=\"227352\" data-permalink=\"https:\/\/agrund.com\/index.php\/so-da-ela-as-05-capas-de-lily-collins\/agrund-lily-collins-covers-vogue-france-december-2022-january-2023-by-maciek-pozoga-1\/\" data-orig-file=\"https:\/\/i0.wp.com\/agrund.com\/wp-content\/uploads\/sites\/6\/2023\/01\/agrund-Lily-Collins-covers-Vogue-France-December-2022-January-2023-by-Maciek-Pozoga-1.jpeg?fit=600%2C814&amp;ssl=1\" data-orig-size=\"600,814\" data-comments-opened=\"1\" data-image-meta=\"{&quot;aperture&quot;:&quot;0&quot;,&quot;credit&quot;:&quot;&quot;,&quot;camera&quot;:&quot;&quot;,&quot;caption&quot;:&quot;&quot;,&quot;created_timestamp&quot;:&quot;0&quot;,&quot;copyright&quot;:&quot;&quot;,&quot;focal_length&quot;:&quot;0&quot;,&quot;iso&quot;:&quot;0&quot;,&quot;shutter_speed&quot;:&quot;0&quot;,&quot;title&quot;:&quot;&quot;,&quot;orientation&quot;:&quot;1&quot;}\" data-image-title=\"agrund-Lily-Collins-covers-Vogue-France-December-2022-January-2023-by-Maciek-Pozoga-1\" data-image-description=\"\" data-image-caption=\"\" data-medium-file=\"https:\/\/i0.wp.com\/agrund.com\/wp-content\/uploads\/sites\/6\/2023\/01\/agrund-Lily-Collins-covers-Vogue-France-December-2022-January-2023-by-Maciek-Pozoga-1.jpeg?fit=221%2C300&amp;ssl=1\" data-large-file=\"https:\/\/i0.wp.com\/agrund.com\/wp-content\/uploads\/sites\/6\/2023\/01\/agrund-Lily-Collins-covers-Vogue-France-December-2022-January-2023-by-Maciek-Pozoga-1.jpeg?fit=600%2C814&amp;ssl=1\" decoding=\"async\" loading=\"lazy\" width=\"600\" height=\"814\" src=\"https:\/\/i0.wp.com\/agrund.com\/wp-content\/uploads\/sites\/6\/2023\/01\/agrund-Lily-Collins-covers-Vogue-France-December-2022-January-2023-by-Maciek-Pozoga-1.jpeg?resize=600%2C814&#038;ssl=1\" alt=\"\" class=\"wp-image-227352\" srcset=\"https:\/\/i0.wp.com\/agrund.com\/wp-content\/uploads\/sites\/6\/2023\/01\/agrund-Lily-Collins-covers-Vogue-France-December-2022-January-2023-by-Maciek-Pozoga-1.jpeg?w=600&amp;ssl=1 600w, https:\/\/i0.wp.com\/agrund.com\/wp-content\/uploads\/sites\/6\/2023\/01\/agrund-Lily-Collins-covers-Vogue-France-December-2022-January-2023-by-Maciek-Pozoga-1.jpeg?resize=221%2C300&amp;ssl=1 221w\" sizes=\"(max-width: 600px) 100vw, 600px\" data-recalc-dims=\"1\" \/><figcaption>S\u00f3 d\u00e1 ela! As 05 capas de Lily Collins<\/figcaption><\/figure><\/div>\n\n\n\n<p><\/p>\n\n\n\n<p><strong>V Magazine<\/strong><\/p>\n\n\n\n<div class=\"wp-block-image\"><figure class=\"aligncenter size-full\"><img data-attachment-id=\"227353\" data-permalink=\"https:\/\/agrund.com\/index.php\/so-da-ela-as-05-capas-de-lily-collins\/agrund-lily-collins-v-magazine-pre-spring-2023-cover-photoshoot01\/\" data-orig-file=\"https:\/\/i0.wp.com\/agrund.com\/wp-content\/uploads\/sites\/6\/2023\/01\/agrund-Lily-Collins-V-Magazine-Pre-Spring-2023-Cover-Photoshoot01.jpeg?fit=600%2C758&amp;ssl=1\" data-orig-size=\"600,758\" data-comments-opened=\"1\" data-image-meta=\"{&quot;aperture&quot;:&quot;0&quot;,&quot;credit&quot;:&quot;&quot;,&quot;camera&quot;:&quot;&quot;,&quot;caption&quot;:&quot;&quot;,&quot;created_timestamp&quot;:&quot;0&quot;,&quot;copyright&quot;:&quot;&quot;,&quot;focal_length&quot;:&quot;0&quot;,&quot;iso&quot;:&quot;0&quot;,&quot;shutter_speed&quot;:&quot;0&quot;,&quot;title&quot;:&quot;&quot;,&quot;orientation&quot;:&quot;1&quot;}\" data-image-title=\"agrund-Lily-Collins-V-Magazine-Pre-Spring-2023-Cover-Photoshoot01\" data-image-description=\"\" data-image-caption=\"\" data-medium-file=\"https:\/\/i0.wp.com\/agrund.com\/wp-content\/uploads\/sites\/6\/2023\/01\/agrund-Lily-Collins-V-Magazine-Pre-Spring-2023-Cover-Photoshoot01.jpeg?fit=237%2C300&amp;ssl=1\" data-large-file=\"https:\/\/i0.wp.com\/agrund.com\/wp-content\/uploads\/sites\/6\/2023\/01\/agrund-Lily-Collins-V-Magazine-Pre-Spring-2023-Cover-Photoshoot01.jpeg?fit=600%2C758&amp;ssl=1\" decoding=\"async\" loading=\"lazy\" width=\"600\" height=\"758\" src=\"https:\/\/i0.wp.com\/agrund.com\/wp-content\/uploads\/sites\/6\/2023\/01\/agrund-Lily-Collins-V-Magazine-Pre-Spring-2023-Cover-Photoshoot01.jpeg?resize=600%2C758&#038;ssl=1\" alt=\"\" class=\"wp-image-227353\" srcset=\"https:\/\/i0.wp.com\/agrund.com\/wp-content\/uploads\/sites\/6\/2023\/01\/agrund-Lily-Collins-V-Magazine-Pre-Spring-2023-Cover-Photoshoot01.jpeg?w=600&amp;ssl=1 600w, https:\/\/i0.wp.com\/agrund.com\/wp-content\/uploads\/sites\/6\/2023\/01\/agrund-Lily-Collins-V-Magazine-Pre-Spring-2023-Cover-Photoshoot01.jpeg?resize=237%2C300&amp;ssl=1 237w\" sizes=\"(max-width: 600px) 100vw, 600px\" data-recalc-dims=\"1\" \/><figcaption>S\u00f3 d\u00e1 ela! As 05 capas de Lily Collins<\/figcaption><\/figure><\/div>\n\n\n\n<div class=\"wp-block-image\"><figure class=\"aligncenter size-full\"><img data-attachment-id=\"227354\" data-permalink=\"https:\/\/agrund.com\/index.php\/so-da-ela-as-05-capas-de-lily-collins\/agrund-lily-collins-v-magazine-pre-spring-2023-cover-photoshoot02\/\" data-orig-file=\"https:\/\/i0.wp.com\/agrund.com\/wp-content\/uploads\/sites\/6\/2023\/01\/agrund-Lily-Collins-V-Magazine-Pre-Spring-2023-Cover-Photoshoot02.jpeg?fit=600%2C758&amp;ssl=1\" data-orig-size=\"600,758\" data-comments-opened=\"1\" data-image-meta=\"{&quot;aperture&quot;:&quot;0&quot;,&quot;credit&quot;:&quot;&quot;,&quot;camera&quot;:&quot;&quot;,&quot;caption&quot;:&quot;&quot;,&quot;created_timestamp&quot;:&quot;0&quot;,&quot;copyright&quot;:&quot;&quot;,&quot;focal_length&quot;:&quot;0&quot;,&quot;iso&quot;:&quot;0&quot;,&quot;shutter_speed&quot;:&quot;0&quot;,&quot;title&quot;:&quot;&quot;,&quot;orientation&quot;:&quot;1&quot;}\" data-image-title=\"agrund-Lily-Collins-V-Magazine-Pre-Spring-2023-Cover-Photoshoot02\" data-image-description=\"\" data-image-caption=\"\" data-medium-file=\"https:\/\/i0.wp.com\/agrund.com\/wp-content\/uploads\/sites\/6\/2023\/01\/agrund-Lily-Collins-V-Magazine-Pre-Spring-2023-Cover-Photoshoot02.jpeg?fit=237%2C300&amp;ssl=1\" data-large-file=\"https:\/\/i0.wp.com\/agrund.com\/wp-content\/uploads\/sites\/6\/2023\/01\/agrund-Lily-Collins-V-Magazine-Pre-Spring-2023-Cover-Photoshoot02.jpeg?fit=600%2C758&amp;ssl=1\" decoding=\"async\" loading=\"lazy\" width=\"600\" height=\"758\" src=\"https:\/\/i0.wp.com\/agrund.com\/wp-content\/uploads\/sites\/6\/2023\/01\/agrund-Lily-Collins-V-Magazine-Pre-Spring-2023-Cover-Photoshoot02.jpeg?resize=600%2C758&#038;ssl=1\" alt=\"\" class=\"wp-image-227354\" srcset=\"https:\/\/i0.wp.com\/agrund.com\/wp-content\/uploads\/sites\/6\/2023\/01\/agrund-Lily-Collins-V-Magazine-Pre-Spring-2023-Cover-Photoshoot02.jpeg?w=600&amp;ssl=1 600w, https:\/\/i0.wp.com\/agrund.com\/wp-content\/uploads\/sites\/6\/2023\/01\/agrund-Lily-Collins-V-Magazine-Pre-Spring-2023-Cover-Photoshoot02.jpeg?resize=237%2C300&amp;ssl=1 237w\" sizes=\"(max-width: 600px) 100vw, 600px\" data-recalc-dims=\"1\" \/><figcaption>S\u00f3 d\u00e1 ela! As 05 capas de Lily Collins<\/figcaption><\/figure><\/div>\n\n\n\n<div class=\"wp-block-image\"><figure class=\"aligncenter size-full\"><img data-attachment-id=\"227355\" data-permalink=\"https:\/\/agrund.com\/index.php\/so-da-ela-as-05-capas-de-lily-collins\/agrund-lily-collins-v-magazine-pre-spring-2023-cover-photoshoot03\/\" data-orig-file=\"https:\/\/i0.wp.com\/agrund.com\/wp-content\/uploads\/sites\/6\/2023\/01\/agrund-Lily-Collins-V-Magazine-Pre-Spring-2023-Cover-Photoshoot03.jpeg?fit=600%2C758&amp;ssl=1\" data-orig-size=\"600,758\" data-comments-opened=\"1\" data-image-meta=\"{&quot;aperture&quot;:&quot;0&quot;,&quot;credit&quot;:&quot;&quot;,&quot;camera&quot;:&quot;&quot;,&quot;caption&quot;:&quot;&quot;,&quot;created_timestamp&quot;:&quot;0&quot;,&quot;copyright&quot;:&quot;&quot;,&quot;focal_length&quot;:&quot;0&quot;,&quot;iso&quot;:&quot;0&quot;,&quot;shutter_speed&quot;:&quot;0&quot;,&quot;title&quot;:&quot;&quot;,&quot;orientation&quot;:&quot;1&quot;}\" data-image-title=\"agrund-Lily-Collins-V-Magazine-Pre-Spring-2023-Cover-Photoshoot03\" data-image-description=\"\" data-image-caption=\"\" data-medium-file=\"https:\/\/i0.wp.com\/agrund.com\/wp-content\/uploads\/sites\/6\/2023\/01\/agrund-Lily-Collins-V-Magazine-Pre-Spring-2023-Cover-Photoshoot03.jpeg?fit=237%2C300&amp;ssl=1\" data-large-file=\"https:\/\/i0.wp.com\/agrund.com\/wp-content\/uploads\/sites\/6\/2023\/01\/agrund-Lily-Collins-V-Magazine-Pre-Spring-2023-Cover-Photoshoot03.jpeg?fit=600%2C758&amp;ssl=1\" decoding=\"async\" loading=\"lazy\" width=\"600\" height=\"758\" src=\"https:\/\/i0.wp.com\/agrund.com\/wp-content\/uploads\/sites\/6\/2023\/01\/agrund-Lily-Collins-V-Magazine-Pre-Spring-2023-Cover-Photoshoot03.jpeg?resize=600%2C758&#038;ssl=1\" alt=\"\" class=\"wp-image-227355\" srcset=\"https:\/\/i0.wp.com\/agrund.com\/wp-content\/uploads\/sites\/6\/2023\/01\/agrund-Lily-Collins-V-Magazine-Pre-Spring-2023-Cover-Photoshoot03.jpeg?w=600&amp;ssl=1 600w, https:\/\/i0.wp.com\/agrund.com\/wp-content\/uploads\/sites\/6\/2023\/01\/agrund-Lily-Collins-V-Magazine-Pre-Spring-2023-Cover-Photoshoot03.jpeg?resize=237%2C300&amp;ssl=1 237w\" sizes=\"(max-width: 600px) 100vw, 600px\" data-recalc-dims=\"1\" \/><figcaption>S\u00f3 d\u00e1 ela! As 05 capas de Lily Collins<\/figcaption><\/figure><\/div>\n\n\n\n<p><\/p>\n\n\n\n<p><strong>Vogue Gr\u00e9cia<\/strong><\/p>\n\n\n\n<div class=\"wp-block-image\"><figure class=\"aligncenter size-full\"><img data-attachment-id=\"227356\" data-permalink=\"https:\/\/agrund.com\/index.php\/so-da-ela-as-05-capas-de-lily-collins\/agrund-lily-collins-vogue-greece-january-2023-cover01\/\" data-orig-file=\"https:\/\/i0.wp.com\/agrund.com\/wp-content\/uploads\/sites\/6\/2023\/01\/agrund-Lily-Collins-Vogue-Greece-January-2023-Cover01.jpeg?fit=600%2C750&amp;ssl=1\" data-orig-size=\"600,750\" data-comments-opened=\"1\" data-image-meta=\"{&quot;aperture&quot;:&quot;0&quot;,&quot;credit&quot;:&quot;&quot;,&quot;camera&quot;:&quot;&quot;,&quot;caption&quot;:&quot;&quot;,&quot;created_timestamp&quot;:&quot;0&quot;,&quot;copyright&quot;:&quot;&quot;,&quot;focal_length&quot;:&quot;0&quot;,&quot;iso&quot;:&quot;0&quot;,&quot;shutter_speed&quot;:&quot;0&quot;,&quot;title&quot;:&quot;&quot;,&quot;orientation&quot;:&quot;1&quot;}\" data-image-title=\"agrund-Lily-Collins-Vogue-Greece-January-2023-Cover01\" data-image-description=\"\" data-image-caption=\"\" data-medium-file=\"https:\/\/i0.wp.com\/agrund.com\/wp-content\/uploads\/sites\/6\/2023\/01\/agrund-Lily-Collins-Vogue-Greece-January-2023-Cover01.jpeg?fit=240%2C300&amp;ssl=1\" data-large-file=\"https:\/\/i0.wp.com\/agrund.com\/wp-content\/uploads\/sites\/6\/2023\/01\/agrund-Lily-Collins-Vogue-Greece-January-2023-Cover01.jpeg?fit=600%2C750&amp;ssl=1\" decoding=\"async\" loading=\"lazy\" width=\"600\" height=\"750\" src=\"https:\/\/i0.wp.com\/agrund.com\/wp-content\/uploads\/sites\/6\/2023\/01\/agrund-Lily-Collins-Vogue-Greece-January-2023-Cover01.jpeg?resize=600%2C750&#038;ssl=1\" alt=\"\" class=\"wp-image-227356\" srcset=\"https:\/\/i0.wp.com\/agrund.com\/wp-content\/uploads\/sites\/6\/2023\/01\/agrund-Lily-Collins-Vogue-Greece-January-2023-Cover01.jpeg?w=600&amp;ssl=1 600w, https:\/\/i0.wp.com\/agrund.com\/wp-content\/uploads\/sites\/6\/2023\/01\/agrund-Lily-Collins-Vogue-Greece-January-2023-Cover01.jpeg?resize=240%2C300&amp;ssl=1 240w\" sizes=\"(max-width: 600px) 100vw, 600px\" data-recalc-dims=\"1\" \/><figcaption>S\u00f3 d\u00e1 ela! As 05 capas de Lily Collins<\/figcaption><\/figure><\/div>\n\n\n\n<div class=\"wp-block-image\"><figure class=\"aligncenter size-full\"><img data-attachment-id=\"227357\" data-permalink=\"https:\/\/agrund.com\/index.php\/so-da-ela-as-05-capas-de-lily-collins\/agrund-lily-collins-vogue-greece-january-2023-cover02\/\" data-orig-file=\"https:\/\/i0.wp.com\/agrund.com\/wp-content\/uploads\/sites\/6\/2023\/01\/agrund-Lily-Collins-Vogue-Greece-January-2023-Cover02.jpeg?fit=600%2C750&amp;ssl=1\" data-orig-size=\"600,750\" data-comments-opened=\"1\" data-image-meta=\"{&quot;aperture&quot;:&quot;0&quot;,&quot;credit&quot;:&quot;&quot;,&quot;camera&quot;:&quot;&quot;,&quot;caption&quot;:&quot;&quot;,&quot;created_timestamp&quot;:&quot;0&quot;,&quot;copyright&quot;:&quot;&quot;,&quot;focal_length&quot;:&quot;0&quot;,&quot;iso&quot;:&quot;0&quot;,&quot;shutter_speed&quot;:&quot;0&quot;,&quot;title&quot;:&quot;&quot;,&quot;orientation&quot;:&quot;1&quot;}\" data-image-title=\"agrund-Lily-Collins-Vogue-Greece-January-2023-Cover02\" data-image-description=\"\" data-image-caption=\"\" data-medium-file=\"https:\/\/i0.wp.com\/agrund.com\/wp-content\/uploads\/sites\/6\/2023\/01\/agrund-Lily-Collins-Vogue-Greece-January-2023-Cover02.jpeg?fit=240%2C300&amp;ssl=1\" data-large-file=\"https:\/\/i0.wp.com\/agrund.com\/wp-content\/uploads\/sites\/6\/2023\/01\/agrund-Lily-Collins-Vogue-Greece-January-2023-Cover02.jpeg?fit=600%2C750&amp;ssl=1\" decoding=\"async\" loading=\"lazy\" width=\"600\" height=\"750\" src=\"https:\/\/i0.wp.com\/agrund.com\/wp-content\/uploads\/sites\/6\/2023\/01\/agrund-Lily-Collins-Vogue-Greece-January-2023-Cover02.jpeg?resize=600%2C750&#038;ssl=1\" alt=\"\" class=\"wp-image-227357\" srcset=\"https:\/\/i0.wp.com\/agrund.com\/wp-content\/uploads\/sites\/6\/2023\/01\/agrund-Lily-Collins-Vogue-Greece-January-2023-Cover02.jpeg?w=600&amp;ssl=1 600w, https:\/\/i0.wp.com\/agrund.com\/wp-content\/uploads\/sites\/6\/2023\/01\/agrund-Lily-Collins-Vogue-Greece-January-2023-Cover02.jpeg?resize=240%2C300&amp;ssl=1 240w\" sizes=\"(max-width: 600px) 100vw, 600px\" data-recalc-dims=\"1\" \/><figcaption>S\u00f3 d\u00e1 ela! As 05 capas de Lily Collins<\/figcaption><\/figure><\/div>\n\n\n\n<p>Fotos: Reprodu\u00e7\u00e3o\/ Vogue Espanha\/ Marie Claire Austr\u00e1lia\/ Vogue Fran\u00e7a\/ V Magazine\/ Vogue Gr\u00e9cia. <\/p>\n","protected":false},"excerpt":{"rendered":"<p>Se existia alguma d\u00favida sobre o sucesso da s\u00e9rie &#8216;Emily in Paris&#8217; e de Lily Collins como a protagonista mais fashion de todas, as capas de dezembro e janeiro s\u00e3o a resposta que todos precisavam. Logo ap\u00f3s a estreia da terceira temporada na Netflix, no final de dezembro, as redes sociais foram tomadas por coment\u00e1rios [&hellip;]<\/p>\n","protected":false},"author":8,"featured_media":227348,"comment_status":"open","ping_status":"open","sticky":false,"template":"","format":"standard","meta":{"jetpack_post_was_ever_published":false,"_jetpack_newsletter_access":"","jetpack_publicize_message":"","jetpack_is_tweetstorm":false,"jetpack_publicize_feature_enabled":true,"jetpack_social_post_already_shared":true,"jetpack_social_options":{"image_generator_settings":{"template":"highway","enabled":false}}},"categories":[2],"tags":[395,375,410,3064,423,347,3517,67,525,1272,495,424,862],"jetpack_publicize_connections":[],"jetpack_featured_media_url":"https:\/\/i0.wp.com\/agrund.com\/wp-content\/uploads\/sites\/6\/2023\/01\/s-13.jpg?fit=960%2C300&ssl=1","jetpack_sharing_enabled":true,"jetpack_shortlink":"https:\/\/wp.me\/p3Hz0n-X8S","jetpack_likes_enabled":true,"_links":{"self":[{"href":"https:\/\/agrund.com\/index.php\/wp-json\/wp\/v2\/posts\/227346"}],"collection":[{"href":"https:\/\/agrund.com\/index.php\/wp-json\/wp\/v2\/posts"}],"about":[{"href":"https:\/\/agrund.com\/index.php\/wp-json\/wp\/v2\/types\/post"}],"author":[{"embeddable":true,"href":"https:\/\/agrund.com\/index.php\/wp-json\/wp\/v2\/users\/8"}],"replies":[{"embeddable":true,"href":"https:\/\/agrund.com\/index.php\/wp-json\/wp\/v2\/comments?post=227346"}],"version-history":[{"count":2,"href":"https:\/\/agrund.com\/index.php\/wp-json\/wp\/v2\/posts\/227346\/revisions"}],"predecessor-version":[{"id":227358,"href":"https:\/\/agrund.com\/index.php\/wp-json\/wp\/v2\/posts\/227346\/revisions\/227358"}],"wp:featuredmedia":[{"embeddable":true,"href":"https:\/\/agrund.com\/index.php\/wp-json\/wp\/v2\/media\/227348"}],"wp:attachment":[{"href":"https:\/\/agrund.com\/index.php\/wp-json\/wp\/v2\/media?parent=227346"}],"wp:term":[{"taxonomy":"category","embeddable":true,"href":"https:\/\/agrund.com\/index.php\/wp-json\/wp\/v2\/categories?post=227346"},{"taxonomy":"post_tag","embeddable":true,"href":"https:\/\/agrund.com\/index.php\/wp-json\/wp\/v2\/tags?post=227346"}],"curies":[{"name":"wp","href":"https:\/\/api.w.org\/{rel}","templated":true}]}}