{"id":227340,"date":"2023-01-16T12:00:00","date_gmt":"2023-01-16T15:00:00","guid":{"rendered":"https:\/\/agrund.com\/?p=227340"},"modified":"2023-01-16T11:13:20","modified_gmt":"2023-01-16T14:13:20","slug":"estrela-do-k-pop-e-o-novo-embaixador-da-dior","status":"publish","type":"post","link":"https:\/\/agrund.com\/index.php\/estrela-do-k-pop-e-o-novo-embaixador-da-dior\/","title":{"rendered":"Estrela do K-Pop \u00e9 o novo embaixador da Dior"},"content":{"rendered":"\n<p>A Dior aposta novamente em uma identifica\u00e7\u00e3o com a Gera\u00e7\u00e3o Z e acaba de revelar que Jimin, membro do BTA, \u00e9 o seu mais novo embaixador global. Mas ele n\u00e3o \u00e9 a primeira estrela do K-Pop a se unir \u00e0 marca, j\u00e1 que o time de embaixadores tamb\u00e9m conta com Jisso, do BlackPink, Sehun, do EXO, e Cha Eunwoo, do Astro.\u00a0<\/p>\n\n\n\n<p>\u201cO cantor, dan\u00e7arino e compositor Jimin do \u00edcone pop do s\u00e9culo 21 BTS \u00e9 agora um embaixador global da Dior. Esse v\u00ednculo especial sela, mais do que nunca, sua amizade com a casa e com Kim Jones, que havia desenhado, em 2019, os figurinos de palco de sua banda BTS. O novo artista sul-coreano incorpora o esp\u00edrito e a singularidade da modernidade do estilo Dior com uma assinatura atemporal\u201d, anunciou a Dior em um comunicado oficial.\u00a0<\/p>\n\n\n\n<p>Ainda n\u00e3o sabemos se a parceria entre a marca e o artista ser\u00e1 para vesti-lo em eventos especiais ou tamb\u00e9m para campanhas, mas acreditamos nas duas op\u00e7\u00f5es. Confira as primeiras imagens de Jimin para a Dior:\u00a0<\/p>\n\n\n\n<div class=\"wp-block-image\"><figure class=\"aligncenter size-full\"><img data-attachment-id=\"227342\" data-permalink=\"https:\/\/agrund.com\/index.php\/estrela-do-k-pop-e-o-novo-embaixador-da-dior\/agrund-dior-jimin-2\/\" data-orig-file=\"https:\/\/i0.wp.com\/agrund.com\/wp-content\/uploads\/sites\/6\/2023\/01\/agrund-dior-jimin-2.jpg?fit=600%2C750&amp;ssl=1\" data-orig-size=\"600,750\" data-comments-opened=\"1\" data-image-meta=\"{&quot;aperture&quot;:&quot;0&quot;,&quot;credit&quot;:&quot;&quot;,&quot;camera&quot;:&quot;&quot;,&quot;caption&quot;:&quot;&quot;,&quot;created_timestamp&quot;:&quot;0&quot;,&quot;copyright&quot;:&quot;&quot;,&quot;focal_length&quot;:&quot;0&quot;,&quot;iso&quot;:&quot;0&quot;,&quot;shutter_speed&quot;:&quot;0&quot;,&quot;title&quot;:&quot;&quot;,&quot;orientation&quot;:&quot;1&quot;}\" data-image-title=\"agrund-dior-jimin-2\" data-image-description=\"\" data-image-caption=\"\" data-medium-file=\"https:\/\/i0.wp.com\/agrund.com\/wp-content\/uploads\/sites\/6\/2023\/01\/agrund-dior-jimin-2.jpg?fit=240%2C300&amp;ssl=1\" data-large-file=\"https:\/\/i0.wp.com\/agrund.com\/wp-content\/uploads\/sites\/6\/2023\/01\/agrund-dior-jimin-2.jpg?fit=600%2C750&amp;ssl=1\" decoding=\"async\" loading=\"lazy\" width=\"600\" height=\"750\" src=\"https:\/\/i0.wp.com\/agrund.com\/wp-content\/uploads\/sites\/6\/2023\/01\/agrund-dior-jimin-2.jpg?resize=600%2C750&#038;ssl=1\" alt=\"\" class=\"wp-image-227342\" srcset=\"https:\/\/i0.wp.com\/agrund.com\/wp-content\/uploads\/sites\/6\/2023\/01\/agrund-dior-jimin-2.jpg?w=600&amp;ssl=1 600w, https:\/\/i0.wp.com\/agrund.com\/wp-content\/uploads\/sites\/6\/2023\/01\/agrund-dior-jimin-2.jpg?resize=240%2C300&amp;ssl=1 240w\" sizes=\"(max-width: 600px) 100vw, 600px\" data-recalc-dims=\"1\" \/><figcaption>Estrela do K-Pop \u00e9 o novo embaixador da Dior<\/figcaption><\/figure><\/div>\n\n\n\n<div class=\"wp-block-image\"><figure class=\"aligncenter size-full\"><img data-attachment-id=\"227343\" data-permalink=\"https:\/\/agrund.com\/index.php\/estrela-do-k-pop-e-o-novo-embaixador-da-dior\/agrund-dior-jimin-1\/\" data-orig-file=\"https:\/\/i0.wp.com\/agrund.com\/wp-content\/uploads\/sites\/6\/2023\/01\/agrund-dior-jimin-1.jpg?fit=600%2C704&amp;ssl=1\" data-orig-size=\"600,704\" data-comments-opened=\"1\" data-image-meta=\"{&quot;aperture&quot;:&quot;0&quot;,&quot;credit&quot;:&quot;&quot;,&quot;camera&quot;:&quot;&quot;,&quot;caption&quot;:&quot;&quot;,&quot;created_timestamp&quot;:&quot;0&quot;,&quot;copyright&quot;:&quot;&quot;,&quot;focal_length&quot;:&quot;0&quot;,&quot;iso&quot;:&quot;0&quot;,&quot;shutter_speed&quot;:&quot;0&quot;,&quot;title&quot;:&quot;&quot;,&quot;orientation&quot;:&quot;0&quot;}\" data-image-title=\"agrund-dior-jimin-1\" data-image-description=\"\" data-image-caption=\"\" data-medium-file=\"https:\/\/i0.wp.com\/agrund.com\/wp-content\/uploads\/sites\/6\/2023\/01\/agrund-dior-jimin-1.jpg?fit=256%2C300&amp;ssl=1\" data-large-file=\"https:\/\/i0.wp.com\/agrund.com\/wp-content\/uploads\/sites\/6\/2023\/01\/agrund-dior-jimin-1.jpg?fit=600%2C704&amp;ssl=1\" decoding=\"async\" loading=\"lazy\" width=\"600\" height=\"704\" src=\"https:\/\/i0.wp.com\/agrund.com\/wp-content\/uploads\/sites\/6\/2023\/01\/agrund-dior-jimin-1.jpg?resize=600%2C704&#038;ssl=1\" alt=\"\" class=\"wp-image-227343\" srcset=\"https:\/\/i0.wp.com\/agrund.com\/wp-content\/uploads\/sites\/6\/2023\/01\/agrund-dior-jimin-1.jpg?w=600&amp;ssl=1 600w, https:\/\/i0.wp.com\/agrund.com\/wp-content\/uploads\/sites\/6\/2023\/01\/agrund-dior-jimin-1.jpg?resize=256%2C300&amp;ssl=1 256w\" sizes=\"(max-width: 600px) 100vw, 600px\" data-recalc-dims=\"1\" \/><figcaption>Estrela do K-Pop \u00e9 o novo embaixador da Dior<\/figcaption><\/figure><\/div>\n\n\n\n<div class=\"wp-block-image\"><figure class=\"aligncenter size-full\"><img data-attachment-id=\"227344\" data-permalink=\"https:\/\/agrund.com\/index.php\/estrela-do-k-pop-e-o-novo-embaixador-da-dior\/agrund-dior-jimin-3\/\" data-orig-file=\"https:\/\/i0.wp.com\/agrund.com\/wp-content\/uploads\/sites\/6\/2023\/01\/agrund-dior-jimin-3.jpg?fit=600%2C697&amp;ssl=1\" data-orig-size=\"600,697\" data-comments-opened=\"1\" data-image-meta=\"{&quot;aperture&quot;:&quot;0&quot;,&quot;credit&quot;:&quot;&quot;,&quot;camera&quot;:&quot;&quot;,&quot;caption&quot;:&quot;&quot;,&quot;created_timestamp&quot;:&quot;0&quot;,&quot;copyright&quot;:&quot;&quot;,&quot;focal_length&quot;:&quot;0&quot;,&quot;iso&quot;:&quot;0&quot;,&quot;shutter_speed&quot;:&quot;0&quot;,&quot;title&quot;:&quot;&quot;,&quot;orientation&quot;:&quot;0&quot;}\" data-image-title=\"agrund-dior-jimin-3\" data-image-description=\"\" data-image-caption=\"\" data-medium-file=\"https:\/\/i0.wp.com\/agrund.com\/wp-content\/uploads\/sites\/6\/2023\/01\/agrund-dior-jimin-3.jpg?fit=258%2C300&amp;ssl=1\" data-large-file=\"https:\/\/i0.wp.com\/agrund.com\/wp-content\/uploads\/sites\/6\/2023\/01\/agrund-dior-jimin-3.jpg?fit=600%2C697&amp;ssl=1\" decoding=\"async\" loading=\"lazy\" width=\"600\" height=\"697\" src=\"https:\/\/i0.wp.com\/agrund.com\/wp-content\/uploads\/sites\/6\/2023\/01\/agrund-dior-jimin-3.jpg?resize=600%2C697&#038;ssl=1\" alt=\"\" class=\"wp-image-227344\" srcset=\"https:\/\/i0.wp.com\/agrund.com\/wp-content\/uploads\/sites\/6\/2023\/01\/agrund-dior-jimin-3.jpg?w=600&amp;ssl=1 600w, https:\/\/i0.wp.com\/agrund.com\/wp-content\/uploads\/sites\/6\/2023\/01\/agrund-dior-jimin-3.jpg?resize=258%2C300&amp;ssl=1 258w\" sizes=\"(max-width: 600px) 100vw, 600px\" data-recalc-dims=\"1\" \/><figcaption>Estrela do K-Pop \u00e9 o novo embaixador da Dior<\/figcaption><\/figure><\/div>\n\n\n\n<p>Fotos: Reprodu\u00e7\u00e3o\/ Dior. <\/p>\n","protected":false},"excerpt":{"rendered":"<p>A Dior aposta novamente em uma identifica\u00e7\u00e3o com a Gera\u00e7\u00e3o Z e acaba de revelar que Jimin, membro do BTA, \u00e9 o seu mais novo embaixador global. Mas ele n\u00e3o \u00e9 a primeira estrela do K-Pop a se unir \u00e0 marca, j\u00e1 que o time de embaixadores tamb\u00e9m conta com Jisso, do BlackPink, Sehun, do [&hellip;]<\/p>\n","protected":false},"author":8,"featured_media":227341,"comment_status":"open","ping_status":"open","sticky":false,"template":"","format":"standard","meta":{"jetpack_post_was_ever_published":false,"_jetpack_newsletter_access":"","jetpack_publicize_message":"","jetpack_is_tweetstorm":false,"jetpack_publicize_feature_enabled":true,"jetpack_social_post_already_shared":true,"jetpack_social_options":{"image_generator_settings":{"template":"highway","enabled":false}}},"categories":[2],"tags":[395,375,2449,145,1356,423,347,3515,2451,67,525,148,424,862],"jetpack_publicize_connections":[],"jetpack_featured_media_url":"https:\/\/i0.wp.com\/agrund.com\/wp-content\/uploads\/sites\/6\/2023\/01\/s-12.jpg?fit=960%2C300&ssl=1","jetpack_sharing_enabled":true,"jetpack_shortlink":"https:\/\/wp.me\/p3Hz0n-X8M","jetpack_likes_enabled":true,"_links":{"self":[{"href":"https:\/\/agrund.com\/index.php\/wp-json\/wp\/v2\/posts\/227340"}],"collection":[{"href":"https:\/\/agrund.com\/index.php\/wp-json\/wp\/v2\/posts"}],"about":[{"href":"https:\/\/agrund.com\/index.php\/wp-json\/wp\/v2\/types\/post"}],"author":[{"embeddable":true,"href":"https:\/\/agrund.com\/index.php\/wp-json\/wp\/v2\/users\/8"}],"replies":[{"embeddable":true,"href":"https:\/\/agrund.com\/index.php\/wp-json\/wp\/v2\/comments?post=227340"}],"version-history":[{"count":1,"href":"https:\/\/agrund.com\/index.php\/wp-json\/wp\/v2\/posts\/227340\/revisions"}],"predecessor-version":[{"id":227345,"href":"https:\/\/agrund.com\/index.php\/wp-json\/wp\/v2\/posts\/227340\/revisions\/227345"}],"wp:featuredmedia":[{"embeddable":true,"href":"https:\/\/agrund.com\/index.php\/wp-json\/wp\/v2\/media\/227341"}],"wp:attachment":[{"href":"https:\/\/agrund.com\/index.php\/wp-json\/wp\/v2\/media?parent=227340"}],"wp:term":[{"taxonomy":"category","embeddable":true,"href":"https:\/\/agrund.com\/index.php\/wp-json\/wp\/v2\/categories?post=227340"},{"taxonomy":"post_tag","embeddable":true,"href":"https:\/\/agrund.com\/index.php\/wp-json\/wp\/v2\/tags?post=227340"}],"curies":[{"name":"wp","href":"https:\/\/api.w.org\/{rel}","templated":true}]}}