{"id":227298,"date":"2023-01-11T17:00:00","date_gmt":"2023-01-11T20:00:00","guid":{"rendered":"https:\/\/agrund.com\/?p=227298"},"modified":"2023-01-11T13:08:41","modified_gmt":"2023-01-11T16:08:41","slug":"loreal-revela-aplicador-de-batom-para-pessoas-com-mobilidade-reduzida","status":"publish","type":"post","link":"https:\/\/agrund.com\/index.php\/loreal-revela-aplicador-de-batom-para-pessoas-com-mobilidade-reduzida\/","title":{"rendered":"L&#8217;Or\u00e9al revela aplicador de batom para pessoas com mobilidade reduzida"},"content":{"rendered":"\n<p>A L&#8217;Or\u00e9al reafirma seu compromisso com a busca pela inclus\u00e3o e acessibilidade dentro do mundo da beleza ao apresentar uma novidade na feira de tecnologia e seguran\u00e7a, CES (Consumer Eletronics Show), em Las Vegas.<\/p>\n\n\n\n<p>Chamado Hapta, o prot\u00f3tipo foi desenvolvido para atender \u00e0s necessidades de pessoas com pouca mobilidade nos bra\u00e7os e m\u00e3os. Ele \u00e9 o primeiro aplicador de maquiagem computadorizado e ultrapreciso do mundo.<\/p>\n\n\n\n<p>\u201cA inclus\u00e3o est\u00e1 no centro da nossa estrat\u00e9gia de inova\u00e7\u00e3o e tecnologia de beleza. Somos dedicados e apaixonados por trazer novas tecnologias para servi\u00e7os de beleza que aumentam e alcan\u00e7am os desejos, expectativas e necessidades n\u00e3o atendidas de cada indiv\u00edduo\u201d, declarou a vice-CEO de Pesquisa, Inova\u00e7\u00e3o e Tecnologia da L&#8217;Or\u00e9al,&nbsp;Barbara Lavernos.<\/p>\n\n\n\n<p>O Hapta chegar\u00e1 ao mercado nos pr\u00f3ximos meses como um aplicador de batom da Lanc\u00f4me, apresentando um acess\u00f3rio magn\u00e9tico adapt\u00e1vel com 360 graus de rota\u00e7\u00e3o e 180 graus de flex\u00e3o. Esse recurso permitir\u00e1 que os usu\u00e1rios definam as configura\u00e7\u00f5es de acordo com a sua necessidade.\u00a0<\/p>\n\n\n\n<div class=\"wp-block-image\"><figure class=\"aligncenter size-full\"><img data-attachment-id=\"227300\" data-permalink=\"https:\/\/agrund.com\/index.php\/loreal-revela-aplicador-de-batom-para-pessoas-com-mobilidade-reduzida\/agrund-loreal-lancome-mobilidade-reduzida-1\/\" data-orig-file=\"https:\/\/i0.wp.com\/agrund.com\/wp-content\/uploads\/sites\/6\/2023\/01\/agrund-loreal-lancome-mobilidade-reduzida-1.jpg?fit=600%2C400&amp;ssl=1\" data-orig-size=\"600,400\" data-comments-opened=\"1\" data-image-meta=\"{&quot;aperture&quot;:&quot;0&quot;,&quot;credit&quot;:&quot;&quot;,&quot;camera&quot;:&quot;&quot;,&quot;caption&quot;:&quot;&quot;,&quot;created_timestamp&quot;:&quot;0&quot;,&quot;copyright&quot;:&quot;&quot;,&quot;focal_length&quot;:&quot;0&quot;,&quot;iso&quot;:&quot;0&quot;,&quot;shutter_speed&quot;:&quot;0&quot;,&quot;title&quot;:&quot;&quot;,&quot;orientation&quot;:&quot;1&quot;}\" data-image-title=\"agrund-loreal-lancome-mobilidade-reduzida-1\" data-image-description=\"\" data-image-caption=\"\" data-medium-file=\"https:\/\/i0.wp.com\/agrund.com\/wp-content\/uploads\/sites\/6\/2023\/01\/agrund-loreal-lancome-mobilidade-reduzida-1.jpg?fit=300%2C200&amp;ssl=1\" data-large-file=\"https:\/\/i0.wp.com\/agrund.com\/wp-content\/uploads\/sites\/6\/2023\/01\/agrund-loreal-lancome-mobilidade-reduzida-1.jpg?fit=600%2C400&amp;ssl=1\" decoding=\"async\" loading=\"lazy\" width=\"600\" height=\"400\" src=\"https:\/\/i0.wp.com\/agrund.com\/wp-content\/uploads\/sites\/6\/2023\/01\/agrund-loreal-lancome-mobilidade-reduzida-1.jpg?resize=600%2C400&#038;ssl=1\" alt=\"\" class=\"wp-image-227300\" srcset=\"https:\/\/i0.wp.com\/agrund.com\/wp-content\/uploads\/sites\/6\/2023\/01\/agrund-loreal-lancome-mobilidade-reduzida-1.jpg?w=600&amp;ssl=1 600w, https:\/\/i0.wp.com\/agrund.com\/wp-content\/uploads\/sites\/6\/2023\/01\/agrund-loreal-lancome-mobilidade-reduzida-1.jpg?resize=300%2C200&amp;ssl=1 300w\" sizes=\"(max-width: 600px) 100vw, 600px\" data-recalc-dims=\"1\" \/><figcaption>L&#8217;Or\u00e9al revela aplicador de batom para pessoas com mobilidade reduzida<\/figcaption><\/figure><\/div>\n\n\n\n<div class=\"wp-block-image\"><figure class=\"aligncenter size-full\"><img data-attachment-id=\"227301\" data-permalink=\"https:\/\/agrund.com\/index.php\/loreal-revela-aplicador-de-batom-para-pessoas-com-mobilidade-reduzida\/agrund-loreal-lancome-mobilidade-reduzida-2\/\" data-orig-file=\"https:\/\/i0.wp.com\/agrund.com\/wp-content\/uploads\/sites\/6\/2023\/01\/agrund-loreal-lancome-mobilidade-reduzida-2.jpg?fit=600%2C400&amp;ssl=1\" data-orig-size=\"600,400\" data-comments-opened=\"1\" data-image-meta=\"{&quot;aperture&quot;:&quot;0&quot;,&quot;credit&quot;:&quot;&quot;,&quot;camera&quot;:&quot;&quot;,&quot;caption&quot;:&quot;&quot;,&quot;created_timestamp&quot;:&quot;0&quot;,&quot;copyright&quot;:&quot;&quot;,&quot;focal_length&quot;:&quot;0&quot;,&quot;iso&quot;:&quot;0&quot;,&quot;shutter_speed&quot;:&quot;0&quot;,&quot;title&quot;:&quot;&quot;,&quot;orientation&quot;:&quot;1&quot;}\" data-image-title=\"agrund-loreal-lancome-mobilidade-reduzida-2\" data-image-description=\"\" data-image-caption=\"\" data-medium-file=\"https:\/\/i0.wp.com\/agrund.com\/wp-content\/uploads\/sites\/6\/2023\/01\/agrund-loreal-lancome-mobilidade-reduzida-2.jpg?fit=300%2C200&amp;ssl=1\" data-large-file=\"https:\/\/i0.wp.com\/agrund.com\/wp-content\/uploads\/sites\/6\/2023\/01\/agrund-loreal-lancome-mobilidade-reduzida-2.jpg?fit=600%2C400&amp;ssl=1\" decoding=\"async\" loading=\"lazy\" width=\"600\" height=\"400\" src=\"https:\/\/i0.wp.com\/agrund.com\/wp-content\/uploads\/sites\/6\/2023\/01\/agrund-loreal-lancome-mobilidade-reduzida-2.jpg?resize=600%2C400&#038;ssl=1\" alt=\"\" class=\"wp-image-227301\" srcset=\"https:\/\/i0.wp.com\/agrund.com\/wp-content\/uploads\/sites\/6\/2023\/01\/agrund-loreal-lancome-mobilidade-reduzida-2.jpg?w=600&amp;ssl=1 600w, https:\/\/i0.wp.com\/agrund.com\/wp-content\/uploads\/sites\/6\/2023\/01\/agrund-loreal-lancome-mobilidade-reduzida-2.jpg?resize=300%2C200&amp;ssl=1 300w\" sizes=\"(max-width: 600px) 100vw, 600px\" data-recalc-dims=\"1\" \/><figcaption>L&#8217;Or\u00e9al revela aplicador de batom para pessoas com mobilidade reduzida<\/figcaption><\/figure><\/div>\n\n\n\n<p>Fotos: Reprodu\u00e7\u00e3o\/ L&#8217;Or\u00e9al.<\/p>\n","protected":false},"excerpt":{"rendered":"<p>A L&#8217;Or\u00e9al reafirma seu compromisso com a busca pela inclus\u00e3o e acessibilidade dentro do mundo da beleza ao apresentar uma novidade na feira de tecnologia e seguran\u00e7a, CES (Consumer Eletronics Show), em Las Vegas. Chamado Hapta, o prot\u00f3tipo foi desenvolvido para atender \u00e0s necessidades de pessoas com pouca mobilidade nos bra\u00e7os e m\u00e3os. Ele \u00e9 [&hellip;]<\/p>\n","protected":false},"author":8,"featured_media":227299,"comment_status":"open","ping_status":"open","sticky":false,"template":"","format":"standard","meta":{"jetpack_post_was_ever_published":false,"_jetpack_newsletter_access":"","jetpack_publicize_message":"","jetpack_is_tweetstorm":false,"jetpack_publicize_feature_enabled":true,"jetpack_social_post_already_shared":true,"jetpack_social_options":{"image_generator_settings":{"template":"highway","enabled":false}}},"categories":[2],"tags":[395,375,746,353,352,423,347,3505,1191,1998,3504,67,525,424,862],"jetpack_publicize_connections":[],"jetpack_featured_media_url":"https:\/\/i0.wp.com\/agrund.com\/wp-content\/uploads\/sites\/6\/2023\/01\/ss-1.jpg?fit=960%2C300&ssl=1","jetpack_sharing_enabled":true,"jetpack_shortlink":"https:\/\/wp.me\/p3Hz0n-X86","jetpack_likes_enabled":true,"_links":{"self":[{"href":"https:\/\/agrund.com\/index.php\/wp-json\/wp\/v2\/posts\/227298"}],"collection":[{"href":"https:\/\/agrund.com\/index.php\/wp-json\/wp\/v2\/posts"}],"about":[{"href":"https:\/\/agrund.com\/index.php\/wp-json\/wp\/v2\/types\/post"}],"author":[{"embeddable":true,"href":"https:\/\/agrund.com\/index.php\/wp-json\/wp\/v2\/users\/8"}],"replies":[{"embeddable":true,"href":"https:\/\/agrund.com\/index.php\/wp-json\/wp\/v2\/comments?post=227298"}],"version-history":[{"count":1,"href":"https:\/\/agrund.com\/index.php\/wp-json\/wp\/v2\/posts\/227298\/revisions"}],"predecessor-version":[{"id":227302,"href":"https:\/\/agrund.com\/index.php\/wp-json\/wp\/v2\/posts\/227298\/revisions\/227302"}],"wp:featuredmedia":[{"embeddable":true,"href":"https:\/\/agrund.com\/index.php\/wp-json\/wp\/v2\/media\/227299"}],"wp:attachment":[{"href":"https:\/\/agrund.com\/index.php\/wp-json\/wp\/v2\/media?parent=227298"}],"wp:term":[{"taxonomy":"category","embeddable":true,"href":"https:\/\/agrund.com\/index.php\/wp-json\/wp\/v2\/categories?post=227298"},{"taxonomy":"post_tag","embeddable":true,"href":"https:\/\/agrund.com\/index.php\/wp-json\/wp\/v2\/tags?post=227298"}],"curies":[{"name":"wp","href":"https:\/\/api.w.org\/{rel}","templated":true}]}}