{"id":227289,"date":"2023-01-11T12:00:00","date_gmt":"2023-01-11T15:00:00","guid":{"rendered":"https:\/\/agrund.com\/?p=227289"},"modified":"2023-01-11T12:44:40","modified_gmt":"2023-01-11T15:44:40","slug":"globo-de-ouro-2023-o-azul-brilhou-no-evento","status":"publish","type":"post","link":"https:\/\/agrund.com\/index.php\/globo-de-ouro-2023-o-azul-brilhou-no-evento\/","title":{"rendered":"Globo de Ouro 2023 :: O azul brilhou no evento"},"content":{"rendered":"\n<p>Sem d\u00favida nenhuma, o Globo de Ouro 2023 foi o assunto mais comentado ontem (10) \u00e0 noite nas redes sociais e \u00e9 claro que acompanhamos toda a movimenta\u00e7\u00e3o do tapete vermelho.<\/p>\n\n\n\n<p>As maiores estrelas do cinema e da televis\u00e3o mundial marcaram presen\u00e7a no evento vestindo grandes marcas da atualidade, assim como tend\u00eancias que j\u00e1 est\u00e3o consolidadas e outras que come\u00e7am a surgir. Mas se teve uma cor que foi queridinha na noite de ontem, ela \u00e9 o azul!<\/p>\n\n\n\n<p>Claro, escuro, quente, frio, com acabamento acetinado ou at\u00e9 mesmo bordado, ele foi a escolha de muitas celebridades e merece destaque.<\/p>\n\n\n\n<p>A t\u00edtulo de curiosidade: Voc\u00ea sabia que o azul \u00e9 a cor favorita da maioria das pessoas? No estudo da psicologia das cores, o azul nos remete seguran\u00e7a, lealdade e confian\u00e7a.<\/p>\n\n\n\n<p>Confira alguns looks da 80\u00aa edi\u00e7\u00e3o do Globo de Ouro:\u00a0<\/p>\n\n\n\n<div class=\"wp-block-image\"><figure class=\"aligncenter size-full\"><img data-attachment-id=\"227290\" data-permalink=\"https:\/\/agrund.com\/index.php\/globo-de-ouro-2023-o-azul-brilhou-no-evento\/80th-annual-golden-globe-awards-arrivals\/\" data-orig-file=\"https:\/\/i0.wp.com\/agrund.com\/wp-content\/uploads\/sites\/6\/2023\/01\/agrund-globo-de-ouro-2023-tapete-vermelho-1.jpeg?fit=600%2C900&amp;ssl=1\" data-orig-size=\"600,900\" data-comments-opened=\"1\" data-image-meta=\"{&quot;aperture&quot;:&quot;9&quot;,&quot;credit&quot;:&quot;Getty Images&quot;,&quot;camera&quot;:&quot;NIKON D5&quot;,&quot;caption&quot;:&quot;BEVERLY HILLS, CALIFORNIA - JANUARY 10: Laverne Cox attends the 80th Annual Golden Globe Awards at The Beverly Hilton on January 10, 2023 in Beverly Hills, California. (Photo by Jon Kopaloff\\\/Getty Images)&quot;,&quot;created_timestamp&quot;:&quot;1673308800&quot;,&quot;copyright&quot;:&quot;2023 Getty Images&quot;,&quot;focal_length&quot;:&quot;40&quot;,&quot;iso&quot;:&quot;400&quot;,&quot;shutter_speed&quot;:&quot;0.00625&quot;,&quot;title&quot;:&quot;80th Annual Golden Globe Awards - Arrivals&quot;,&quot;orientation&quot;:&quot;1&quot;}\" data-image-title=\"80th Annual Golden Globe Awards &#8211; Arrivals\" data-image-description=\"\" data-image-caption=\"&lt;p&gt;BEVERLY HILLS, CALIFORNIA &#8211; JANUARY 10: Laverne Cox attends the 80th Annual Golden Globe Awards at The Beverly Hilton on January 10, 2023 in Beverly Hills, California. (Photo by Jon Kopaloff\/Getty Images)&lt;\/p&gt;\n\" data-medium-file=\"https:\/\/i0.wp.com\/agrund.com\/wp-content\/uploads\/sites\/6\/2023\/01\/agrund-globo-de-ouro-2023-tapete-vermelho-1.jpeg?fit=200%2C300&amp;ssl=1\" data-large-file=\"https:\/\/i0.wp.com\/agrund.com\/wp-content\/uploads\/sites\/6\/2023\/01\/agrund-globo-de-ouro-2023-tapete-vermelho-1.jpeg?fit=600%2C900&amp;ssl=1\" decoding=\"async\" loading=\"lazy\" width=\"600\" height=\"900\" src=\"https:\/\/i0.wp.com\/agrund.com\/wp-content\/uploads\/sites\/6\/2023\/01\/agrund-globo-de-ouro-2023-tapete-vermelho-1.jpeg?resize=600%2C900&#038;ssl=1\" alt=\"\" class=\"wp-image-227290\" srcset=\"https:\/\/i0.wp.com\/agrund.com\/wp-content\/uploads\/sites\/6\/2023\/01\/agrund-globo-de-ouro-2023-tapete-vermelho-1.jpeg?w=600&amp;ssl=1 600w, https:\/\/i0.wp.com\/agrund.com\/wp-content\/uploads\/sites\/6\/2023\/01\/agrund-globo-de-ouro-2023-tapete-vermelho-1.jpeg?resize=200%2C300&amp;ssl=1 200w\" sizes=\"(max-width: 600px) 100vw, 600px\" data-recalc-dims=\"1\" \/><figcaption>Laverne Cox<\/figcaption><\/figure><\/div>\n\n\n\n<div class=\"wp-block-image\"><figure class=\"aligncenter size-full\"><img data-attachment-id=\"227291\" data-permalink=\"https:\/\/agrund.com\/index.php\/globo-de-ouro-2023-o-azul-brilhou-no-evento\/agrund-globo-de-ouro-2023-tapete-vermelho-2\/\" data-orig-file=\"https:\/\/i0.wp.com\/agrund.com\/wp-content\/uploads\/sites\/6\/2023\/01\/agrund-globo-de-ouro-2023-tapete-vermelho-2.jpeg?fit=600%2C901&amp;ssl=1\" data-orig-size=\"600,901\" data-comments-opened=\"1\" data-image-meta=\"{&quot;aperture&quot;:&quot;0&quot;,&quot;credit&quot;:&quot;&quot;,&quot;camera&quot;:&quot;&quot;,&quot;caption&quot;:&quot;&quot;,&quot;created_timestamp&quot;:&quot;0&quot;,&quot;copyright&quot;:&quot;&quot;,&quot;focal_length&quot;:&quot;0&quot;,&quot;iso&quot;:&quot;0&quot;,&quot;shutter_speed&quot;:&quot;0&quot;,&quot;title&quot;:&quot;&quot;,&quot;orientation&quot;:&quot;1&quot;}\" data-image-title=\"agrund-globo-de-ouro-2023-tapete-vermelho-2\" data-image-description=\"\" data-image-caption=\"\" data-medium-file=\"https:\/\/i0.wp.com\/agrund.com\/wp-content\/uploads\/sites\/6\/2023\/01\/agrund-globo-de-ouro-2023-tapete-vermelho-2.jpeg?fit=200%2C300&amp;ssl=1\" data-large-file=\"https:\/\/i0.wp.com\/agrund.com\/wp-content\/uploads\/sites\/6\/2023\/01\/agrund-globo-de-ouro-2023-tapete-vermelho-2.jpeg?fit=600%2C901&amp;ssl=1\" decoding=\"async\" loading=\"lazy\" width=\"600\" height=\"901\" src=\"https:\/\/i0.wp.com\/agrund.com\/wp-content\/uploads\/sites\/6\/2023\/01\/agrund-globo-de-ouro-2023-tapete-vermelho-2.jpeg?resize=600%2C901&#038;ssl=1\" alt=\"\" class=\"wp-image-227291\" srcset=\"https:\/\/i0.wp.com\/agrund.com\/wp-content\/uploads\/sites\/6\/2023\/01\/agrund-globo-de-ouro-2023-tapete-vermelho-2.jpeg?w=600&amp;ssl=1 600w, https:\/\/i0.wp.com\/agrund.com\/wp-content\/uploads\/sites\/6\/2023\/01\/agrund-globo-de-ouro-2023-tapete-vermelho-2.jpeg?resize=200%2C300&amp;ssl=1 200w\" sizes=\"(max-width: 600px) 100vw, 600px\" data-recalc-dims=\"1\" \/><figcaption>Michaela Ja\u00e9 Rodriguez<\/figcaption><\/figure><\/div>\n\n\n\n<div class=\"wp-block-image\"><figure class=\"aligncenter size-full\"><img data-attachment-id=\"227292\" data-permalink=\"https:\/\/agrund.com\/index.php\/globo-de-ouro-2023-o-azul-brilhou-no-evento\/80th-annual-golden-globe-awards-arrivals-2\/\" data-orig-file=\"https:\/\/i0.wp.com\/agrund.com\/wp-content\/uploads\/sites\/6\/2023\/01\/agrund-globo-de-ouro-2023-tapete-vermelho-3.jpeg?fit=600%2C902&amp;ssl=1\" data-orig-size=\"600,902\" data-comments-opened=\"1\" data-image-meta=\"{&quot;aperture&quot;:&quot;9&quot;,&quot;credit&quot;:&quot;WireImage&quot;,&quot;camera&quot;:&quot;Canon EOS R3&quot;,&quot;caption&quot;:&quot;BEVERLY HILLS, CALIFORNIA - JANUARY 10: Michelle Yeoh  attends the 80th Annual Golden Globe Awards at The Beverly Hilton on January 10, 2023 in Beverly Hills, California. (Photo by Frazer Harrison\\\/WireImage)&quot;,&quot;created_timestamp&quot;:&quot;1673308800&quot;,&quot;copyright&quot;:&quot;2023 WireImage&quot;,&quot;focal_length&quot;:&quot;62&quot;,&quot;iso&quot;:&quot;400&quot;,&quot;shutter_speed&quot;:&quot;0.008&quot;,&quot;title&quot;:&quot;80th Annual Golden Globe Awards - Arrivals&quot;,&quot;orientation&quot;:&quot;1&quot;}\" data-image-title=\"80th Annual Golden Globe Awards &#8211; Arrivals\" data-image-description=\"\" data-image-caption=\"&lt;p&gt;BEVERLY HILLS, CALIFORNIA &#8211; JANUARY 10: Michelle Yeoh  attends the 80th Annual Golden Globe Awards at The Beverly Hilton on January 10, 2023 in Beverly Hills, California. (Photo by Frazer Harrison\/WireImage)&lt;\/p&gt;\n\" data-medium-file=\"https:\/\/i0.wp.com\/agrund.com\/wp-content\/uploads\/sites\/6\/2023\/01\/agrund-globo-de-ouro-2023-tapete-vermelho-3.jpeg?fit=200%2C300&amp;ssl=1\" data-large-file=\"https:\/\/i0.wp.com\/agrund.com\/wp-content\/uploads\/sites\/6\/2023\/01\/agrund-globo-de-ouro-2023-tapete-vermelho-3.jpeg?fit=600%2C902&amp;ssl=1\" decoding=\"async\" loading=\"lazy\" width=\"600\" height=\"902\" src=\"https:\/\/i0.wp.com\/agrund.com\/wp-content\/uploads\/sites\/6\/2023\/01\/agrund-globo-de-ouro-2023-tapete-vermelho-3.jpeg?resize=600%2C902&#038;ssl=1\" alt=\"\" class=\"wp-image-227292\" srcset=\"https:\/\/i0.wp.com\/agrund.com\/wp-content\/uploads\/sites\/6\/2023\/01\/agrund-globo-de-ouro-2023-tapete-vermelho-3.jpeg?w=600&amp;ssl=1 600w, https:\/\/i0.wp.com\/agrund.com\/wp-content\/uploads\/sites\/6\/2023\/01\/agrund-globo-de-ouro-2023-tapete-vermelho-3.jpeg?resize=200%2C300&amp;ssl=1 200w\" sizes=\"(max-width: 600px) 100vw, 600px\" data-recalc-dims=\"1\" \/><figcaption>Michelle Yeoh<\/figcaption><\/figure><\/div>\n\n\n\n<div class=\"wp-block-image\"><figure class=\"aligncenter size-full\"><img data-attachment-id=\"227293\" data-permalink=\"https:\/\/agrund.com\/index.php\/globo-de-ouro-2023-o-azul-brilhou-no-evento\/agrund-globo-de-ouro-2023-tapete-vermelho-6\/\" data-orig-file=\"https:\/\/i0.wp.com\/agrund.com\/wp-content\/uploads\/sites\/6\/2023\/01\/agrund-globo-de-ouro-2023-tapete-vermelho-6.jpg?fit=600%2C900&amp;ssl=1\" data-orig-size=\"600,900\" data-comments-opened=\"1\" data-image-meta=\"{&quot;aperture&quot;:&quot;0&quot;,&quot;credit&quot;:&quot;&quot;,&quot;camera&quot;:&quot;&quot;,&quot;caption&quot;:&quot;&quot;,&quot;created_timestamp&quot;:&quot;0&quot;,&quot;copyright&quot;:&quot;&quot;,&quot;focal_length&quot;:&quot;0&quot;,&quot;iso&quot;:&quot;0&quot;,&quot;shutter_speed&quot;:&quot;0&quot;,&quot;title&quot;:&quot;&quot;,&quot;orientation&quot;:&quot;0&quot;}\" data-image-title=\"agrund-globo-de-ouro-2023-tapete-vermelho-6\" data-image-description=\"\" data-image-caption=\"\" data-medium-file=\"https:\/\/i0.wp.com\/agrund.com\/wp-content\/uploads\/sites\/6\/2023\/01\/agrund-globo-de-ouro-2023-tapete-vermelho-6.jpg?fit=200%2C300&amp;ssl=1\" data-large-file=\"https:\/\/i0.wp.com\/agrund.com\/wp-content\/uploads\/sites\/6\/2023\/01\/agrund-globo-de-ouro-2023-tapete-vermelho-6.jpg?fit=600%2C900&amp;ssl=1\" decoding=\"async\" loading=\"lazy\" width=\"600\" height=\"900\" src=\"https:\/\/i0.wp.com\/agrund.com\/wp-content\/uploads\/sites\/6\/2023\/01\/agrund-globo-de-ouro-2023-tapete-vermelho-6.jpg?resize=600%2C900&#038;ssl=1\" alt=\"\" class=\"wp-image-227293\" srcset=\"https:\/\/i0.wp.com\/agrund.com\/wp-content\/uploads\/sites\/6\/2023\/01\/agrund-globo-de-ouro-2023-tapete-vermelho-6.jpg?w=600&amp;ssl=1 600w, https:\/\/i0.wp.com\/agrund.com\/wp-content\/uploads\/sites\/6\/2023\/01\/agrund-globo-de-ouro-2023-tapete-vermelho-6.jpg?resize=200%2C300&amp;ssl=1 200w\" sizes=\"(max-width: 600px) 100vw, 600px\" data-recalc-dims=\"1\" \/><figcaption>Viola Davis<\/figcaption><\/figure><\/div>\n\n\n\n<div class=\"wp-block-image\"><figure class=\"aligncenter size-full\"><img data-attachment-id=\"227294\" data-permalink=\"https:\/\/agrund.com\/index.php\/globo-de-ouro-2023-o-azul-brilhou-no-evento\/agrund-globo-de-ouro-2023-tapete-vermelho-5\/\" data-orig-file=\"https:\/\/i0.wp.com\/agrund.com\/wp-content\/uploads\/sites\/6\/2023\/01\/agrund-globo-de-ouro-2023-tapete-vermelho-5.jpg?fit=600%2C900&amp;ssl=1\" data-orig-size=\"600,900\" data-comments-opened=\"1\" data-image-meta=\"{&quot;aperture&quot;:&quot;0&quot;,&quot;credit&quot;:&quot;&quot;,&quot;camera&quot;:&quot;&quot;,&quot;caption&quot;:&quot;&quot;,&quot;created_timestamp&quot;:&quot;0&quot;,&quot;copyright&quot;:&quot;&quot;,&quot;focal_length&quot;:&quot;0&quot;,&quot;iso&quot;:&quot;0&quot;,&quot;shutter_speed&quot;:&quot;0&quot;,&quot;title&quot;:&quot;&quot;,&quot;orientation&quot;:&quot;0&quot;}\" data-image-title=\"agrund-globo-de-ouro-2023-tapete-vermelho-5\" data-image-description=\"\" data-image-caption=\"\" data-medium-file=\"https:\/\/i0.wp.com\/agrund.com\/wp-content\/uploads\/sites\/6\/2023\/01\/agrund-globo-de-ouro-2023-tapete-vermelho-5.jpg?fit=200%2C300&amp;ssl=1\" data-large-file=\"https:\/\/i0.wp.com\/agrund.com\/wp-content\/uploads\/sites\/6\/2023\/01\/agrund-globo-de-ouro-2023-tapete-vermelho-5.jpg?fit=600%2C900&amp;ssl=1\" decoding=\"async\" loading=\"lazy\" width=\"600\" height=\"900\" src=\"https:\/\/i0.wp.com\/agrund.com\/wp-content\/uploads\/sites\/6\/2023\/01\/agrund-globo-de-ouro-2023-tapete-vermelho-5.jpg?resize=600%2C900&#038;ssl=1\" alt=\"\" class=\"wp-image-227294\" srcset=\"https:\/\/i0.wp.com\/agrund.com\/wp-content\/uploads\/sites\/6\/2023\/01\/agrund-globo-de-ouro-2023-tapete-vermelho-5.jpg?w=600&amp;ssl=1 600w, https:\/\/i0.wp.com\/agrund.com\/wp-content\/uploads\/sites\/6\/2023\/01\/agrund-globo-de-ouro-2023-tapete-vermelho-5.jpg?resize=200%2C300&amp;ssl=1 200w\" sizes=\"(max-width: 600px) 100vw, 600px\" data-recalc-dims=\"1\" \/><figcaption>Sheryl Lee Ralph<\/figcaption><\/figure><\/div>\n\n\n\n<div class=\"wp-block-image\"><figure class=\"aligncenter size-full\"><img data-attachment-id=\"227295\" data-permalink=\"https:\/\/agrund.com\/index.php\/globo-de-ouro-2023-o-azul-brilhou-no-evento\/agrund-globo-de-ouro-2023-tapete-vermelho-4\/\" data-orig-file=\"https:\/\/i0.wp.com\/agrund.com\/wp-content\/uploads\/sites\/6\/2023\/01\/agrund-globo-de-ouro-2023-tapete-vermelho-4.jpg?fit=600%2C900&amp;ssl=1\" data-orig-size=\"600,900\" data-comments-opened=\"1\" data-image-meta=\"{&quot;aperture&quot;:&quot;0&quot;,&quot;credit&quot;:&quot;&quot;,&quot;camera&quot;:&quot;&quot;,&quot;caption&quot;:&quot;&quot;,&quot;created_timestamp&quot;:&quot;0&quot;,&quot;copyright&quot;:&quot;&quot;,&quot;focal_length&quot;:&quot;0&quot;,&quot;iso&quot;:&quot;0&quot;,&quot;shutter_speed&quot;:&quot;0&quot;,&quot;title&quot;:&quot;&quot;,&quot;orientation&quot;:&quot;0&quot;}\" data-image-title=\"agrund-globo-de-ouro-2023-tapete-vermelho-4\" data-image-description=\"\" data-image-caption=\"\" data-medium-file=\"https:\/\/i0.wp.com\/agrund.com\/wp-content\/uploads\/sites\/6\/2023\/01\/agrund-globo-de-ouro-2023-tapete-vermelho-4.jpg?fit=200%2C300&amp;ssl=1\" data-large-file=\"https:\/\/i0.wp.com\/agrund.com\/wp-content\/uploads\/sites\/6\/2023\/01\/agrund-globo-de-ouro-2023-tapete-vermelho-4.jpg?fit=600%2C900&amp;ssl=1\" decoding=\"async\" loading=\"lazy\" width=\"600\" height=\"900\" src=\"https:\/\/i0.wp.com\/agrund.com\/wp-content\/uploads\/sites\/6\/2023\/01\/agrund-globo-de-ouro-2023-tapete-vermelho-4.jpg?resize=600%2C900&#038;ssl=1\" alt=\"\" class=\"wp-image-227295\" srcset=\"https:\/\/i0.wp.com\/agrund.com\/wp-content\/uploads\/sites\/6\/2023\/01\/agrund-globo-de-ouro-2023-tapete-vermelho-4.jpg?w=600&amp;ssl=1 600w, https:\/\/i0.wp.com\/agrund.com\/wp-content\/uploads\/sites\/6\/2023\/01\/agrund-globo-de-ouro-2023-tapete-vermelho-4.jpg?resize=200%2C300&amp;ssl=1 200w\" sizes=\"(max-width: 600px) 100vw, 600px\" data-recalc-dims=\"1\" \/><figcaption>Tyler James Williams<\/figcaption><\/figure><\/div>\n\n\n\n<p>Fotos: Reprodu\u00e7\u00e3o.<\/p>\n","protected":false},"excerpt":{"rendered":"<p>Sem d\u00favida nenhuma, o Globo de Ouro 2023 foi o assunto mais comentado ontem (10) \u00e0 noite nas redes sociais e \u00e9 claro que acompanhamos toda a movimenta\u00e7\u00e3o do tapete vermelho. As maiores estrelas do cinema e da televis\u00e3o mundial marcaram presen\u00e7a no evento vestindo grandes marcas da atualidade, assim como tend\u00eancias que j\u00e1 est\u00e3o [&hellip;]<\/p>\n","protected":false},"author":8,"featured_media":227296,"comment_status":"open","ping_status":"open","sticky":false,"template":"","format":"standard","meta":{"jetpack_post_was_ever_published":false,"_jetpack_newsletter_access":"","jetpack_publicize_message":"","jetpack_is_tweetstorm":false,"jetpack_publicize_feature_enabled":true,"jetpack_social_post_already_shared":true,"jetpack_social_options":{"image_generator_settings":{"template":"highway","enabled":false}}},"categories":[2],"tags":[395,375,423,347,67,525,424,862],"jetpack_publicize_connections":[],"jetpack_featured_media_url":"https:\/\/i0.wp.com\/agrund.com\/wp-content\/uploads\/sites\/6\/2023\/01\/s-7.jpg?fit=960%2C300&ssl=1","jetpack_sharing_enabled":true,"jetpack_shortlink":"https:\/\/wp.me\/p3Hz0n-X7X","jetpack_likes_enabled":true,"_links":{"self":[{"href":"https:\/\/agrund.com\/index.php\/wp-json\/wp\/v2\/posts\/227289"}],"collection":[{"href":"https:\/\/agrund.com\/index.php\/wp-json\/wp\/v2\/posts"}],"about":[{"href":"https:\/\/agrund.com\/index.php\/wp-json\/wp\/v2\/types\/post"}],"author":[{"embeddable":true,"href":"https:\/\/agrund.com\/index.php\/wp-json\/wp\/v2\/users\/8"}],"replies":[{"embeddable":true,"href":"https:\/\/agrund.com\/index.php\/wp-json\/wp\/v2\/comments?post=227289"}],"version-history":[{"count":1,"href":"https:\/\/agrund.com\/index.php\/wp-json\/wp\/v2\/posts\/227289\/revisions"}],"predecessor-version":[{"id":227297,"href":"https:\/\/agrund.com\/index.php\/wp-json\/wp\/v2\/posts\/227289\/revisions\/227297"}],"wp:featuredmedia":[{"embeddable":true,"href":"https:\/\/agrund.com\/index.php\/wp-json\/wp\/v2\/media\/227296"}],"wp:attachment":[{"href":"https:\/\/agrund.com\/index.php\/wp-json\/wp\/v2\/media?parent=227289"}],"wp:term":[{"taxonomy":"category","embeddable":true,"href":"https:\/\/agrund.com\/index.php\/wp-json\/wp\/v2\/categories?post=227289"},{"taxonomy":"post_tag","embeddable":true,"href":"https:\/\/agrund.com\/index.php\/wp-json\/wp\/v2\/tags?post=227289"}],"curies":[{"name":"wp","href":"https:\/\/api.w.org\/{rel}","templated":true}]}}