{"id":227273,"date":"2023-01-10T16:00:00","date_gmt":"2023-01-10T19:00:00","guid":{"rendered":"https:\/\/agrund.com\/?p=227273"},"modified":"2023-01-10T11:15:08","modified_gmt":"2023-01-10T14:15:08","slug":"dior-revela-nova-parceria-com-o-paris-saint-germain","status":"publish","type":"post","link":"https:\/\/agrund.com\/index.php\/dior-revela-nova-parceria-com-o-paris-saint-germain\/","title":{"rendered":"Dior revela nova parceria com o Paris Saint-Germain"},"content":{"rendered":"\n<p>Talvez muita gente n\u00e3o saiba, mas os grandes times de futebol do mundo todo tamb\u00e9m possuem um uniforme social para eventos fora do campo, e n\u00e3o estamos falando de chuteira ou cal\u00e7\u00e3o.<\/p>\n\n\n\n<p>A Dior acaba de anunciar que continuar\u00e1 sua parceria com o time franc\u00eas Paris Saint-Germain em 2023. Kim Jones, diretor criativo da Dior Men, criou op\u00e7\u00f5es de pe\u00e7as descritas pela marca como &#8216;atemporais, refinadas e descontra\u00eddas&#8217; para todos os jogadores.<\/p>\n\n\n\n<p>Esse guarda-roupa inteligente conta com alfaiatarias contempor\u00e2neas, como blazers, cal\u00e7as, ternos, e camisas, al\u00e9m de casacos de cashmere, camisas polo e jaquetas bomber. Tudo em uma cartela de cores composta por preto, azul marinho e branco.<\/p>\n\n\n\n<p>Dentre os detalhes que n\u00e3o passam despercebidos est\u00e3o as camisas com bordados do logo CD da grife e os patches do Paris Saint-Germain. Que tal?\u00a0<\/p>\n\n\n\n<div class=\"wp-block-image\"><figure class=\"aligncenter size-full\"><img data-attachment-id=\"227275\" data-permalink=\"https:\/\/agrund.com\/index.php\/dior-revela-nova-parceria-com-o-paris-saint-germain\/agrund-dior-men-paris-saint-germain-1\/\" data-orig-file=\"https:\/\/i0.wp.com\/agrund.com\/wp-content\/uploads\/sites\/6\/2023\/01\/agrund-dior-men-paris-saint-germain-1.jpeg?fit=600%2C738&amp;ssl=1\" data-orig-size=\"600,738\" data-comments-opened=\"1\" data-image-meta=\"{&quot;aperture&quot;:&quot;0&quot;,&quot;credit&quot;:&quot;&quot;,&quot;camera&quot;:&quot;&quot;,&quot;caption&quot;:&quot;&quot;,&quot;created_timestamp&quot;:&quot;0&quot;,&quot;copyright&quot;:&quot;&quot;,&quot;focal_length&quot;:&quot;0&quot;,&quot;iso&quot;:&quot;0&quot;,&quot;shutter_speed&quot;:&quot;0&quot;,&quot;title&quot;:&quot;&quot;,&quot;orientation&quot;:&quot;1&quot;}\" data-image-title=\"agrund-dior-men-paris-saint-germain-1\" data-image-description=\"\" data-image-caption=\"\" data-medium-file=\"https:\/\/i0.wp.com\/agrund.com\/wp-content\/uploads\/sites\/6\/2023\/01\/agrund-dior-men-paris-saint-germain-1.jpeg?fit=244%2C300&amp;ssl=1\" data-large-file=\"https:\/\/i0.wp.com\/agrund.com\/wp-content\/uploads\/sites\/6\/2023\/01\/agrund-dior-men-paris-saint-germain-1.jpeg?fit=600%2C738&amp;ssl=1\" decoding=\"async\" loading=\"lazy\" width=\"600\" height=\"738\" src=\"https:\/\/i0.wp.com\/agrund.com\/wp-content\/uploads\/sites\/6\/2023\/01\/agrund-dior-men-paris-saint-germain-1.jpeg?resize=600%2C738&#038;ssl=1\" alt=\"\" class=\"wp-image-227275\" srcset=\"https:\/\/i0.wp.com\/agrund.com\/wp-content\/uploads\/sites\/6\/2023\/01\/agrund-dior-men-paris-saint-germain-1.jpeg?w=600&amp;ssl=1 600w, https:\/\/i0.wp.com\/agrund.com\/wp-content\/uploads\/sites\/6\/2023\/01\/agrund-dior-men-paris-saint-germain-1.jpeg?resize=244%2C300&amp;ssl=1 244w\" sizes=\"(max-width: 600px) 100vw, 600px\" data-recalc-dims=\"1\" \/><figcaption>Dior revela nova parceria com o Paris Saint-Germain<\/figcaption><\/figure><\/div>\n\n\n\n<div class=\"wp-block-image\"><figure class=\"aligncenter size-full\"><img data-attachment-id=\"227276\" data-permalink=\"https:\/\/agrund.com\/index.php\/dior-revela-nova-parceria-com-o-paris-saint-germain\/agrund-dior-men-paris-saint-germain-2\/\" data-orig-file=\"https:\/\/i0.wp.com\/agrund.com\/wp-content\/uploads\/sites\/6\/2023\/01\/agrund-dior-men-paris-saint-germain-2.jpeg?fit=600%2C736&amp;ssl=1\" data-orig-size=\"600,736\" data-comments-opened=\"1\" data-image-meta=\"{&quot;aperture&quot;:&quot;0&quot;,&quot;credit&quot;:&quot;&quot;,&quot;camera&quot;:&quot;&quot;,&quot;caption&quot;:&quot;&quot;,&quot;created_timestamp&quot;:&quot;0&quot;,&quot;copyright&quot;:&quot;&quot;,&quot;focal_length&quot;:&quot;0&quot;,&quot;iso&quot;:&quot;0&quot;,&quot;shutter_speed&quot;:&quot;0&quot;,&quot;title&quot;:&quot;&quot;,&quot;orientation&quot;:&quot;1&quot;}\" data-image-title=\"agrund-dior-men-paris-saint-germain-2\" data-image-description=\"\" data-image-caption=\"\" data-medium-file=\"https:\/\/i0.wp.com\/agrund.com\/wp-content\/uploads\/sites\/6\/2023\/01\/agrund-dior-men-paris-saint-germain-2.jpeg?fit=245%2C300&amp;ssl=1\" data-large-file=\"https:\/\/i0.wp.com\/agrund.com\/wp-content\/uploads\/sites\/6\/2023\/01\/agrund-dior-men-paris-saint-germain-2.jpeg?fit=600%2C736&amp;ssl=1\" decoding=\"async\" loading=\"lazy\" width=\"600\" height=\"736\" src=\"https:\/\/i0.wp.com\/agrund.com\/wp-content\/uploads\/sites\/6\/2023\/01\/agrund-dior-men-paris-saint-germain-2.jpeg?resize=600%2C736&#038;ssl=1\" alt=\"\" class=\"wp-image-227276\" srcset=\"https:\/\/i0.wp.com\/agrund.com\/wp-content\/uploads\/sites\/6\/2023\/01\/agrund-dior-men-paris-saint-germain-2.jpeg?w=600&amp;ssl=1 600w, https:\/\/i0.wp.com\/agrund.com\/wp-content\/uploads\/sites\/6\/2023\/01\/agrund-dior-men-paris-saint-germain-2.jpeg?resize=245%2C300&amp;ssl=1 245w\" sizes=\"(max-width: 600px) 100vw, 600px\" data-recalc-dims=\"1\" \/><figcaption>Dior revela nova parceria com o Paris Saint-Germain<\/figcaption><\/figure><\/div>\n\n\n\n<div class=\"wp-block-image\"><figure class=\"aligncenter size-full\"><img data-attachment-id=\"227277\" data-permalink=\"https:\/\/agrund.com\/index.php\/dior-revela-nova-parceria-com-o-paris-saint-germain\/agrund-dior-men-paris-saint-germain-3\/\" data-orig-file=\"https:\/\/i0.wp.com\/agrund.com\/wp-content\/uploads\/sites\/6\/2023\/01\/agrund-dior-men-paris-saint-germain-3.jpeg?fit=600%2C741&amp;ssl=1\" data-orig-size=\"600,741\" data-comments-opened=\"1\" data-image-meta=\"{&quot;aperture&quot;:&quot;0&quot;,&quot;credit&quot;:&quot;&quot;,&quot;camera&quot;:&quot;&quot;,&quot;caption&quot;:&quot;&quot;,&quot;created_timestamp&quot;:&quot;0&quot;,&quot;copyright&quot;:&quot;&quot;,&quot;focal_length&quot;:&quot;0&quot;,&quot;iso&quot;:&quot;0&quot;,&quot;shutter_speed&quot;:&quot;0&quot;,&quot;title&quot;:&quot;&quot;,&quot;orientation&quot;:&quot;1&quot;}\" data-image-title=\"agrund-dior-men-paris-saint-germain-3\" data-image-description=\"\" data-image-caption=\"\" data-medium-file=\"https:\/\/i0.wp.com\/agrund.com\/wp-content\/uploads\/sites\/6\/2023\/01\/agrund-dior-men-paris-saint-germain-3.jpeg?fit=243%2C300&amp;ssl=1\" data-large-file=\"https:\/\/i0.wp.com\/agrund.com\/wp-content\/uploads\/sites\/6\/2023\/01\/agrund-dior-men-paris-saint-germain-3.jpeg?fit=600%2C741&amp;ssl=1\" decoding=\"async\" loading=\"lazy\" width=\"600\" height=\"741\" src=\"https:\/\/i0.wp.com\/agrund.com\/wp-content\/uploads\/sites\/6\/2023\/01\/agrund-dior-men-paris-saint-germain-3.jpeg?resize=600%2C741&#038;ssl=1\" alt=\"\" class=\"wp-image-227277\" srcset=\"https:\/\/i0.wp.com\/agrund.com\/wp-content\/uploads\/sites\/6\/2023\/01\/agrund-dior-men-paris-saint-germain-3.jpeg?w=600&amp;ssl=1 600w, https:\/\/i0.wp.com\/agrund.com\/wp-content\/uploads\/sites\/6\/2023\/01\/agrund-dior-men-paris-saint-germain-3.jpeg?resize=243%2C300&amp;ssl=1 243w\" sizes=\"(max-width: 600px) 100vw, 600px\" data-recalc-dims=\"1\" \/><figcaption>Dior revela nova parceria com o Paris Saint-Germain<\/figcaption><\/figure><\/div>\n\n\n\n<div class=\"wp-block-image\"><figure class=\"aligncenter size-full\"><img data-attachment-id=\"227278\" data-permalink=\"https:\/\/agrund.com\/index.php\/dior-revela-nova-parceria-com-o-paris-saint-germain\/agrund-dior-men-paris-saint-germain-4\/\" data-orig-file=\"https:\/\/i0.wp.com\/agrund.com\/wp-content\/uploads\/sites\/6\/2023\/01\/agrund-dior-men-paris-saint-germain-4.jpeg?fit=600%2C741&amp;ssl=1\" data-orig-size=\"600,741\" data-comments-opened=\"1\" data-image-meta=\"{&quot;aperture&quot;:&quot;0&quot;,&quot;credit&quot;:&quot;&quot;,&quot;camera&quot;:&quot;&quot;,&quot;caption&quot;:&quot;&quot;,&quot;created_timestamp&quot;:&quot;0&quot;,&quot;copyright&quot;:&quot;&quot;,&quot;focal_length&quot;:&quot;0&quot;,&quot;iso&quot;:&quot;0&quot;,&quot;shutter_speed&quot;:&quot;0&quot;,&quot;title&quot;:&quot;&quot;,&quot;orientation&quot;:&quot;1&quot;}\" data-image-title=\"agrund-dior-men-paris-saint-germain-4\" data-image-description=\"\" data-image-caption=\"\" data-medium-file=\"https:\/\/i0.wp.com\/agrund.com\/wp-content\/uploads\/sites\/6\/2023\/01\/agrund-dior-men-paris-saint-germain-4.jpeg?fit=243%2C300&amp;ssl=1\" data-large-file=\"https:\/\/i0.wp.com\/agrund.com\/wp-content\/uploads\/sites\/6\/2023\/01\/agrund-dior-men-paris-saint-germain-4.jpeg?fit=600%2C741&amp;ssl=1\" decoding=\"async\" loading=\"lazy\" width=\"600\" height=\"741\" src=\"https:\/\/i0.wp.com\/agrund.com\/wp-content\/uploads\/sites\/6\/2023\/01\/agrund-dior-men-paris-saint-germain-4.jpeg?resize=600%2C741&#038;ssl=1\" alt=\"\" class=\"wp-image-227278\" srcset=\"https:\/\/i0.wp.com\/agrund.com\/wp-content\/uploads\/sites\/6\/2023\/01\/agrund-dior-men-paris-saint-germain-4.jpeg?w=600&amp;ssl=1 600w, https:\/\/i0.wp.com\/agrund.com\/wp-content\/uploads\/sites\/6\/2023\/01\/agrund-dior-men-paris-saint-germain-4.jpeg?resize=243%2C300&amp;ssl=1 243w\" sizes=\"(max-width: 600px) 100vw, 600px\" data-recalc-dims=\"1\" \/><figcaption>Dior revela nova parceria com o Paris Saint-Germain<\/figcaption><\/figure><\/div>\n\n\n\n<div class=\"wp-block-image\"><figure class=\"aligncenter size-full\"><img data-attachment-id=\"227279\" data-permalink=\"https:\/\/agrund.com\/index.php\/dior-revela-nova-parceria-com-o-paris-saint-germain\/agrund-dior-men-paris-saint-germain-5\/\" data-orig-file=\"https:\/\/i0.wp.com\/agrund.com\/wp-content\/uploads\/sites\/6\/2023\/01\/agrund-dior-men-paris-saint-germain-5.jpeg?fit=600%2C741&amp;ssl=1\" data-orig-size=\"600,741\" data-comments-opened=\"1\" data-image-meta=\"{&quot;aperture&quot;:&quot;0&quot;,&quot;credit&quot;:&quot;&quot;,&quot;camera&quot;:&quot;&quot;,&quot;caption&quot;:&quot;&quot;,&quot;created_timestamp&quot;:&quot;0&quot;,&quot;copyright&quot;:&quot;&quot;,&quot;focal_length&quot;:&quot;0&quot;,&quot;iso&quot;:&quot;0&quot;,&quot;shutter_speed&quot;:&quot;0&quot;,&quot;title&quot;:&quot;&quot;,&quot;orientation&quot;:&quot;1&quot;}\" data-image-title=\"agrund-dior-men-paris-saint-germain-5\" data-image-description=\"\" data-image-caption=\"\" data-medium-file=\"https:\/\/i0.wp.com\/agrund.com\/wp-content\/uploads\/sites\/6\/2023\/01\/agrund-dior-men-paris-saint-germain-5.jpeg?fit=243%2C300&amp;ssl=1\" data-large-file=\"https:\/\/i0.wp.com\/agrund.com\/wp-content\/uploads\/sites\/6\/2023\/01\/agrund-dior-men-paris-saint-germain-5.jpeg?fit=600%2C741&amp;ssl=1\" decoding=\"async\" loading=\"lazy\" width=\"600\" height=\"741\" src=\"https:\/\/i0.wp.com\/agrund.com\/wp-content\/uploads\/sites\/6\/2023\/01\/agrund-dior-men-paris-saint-germain-5.jpeg?resize=600%2C741&#038;ssl=1\" alt=\"\" class=\"wp-image-227279\" srcset=\"https:\/\/i0.wp.com\/agrund.com\/wp-content\/uploads\/sites\/6\/2023\/01\/agrund-dior-men-paris-saint-germain-5.jpeg?w=600&amp;ssl=1 600w, https:\/\/i0.wp.com\/agrund.com\/wp-content\/uploads\/sites\/6\/2023\/01\/agrund-dior-men-paris-saint-germain-5.jpeg?resize=243%2C300&amp;ssl=1 243w\" sizes=\"(max-width: 600px) 100vw, 600px\" data-recalc-dims=\"1\" \/><figcaption>Dior revela nova parceria com o Paris Saint-Germain<\/figcaption><\/figure><\/div>\n\n\n\n<div class=\"wp-block-image\"><figure class=\"aligncenter size-full\"><img data-attachment-id=\"227280\" data-permalink=\"https:\/\/agrund.com\/index.php\/dior-revela-nova-parceria-com-o-paris-saint-germain\/agrund-dior-men-paris-saint-germain-6\/\" data-orig-file=\"https:\/\/i0.wp.com\/agrund.com\/wp-content\/uploads\/sites\/6\/2023\/01\/agrund-dior-men-paris-saint-germain-6.jpeg?fit=600%2C739&amp;ssl=1\" data-orig-size=\"600,739\" data-comments-opened=\"1\" data-image-meta=\"{&quot;aperture&quot;:&quot;0&quot;,&quot;credit&quot;:&quot;&quot;,&quot;camera&quot;:&quot;&quot;,&quot;caption&quot;:&quot;&quot;,&quot;created_timestamp&quot;:&quot;0&quot;,&quot;copyright&quot;:&quot;&quot;,&quot;focal_length&quot;:&quot;0&quot;,&quot;iso&quot;:&quot;0&quot;,&quot;shutter_speed&quot;:&quot;0&quot;,&quot;title&quot;:&quot;&quot;,&quot;orientation&quot;:&quot;1&quot;}\" data-image-title=\"agrund-dior-men-paris-saint-germain-6\" data-image-description=\"\" data-image-caption=\"\" data-medium-file=\"https:\/\/i0.wp.com\/agrund.com\/wp-content\/uploads\/sites\/6\/2023\/01\/agrund-dior-men-paris-saint-germain-6.jpeg?fit=244%2C300&amp;ssl=1\" data-large-file=\"https:\/\/i0.wp.com\/agrund.com\/wp-content\/uploads\/sites\/6\/2023\/01\/agrund-dior-men-paris-saint-germain-6.jpeg?fit=600%2C739&amp;ssl=1\" decoding=\"async\" loading=\"lazy\" width=\"600\" height=\"739\" src=\"https:\/\/i0.wp.com\/agrund.com\/wp-content\/uploads\/sites\/6\/2023\/01\/agrund-dior-men-paris-saint-germain-6.jpeg?resize=600%2C739&#038;ssl=1\" alt=\"\" class=\"wp-image-227280\" srcset=\"https:\/\/i0.wp.com\/agrund.com\/wp-content\/uploads\/sites\/6\/2023\/01\/agrund-dior-men-paris-saint-germain-6.jpeg?w=600&amp;ssl=1 600w, https:\/\/i0.wp.com\/agrund.com\/wp-content\/uploads\/sites\/6\/2023\/01\/agrund-dior-men-paris-saint-germain-6.jpeg?resize=244%2C300&amp;ssl=1 244w\" sizes=\"(max-width: 600px) 100vw, 600px\" data-recalc-dims=\"1\" \/><figcaption>Dior revela nova parceria com o Paris Saint-Germain<\/figcaption><\/figure><\/div>\n\n\n\n<div class=\"wp-block-image\"><figure class=\"aligncenter size-full\"><img data-attachment-id=\"227281\" data-permalink=\"https:\/\/agrund.com\/index.php\/dior-revela-nova-parceria-com-o-paris-saint-germain\/agrund-dior-men-paris-saint-germain-7\/\" data-orig-file=\"https:\/\/i0.wp.com\/agrund.com\/wp-content\/uploads\/sites\/6\/2023\/01\/agrund-dior-men-paris-saint-germain-7.jpeg?fit=600%2C739&amp;ssl=1\" data-orig-size=\"600,739\" data-comments-opened=\"1\" data-image-meta=\"{&quot;aperture&quot;:&quot;0&quot;,&quot;credit&quot;:&quot;&quot;,&quot;camera&quot;:&quot;&quot;,&quot;caption&quot;:&quot;&quot;,&quot;created_timestamp&quot;:&quot;0&quot;,&quot;copyright&quot;:&quot;&quot;,&quot;focal_length&quot;:&quot;0&quot;,&quot;iso&quot;:&quot;0&quot;,&quot;shutter_speed&quot;:&quot;0&quot;,&quot;title&quot;:&quot;&quot;,&quot;orientation&quot;:&quot;1&quot;}\" data-image-title=\"agrund-dior-men-paris-saint-germain-7\" data-image-description=\"\" data-image-caption=\"\" data-medium-file=\"https:\/\/i0.wp.com\/agrund.com\/wp-content\/uploads\/sites\/6\/2023\/01\/agrund-dior-men-paris-saint-germain-7.jpeg?fit=244%2C300&amp;ssl=1\" data-large-file=\"https:\/\/i0.wp.com\/agrund.com\/wp-content\/uploads\/sites\/6\/2023\/01\/agrund-dior-men-paris-saint-germain-7.jpeg?fit=600%2C739&amp;ssl=1\" decoding=\"async\" loading=\"lazy\" width=\"600\" height=\"739\" src=\"https:\/\/i0.wp.com\/agrund.com\/wp-content\/uploads\/sites\/6\/2023\/01\/agrund-dior-men-paris-saint-germain-7.jpeg?resize=600%2C739&#038;ssl=1\" alt=\"\" class=\"wp-image-227281\" srcset=\"https:\/\/i0.wp.com\/agrund.com\/wp-content\/uploads\/sites\/6\/2023\/01\/agrund-dior-men-paris-saint-germain-7.jpeg?w=600&amp;ssl=1 600w, https:\/\/i0.wp.com\/agrund.com\/wp-content\/uploads\/sites\/6\/2023\/01\/agrund-dior-men-paris-saint-germain-7.jpeg?resize=244%2C300&amp;ssl=1 244w\" sizes=\"(max-width: 600px) 100vw, 600px\" data-recalc-dims=\"1\" \/><figcaption>Dior revela nova parceria com o Paris Saint-Germain<\/figcaption><\/figure><\/div>\n\n\n\n<div class=\"wp-block-image\"><figure class=\"aligncenter size-full\"><img data-attachment-id=\"227283\" data-permalink=\"https:\/\/agrund.com\/index.php\/dior-revela-nova-parceria-com-o-paris-saint-germain\/agrund-dior-men-paris-saint-germain-8\/\" data-orig-file=\"https:\/\/i0.wp.com\/agrund.com\/wp-content\/uploads\/sites\/6\/2023\/01\/agrund-dior-men-paris-saint-germain-8.jpeg?fit=600%2C738&amp;ssl=1\" data-orig-size=\"600,738\" data-comments-opened=\"1\" data-image-meta=\"{&quot;aperture&quot;:&quot;0&quot;,&quot;credit&quot;:&quot;&quot;,&quot;camera&quot;:&quot;&quot;,&quot;caption&quot;:&quot;&quot;,&quot;created_timestamp&quot;:&quot;0&quot;,&quot;copyright&quot;:&quot;&quot;,&quot;focal_length&quot;:&quot;0&quot;,&quot;iso&quot;:&quot;0&quot;,&quot;shutter_speed&quot;:&quot;0&quot;,&quot;title&quot;:&quot;&quot;,&quot;orientation&quot;:&quot;1&quot;}\" data-image-title=\"agrund-dior-men-paris-saint-germain-8\" data-image-description=\"\" data-image-caption=\"\" data-medium-file=\"https:\/\/i0.wp.com\/agrund.com\/wp-content\/uploads\/sites\/6\/2023\/01\/agrund-dior-men-paris-saint-germain-8.jpeg?fit=244%2C300&amp;ssl=1\" data-large-file=\"https:\/\/i0.wp.com\/agrund.com\/wp-content\/uploads\/sites\/6\/2023\/01\/agrund-dior-men-paris-saint-germain-8.jpeg?fit=600%2C738&amp;ssl=1\" decoding=\"async\" loading=\"lazy\" width=\"600\" height=\"738\" src=\"https:\/\/i0.wp.com\/agrund.com\/wp-content\/uploads\/sites\/6\/2023\/01\/agrund-dior-men-paris-saint-germain-8.jpeg?resize=600%2C738&#038;ssl=1\" alt=\"\" class=\"wp-image-227283\" srcset=\"https:\/\/i0.wp.com\/agrund.com\/wp-content\/uploads\/sites\/6\/2023\/01\/agrund-dior-men-paris-saint-germain-8.jpeg?w=600&amp;ssl=1 600w, https:\/\/i0.wp.com\/agrund.com\/wp-content\/uploads\/sites\/6\/2023\/01\/agrund-dior-men-paris-saint-germain-8.jpeg?resize=244%2C300&amp;ssl=1 244w\" sizes=\"(max-width: 600px) 100vw, 600px\" data-recalc-dims=\"1\" \/><figcaption>Dior revela nova parceria com o Paris Saint-Germain<\/figcaption><\/figure><\/div>\n\n\n\n<div class=\"wp-block-image\"><figure class=\"aligncenter size-full\"><img data-attachment-id=\"227284\" data-permalink=\"https:\/\/agrund.com\/index.php\/dior-revela-nova-parceria-com-o-paris-saint-germain\/agrund-dior-men-paris-saint-germain-9\/\" data-orig-file=\"https:\/\/i0.wp.com\/agrund.com\/wp-content\/uploads\/sites\/6\/2023\/01\/agrund-dior-men-paris-saint-germain-9.jpeg?fit=600%2C739&amp;ssl=1\" data-orig-size=\"600,739\" data-comments-opened=\"1\" data-image-meta=\"{&quot;aperture&quot;:&quot;0&quot;,&quot;credit&quot;:&quot;&quot;,&quot;camera&quot;:&quot;&quot;,&quot;caption&quot;:&quot;&quot;,&quot;created_timestamp&quot;:&quot;0&quot;,&quot;copyright&quot;:&quot;&quot;,&quot;focal_length&quot;:&quot;0&quot;,&quot;iso&quot;:&quot;0&quot;,&quot;shutter_speed&quot;:&quot;0&quot;,&quot;title&quot;:&quot;&quot;,&quot;orientation&quot;:&quot;1&quot;}\" data-image-title=\"agrund-dior-men-paris-saint-germain-9\" data-image-description=\"\" data-image-caption=\"\" data-medium-file=\"https:\/\/i0.wp.com\/agrund.com\/wp-content\/uploads\/sites\/6\/2023\/01\/agrund-dior-men-paris-saint-germain-9.jpeg?fit=244%2C300&amp;ssl=1\" data-large-file=\"https:\/\/i0.wp.com\/agrund.com\/wp-content\/uploads\/sites\/6\/2023\/01\/agrund-dior-men-paris-saint-germain-9.jpeg?fit=600%2C739&amp;ssl=1\" decoding=\"async\" loading=\"lazy\" width=\"600\" height=\"739\" src=\"https:\/\/i0.wp.com\/agrund.com\/wp-content\/uploads\/sites\/6\/2023\/01\/agrund-dior-men-paris-saint-germain-9.jpeg?resize=600%2C739&#038;ssl=1\" alt=\"\" class=\"wp-image-227284\" srcset=\"https:\/\/i0.wp.com\/agrund.com\/wp-content\/uploads\/sites\/6\/2023\/01\/agrund-dior-men-paris-saint-germain-9.jpeg?w=600&amp;ssl=1 600w, https:\/\/i0.wp.com\/agrund.com\/wp-content\/uploads\/sites\/6\/2023\/01\/agrund-dior-men-paris-saint-germain-9.jpeg?resize=244%2C300&amp;ssl=1 244w\" sizes=\"(max-width: 600px) 100vw, 600px\" data-recalc-dims=\"1\" \/><figcaption>Dior revela nova parceria com o Paris Saint-Germain<\/figcaption><\/figure><\/div>\n\n\n\n<div class=\"wp-block-image\"><figure class=\"aligncenter size-full\"><img data-attachment-id=\"227285\" data-permalink=\"https:\/\/agrund.com\/index.php\/dior-revela-nova-parceria-com-o-paris-saint-germain\/agrund-dior-men-paris-saint-germain-10\/\" data-orig-file=\"https:\/\/i0.wp.com\/agrund.com\/wp-content\/uploads\/sites\/6\/2023\/01\/agrund-dior-men-paris-saint-germain-10.jpeg?fit=600%2C741&amp;ssl=1\" data-orig-size=\"600,741\" data-comments-opened=\"1\" data-image-meta=\"{&quot;aperture&quot;:&quot;0&quot;,&quot;credit&quot;:&quot;&quot;,&quot;camera&quot;:&quot;&quot;,&quot;caption&quot;:&quot;&quot;,&quot;created_timestamp&quot;:&quot;0&quot;,&quot;copyright&quot;:&quot;&quot;,&quot;focal_length&quot;:&quot;0&quot;,&quot;iso&quot;:&quot;0&quot;,&quot;shutter_speed&quot;:&quot;0&quot;,&quot;title&quot;:&quot;&quot;,&quot;orientation&quot;:&quot;1&quot;}\" data-image-title=\"agrund-dior-men-paris-saint-germain-10\" data-image-description=\"\" data-image-caption=\"\" data-medium-file=\"https:\/\/i0.wp.com\/agrund.com\/wp-content\/uploads\/sites\/6\/2023\/01\/agrund-dior-men-paris-saint-germain-10.jpeg?fit=243%2C300&amp;ssl=1\" data-large-file=\"https:\/\/i0.wp.com\/agrund.com\/wp-content\/uploads\/sites\/6\/2023\/01\/agrund-dior-men-paris-saint-germain-10.jpeg?fit=600%2C741&amp;ssl=1\" decoding=\"async\" loading=\"lazy\" width=\"600\" height=\"741\" src=\"https:\/\/i0.wp.com\/agrund.com\/wp-content\/uploads\/sites\/6\/2023\/01\/agrund-dior-men-paris-saint-germain-10.jpeg?resize=600%2C741&#038;ssl=1\" alt=\"\" class=\"wp-image-227285\" srcset=\"https:\/\/i0.wp.com\/agrund.com\/wp-content\/uploads\/sites\/6\/2023\/01\/agrund-dior-men-paris-saint-germain-10.jpeg?w=600&amp;ssl=1 600w, https:\/\/i0.wp.com\/agrund.com\/wp-content\/uploads\/sites\/6\/2023\/01\/agrund-dior-men-paris-saint-germain-10.jpeg?resize=243%2C300&amp;ssl=1 243w\" sizes=\"(max-width: 600px) 100vw, 600px\" data-recalc-dims=\"1\" \/><figcaption>Dior revela nova parceria com o Paris Saint-Germain<\/figcaption><\/figure><\/div>\n\n\n\n<div class=\"wp-block-image\"><figure class=\"aligncenter size-full\"><img data-attachment-id=\"227286\" data-permalink=\"https:\/\/agrund.com\/index.php\/dior-revela-nova-parceria-com-o-paris-saint-germain\/agrund-dior-men-paris-saint-germain-12\/\" data-orig-file=\"https:\/\/i0.wp.com\/agrund.com\/wp-content\/uploads\/sites\/6\/2023\/01\/agrund-dior-men-paris-saint-germain-12.jpeg?fit=600%2C738&amp;ssl=1\" data-orig-size=\"600,738\" data-comments-opened=\"1\" data-image-meta=\"{&quot;aperture&quot;:&quot;0&quot;,&quot;credit&quot;:&quot;&quot;,&quot;camera&quot;:&quot;&quot;,&quot;caption&quot;:&quot;&quot;,&quot;created_timestamp&quot;:&quot;0&quot;,&quot;copyright&quot;:&quot;&quot;,&quot;focal_length&quot;:&quot;0&quot;,&quot;iso&quot;:&quot;0&quot;,&quot;shutter_speed&quot;:&quot;0&quot;,&quot;title&quot;:&quot;&quot;,&quot;orientation&quot;:&quot;1&quot;}\" data-image-title=\"agrund-dior-men-paris-saint-germain-12\" data-image-description=\"\" data-image-caption=\"\" data-medium-file=\"https:\/\/i0.wp.com\/agrund.com\/wp-content\/uploads\/sites\/6\/2023\/01\/agrund-dior-men-paris-saint-germain-12.jpeg?fit=244%2C300&amp;ssl=1\" data-large-file=\"https:\/\/i0.wp.com\/agrund.com\/wp-content\/uploads\/sites\/6\/2023\/01\/agrund-dior-men-paris-saint-germain-12.jpeg?fit=600%2C738&amp;ssl=1\" decoding=\"async\" loading=\"lazy\" width=\"600\" height=\"738\" src=\"https:\/\/i0.wp.com\/agrund.com\/wp-content\/uploads\/sites\/6\/2023\/01\/agrund-dior-men-paris-saint-germain-12.jpeg?resize=600%2C738&#038;ssl=1\" alt=\"\" class=\"wp-image-227286\" srcset=\"https:\/\/i0.wp.com\/agrund.com\/wp-content\/uploads\/sites\/6\/2023\/01\/agrund-dior-men-paris-saint-germain-12.jpeg?w=600&amp;ssl=1 600w, https:\/\/i0.wp.com\/agrund.com\/wp-content\/uploads\/sites\/6\/2023\/01\/agrund-dior-men-paris-saint-germain-12.jpeg?resize=244%2C300&amp;ssl=1 244w\" sizes=\"(max-width: 600px) 100vw, 600px\" data-recalc-dims=\"1\" \/><figcaption>Dior revela nova parceria com o Paris Saint-Germain<\/figcaption><\/figure><\/div>\n\n\n\n<div class=\"wp-block-image\"><figure class=\"aligncenter size-full\"><img data-attachment-id=\"227287\" data-permalink=\"https:\/\/agrund.com\/index.php\/dior-revela-nova-parceria-com-o-paris-saint-germain\/agrund-dior-men-paris-saint-germain-11\/\" data-orig-file=\"https:\/\/i0.wp.com\/agrund.com\/wp-content\/uploads\/sites\/6\/2023\/01\/agrund-dior-men-paris-saint-germain-11.jpeg?fit=600%2C741&amp;ssl=1\" data-orig-size=\"600,741\" data-comments-opened=\"1\" data-image-meta=\"{&quot;aperture&quot;:&quot;0&quot;,&quot;credit&quot;:&quot;&quot;,&quot;camera&quot;:&quot;&quot;,&quot;caption&quot;:&quot;&quot;,&quot;created_timestamp&quot;:&quot;0&quot;,&quot;copyright&quot;:&quot;&quot;,&quot;focal_length&quot;:&quot;0&quot;,&quot;iso&quot;:&quot;0&quot;,&quot;shutter_speed&quot;:&quot;0&quot;,&quot;title&quot;:&quot;&quot;,&quot;orientation&quot;:&quot;1&quot;}\" data-image-title=\"agrund-dior-men-paris-saint-germain-11\" data-image-description=\"\" data-image-caption=\"\" data-medium-file=\"https:\/\/i0.wp.com\/agrund.com\/wp-content\/uploads\/sites\/6\/2023\/01\/agrund-dior-men-paris-saint-germain-11.jpeg?fit=243%2C300&amp;ssl=1\" data-large-file=\"https:\/\/i0.wp.com\/agrund.com\/wp-content\/uploads\/sites\/6\/2023\/01\/agrund-dior-men-paris-saint-germain-11.jpeg?fit=600%2C741&amp;ssl=1\" decoding=\"async\" loading=\"lazy\" width=\"600\" height=\"741\" src=\"https:\/\/i0.wp.com\/agrund.com\/wp-content\/uploads\/sites\/6\/2023\/01\/agrund-dior-men-paris-saint-germain-11.jpeg?resize=600%2C741&#038;ssl=1\" alt=\"\" class=\"wp-image-227287\" srcset=\"https:\/\/i0.wp.com\/agrund.com\/wp-content\/uploads\/sites\/6\/2023\/01\/agrund-dior-men-paris-saint-germain-11.jpeg?w=600&amp;ssl=1 600w, https:\/\/i0.wp.com\/agrund.com\/wp-content\/uploads\/sites\/6\/2023\/01\/agrund-dior-men-paris-saint-germain-11.jpeg?resize=243%2C300&amp;ssl=1 243w\" sizes=\"(max-width: 600px) 100vw, 600px\" data-recalc-dims=\"1\" \/><figcaption>Dior revela nova parceria com o Paris Saint-Germain<\/figcaption><\/figure><\/div>\n\n\n\n<p>Fotos: Reprodu\u00e7\u00e3o\/ Dior Men. <\/p>\n","protected":false},"excerpt":{"rendered":"<p>Talvez muita gente n\u00e3o saiba, mas os grandes times de futebol do mundo todo tamb\u00e9m possuem um uniforme social para eventos fora do campo, e n\u00e3o estamos falando de chuteira ou cal\u00e7\u00e3o. A Dior acaba de anunciar que continuar\u00e1 sua parceria com o time franc\u00eas Paris Saint-Germain em 2023. Kim Jones, diretor criativo da Dior [&hellip;]<\/p>\n","protected":false},"author":8,"featured_media":227274,"comment_status":"open","ping_status":"open","sticky":false,"template":"","format":"standard","meta":{"jetpack_post_was_ever_published":false,"_jetpack_newsletter_access":"","jetpack_publicize_message":"","jetpack_is_tweetstorm":false,"jetpack_publicize_feature_enabled":true,"jetpack_social_post_already_shared":true,"jetpack_social_options":{"image_generator_settings":{"template":"highway","enabled":false}}},"categories":[2],"tags":[395,375,145,1356,423,347,67,525,148,3503,424,862],"jetpack_publicize_connections":[],"jetpack_featured_media_url":"https:\/\/i0.wp.com\/agrund.com\/wp-content\/uploads\/sites\/6\/2023\/01\/s-6.jpg?fit=960%2C300&ssl=1","jetpack_sharing_enabled":true,"jetpack_shortlink":"https:\/\/wp.me\/p3Hz0n-X7H","jetpack_likes_enabled":true,"_links":{"self":[{"href":"https:\/\/agrund.com\/index.php\/wp-json\/wp\/v2\/posts\/227273"}],"collection":[{"href":"https:\/\/agrund.com\/index.php\/wp-json\/wp\/v2\/posts"}],"about":[{"href":"https:\/\/agrund.com\/index.php\/wp-json\/wp\/v2\/types\/post"}],"author":[{"embeddable":true,"href":"https:\/\/agrund.com\/index.php\/wp-json\/wp\/v2\/users\/8"}],"replies":[{"embeddable":true,"href":"https:\/\/agrund.com\/index.php\/wp-json\/wp\/v2\/comments?post=227273"}],"version-history":[{"count":1,"href":"https:\/\/agrund.com\/index.php\/wp-json\/wp\/v2\/posts\/227273\/revisions"}],"predecessor-version":[{"id":227288,"href":"https:\/\/agrund.com\/index.php\/wp-json\/wp\/v2\/posts\/227273\/revisions\/227288"}],"wp:featuredmedia":[{"embeddable":true,"href":"https:\/\/agrund.com\/index.php\/wp-json\/wp\/v2\/media\/227274"}],"wp:attachment":[{"href":"https:\/\/agrund.com\/index.php\/wp-json\/wp\/v2\/media?parent=227273"}],"wp:term":[{"taxonomy":"category","embeddable":true,"href":"https:\/\/agrund.com\/index.php\/wp-json\/wp\/v2\/categories?post=227273"},{"taxonomy":"post_tag","embeddable":true,"href":"https:\/\/agrund.com\/index.php\/wp-json\/wp\/v2\/tags?post=227273"}],"curies":[{"name":"wp","href":"https:\/\/api.w.org\/{rel}","templated":true}]}}