{"id":227246,"date":"2023-01-09T16:00:00","date_gmt":"2023-01-09T19:00:00","guid":{"rendered":"https:\/\/agrund.com\/?p=227246"},"modified":"2023-01-09T11:19:52","modified_gmt":"2023-01-09T14:19:52","slug":"converse-se-inspira-no-dia-dos-mortos","status":"publish","type":"post","link":"https:\/\/agrund.com\/index.php\/converse-se-inspira-no-dia-dos-mortos\/","title":{"rendered":"Converse se inspira no &#8216;Dia dos Mortos&#8217;"},"content":{"rendered":"\n<p>O &#8216;Dia dos Mortos&#8217; \u00e9 uma das mais famosas e importantes tradi\u00e7\u00f5es mexicanas e todo ano a Converse faz sua homenagem \u00e0 data.<\/p>\n\n\n\n<p>Desta vez, a cole\u00e7\u00e3o criada em parceria com a comunidade Mexican All Star, traz s\u00edmbolos emblem\u00e1ticos, como uma verdadeira viagem pelos locais t\u00edpicos do M\u00e9xico. Os cl\u00e1ssicos modelos Chuck Taylor All Star Lift, Run Star Hike e Chuck 70 ganharam novas vers\u00f5es com estampas de elementos visuais da cultura mexicana, como as flores Cempasuchil e as Catrinas, al\u00e9m de detalhes bordados coloridos.<\/p>\n\n\n\n<p>Para quem n\u00e3o sabe, o &#8216;Dia dos Mortos&#8217; \u00e9 celebrado todo dia 02 de novembro e conta com prepara\u00e7\u00f5es e celebra\u00e7\u00f5es pelas almas dos entes queridos que j\u00e1 faleceram.<\/p>\n\n\n\n<p>Gostou? A cole\u00e7\u00e3o acaba de chegar\u00a0ao e-commerce da Converse e \u00e0s lojas f\u00edsicas brasileiras. Veja os detalhes:\u00a0<\/p>\n\n\n\n<div class=\"wp-block-image\"><figure class=\"aligncenter size-full\"><img data-attachment-id=\"227247\" data-permalink=\"https:\/\/agrund.com\/index.php\/converse-se-inspira-no-dia-dos-mortos\/icon-view-e\/\" data-orig-file=\"https:\/\/i0.wp.com\/agrund.com\/wp-content\/uploads\/sites\/6\/2023\/01\/agrund-converse-dia-dos-mortos-1.jpg?fit=600%2C559&amp;ssl=1\" data-orig-size=\"600,559\" data-comments-opened=\"1\" data-image-meta=\"{&quot;aperture&quot;:&quot;20&quot;,&quot;credit&quot;:&quot;220922_CONV-FW-T1_POD1_104&quot;,&quot;camera&quot;:&quot;Canon EOS 5DS&quot;,&quot;caption&quot;:&quot;Icon view: E&quot;,&quot;created_timestamp&quot;:&quot;1663840864&quot;,&quot;copyright&quot;:&quot;&quot;,&quot;focal_length&quot;:&quot;100&quot;,&quot;iso&quot;:&quot;100&quot;,&quot;shutter_speed&quot;:&quot;0.008&quot;,&quot;title&quot;:&quot;Icon view: E&quot;,&quot;orientation&quot;:&quot;1&quot;}\" data-image-title=\"Icon view: E\" data-image-description=\"\" data-image-caption=\"&lt;p&gt;Icon view: E&lt;\/p&gt;\n\" data-medium-file=\"https:\/\/i0.wp.com\/agrund.com\/wp-content\/uploads\/sites\/6\/2023\/01\/agrund-converse-dia-dos-mortos-1.jpg?fit=300%2C280&amp;ssl=1\" data-large-file=\"https:\/\/i0.wp.com\/agrund.com\/wp-content\/uploads\/sites\/6\/2023\/01\/agrund-converse-dia-dos-mortos-1.jpg?fit=600%2C559&amp;ssl=1\" decoding=\"async\" loading=\"lazy\" width=\"600\" height=\"559\" src=\"https:\/\/i0.wp.com\/agrund.com\/wp-content\/uploads\/sites\/6\/2023\/01\/agrund-converse-dia-dos-mortos-1.jpg?resize=600%2C559&#038;ssl=1\" alt=\"\" class=\"wp-image-227247\" srcset=\"https:\/\/i0.wp.com\/agrund.com\/wp-content\/uploads\/sites\/6\/2023\/01\/agrund-converse-dia-dos-mortos-1.jpg?w=600&amp;ssl=1 600w, https:\/\/i0.wp.com\/agrund.com\/wp-content\/uploads\/sites\/6\/2023\/01\/agrund-converse-dia-dos-mortos-1.jpg?resize=300%2C280&amp;ssl=1 300w\" sizes=\"(max-width: 600px) 100vw, 600px\" data-recalc-dims=\"1\" \/><figcaption>Converse se inspira no &#8216;Dia dos Mortos&#8217;<\/figcaption><\/figure><\/div>\n\n\n\n<div class=\"wp-block-image\"><figure class=\"aligncenter size-full\"><img data-attachment-id=\"227248\" data-permalink=\"https:\/\/agrund.com\/index.php\/converse-se-inspira-no-dia-dos-mortos\/icon-view-k\/\" data-orig-file=\"https:\/\/i0.wp.com\/agrund.com\/wp-content\/uploads\/sites\/6\/2023\/01\/agrund-converse-dia-dos-mortos-2.jpg?fit=600%2C559&amp;ssl=1\" data-orig-size=\"600,559\" data-comments-opened=\"1\" data-image-meta=\"{&quot;aperture&quot;:&quot;20&quot;,&quot;credit&quot;:&quot;&quot;,&quot;camera&quot;:&quot;Canon EOS 5DS&quot;,&quot;caption&quot;:&quot;Icon view: K&quot;,&quot;created_timestamp&quot;:&quot;1663848998&quot;,&quot;copyright&quot;:&quot;&quot;,&quot;focal_length&quot;:&quot;180&quot;,&quot;iso&quot;:&quot;100&quot;,&quot;shutter_speed&quot;:&quot;0.008&quot;,&quot;title&quot;:&quot;Icon view: K&quot;,&quot;orientation&quot;:&quot;1&quot;}\" data-image-title=\"Icon view: K\" data-image-description=\"\" data-image-caption=\"&lt;p&gt;Icon view: K&lt;\/p&gt;\n\" data-medium-file=\"https:\/\/i0.wp.com\/agrund.com\/wp-content\/uploads\/sites\/6\/2023\/01\/agrund-converse-dia-dos-mortos-2.jpg?fit=300%2C280&amp;ssl=1\" data-large-file=\"https:\/\/i0.wp.com\/agrund.com\/wp-content\/uploads\/sites\/6\/2023\/01\/agrund-converse-dia-dos-mortos-2.jpg?fit=600%2C559&amp;ssl=1\" decoding=\"async\" loading=\"lazy\" width=\"600\" height=\"559\" src=\"https:\/\/i0.wp.com\/agrund.com\/wp-content\/uploads\/sites\/6\/2023\/01\/agrund-converse-dia-dos-mortos-2.jpg?resize=600%2C559&#038;ssl=1\" alt=\"\" class=\"wp-image-227248\" srcset=\"https:\/\/i0.wp.com\/agrund.com\/wp-content\/uploads\/sites\/6\/2023\/01\/agrund-converse-dia-dos-mortos-2.jpg?w=600&amp;ssl=1 600w, https:\/\/i0.wp.com\/agrund.com\/wp-content\/uploads\/sites\/6\/2023\/01\/agrund-converse-dia-dos-mortos-2.jpg?resize=300%2C280&amp;ssl=1 300w\" sizes=\"(max-width: 600px) 100vw, 600px\" data-recalc-dims=\"1\" \/><figcaption>Converse se inspira no &#8216;Dia dos Mortos&#8217;<\/figcaption><\/figure><\/div>\n\n\n\n<div class=\"wp-block-image\"><figure class=\"aligncenter size-full\"><img data-attachment-id=\"227249\" data-permalink=\"https:\/\/agrund.com\/index.php\/converse-se-inspira-no-dia-dos-mortos\/icon-view-e-2\/\" data-orig-file=\"https:\/\/i0.wp.com\/agrund.com\/wp-content\/uploads\/sites\/6\/2023\/01\/agrund-converse-dia-dos-mortos-3.jpg?fit=600%2C559&amp;ssl=1\" data-orig-size=\"600,559\" data-comments-opened=\"1\" data-image-meta=\"{&quot;aperture&quot;:&quot;20&quot;,&quot;credit&quot;:&quot;220922_CONV-FW-T1_POD1_104&quot;,&quot;camera&quot;:&quot;Canon EOS 5DS&quot;,&quot;caption&quot;:&quot;Icon view: E&quot;,&quot;created_timestamp&quot;:&quot;1663838402&quot;,&quot;copyright&quot;:&quot;&quot;,&quot;focal_length&quot;:&quot;100&quot;,&quot;iso&quot;:&quot;100&quot;,&quot;shutter_speed&quot;:&quot;0.008&quot;,&quot;title&quot;:&quot;Icon view: E&quot;,&quot;orientation&quot;:&quot;1&quot;}\" data-image-title=\"Icon view: E\" data-image-description=\"\" data-image-caption=\"&lt;p&gt;Icon view: E&lt;\/p&gt;\n\" data-medium-file=\"https:\/\/i0.wp.com\/agrund.com\/wp-content\/uploads\/sites\/6\/2023\/01\/agrund-converse-dia-dos-mortos-3.jpg?fit=300%2C280&amp;ssl=1\" data-large-file=\"https:\/\/i0.wp.com\/agrund.com\/wp-content\/uploads\/sites\/6\/2023\/01\/agrund-converse-dia-dos-mortos-3.jpg?fit=600%2C559&amp;ssl=1\" decoding=\"async\" loading=\"lazy\" width=\"600\" height=\"559\" src=\"https:\/\/i0.wp.com\/agrund.com\/wp-content\/uploads\/sites\/6\/2023\/01\/agrund-converse-dia-dos-mortos-3.jpg?resize=600%2C559&#038;ssl=1\" alt=\"\" class=\"wp-image-227249\" srcset=\"https:\/\/i0.wp.com\/agrund.com\/wp-content\/uploads\/sites\/6\/2023\/01\/agrund-converse-dia-dos-mortos-3.jpg?w=600&amp;ssl=1 600w, https:\/\/i0.wp.com\/agrund.com\/wp-content\/uploads\/sites\/6\/2023\/01\/agrund-converse-dia-dos-mortos-3.jpg?resize=300%2C280&amp;ssl=1 300w\" sizes=\"(max-width: 600px) 100vw, 600px\" data-recalc-dims=\"1\" \/><figcaption>Converse se inspira no &#8216;Dia dos Mortos&#8217;<\/figcaption><\/figure><\/div>\n\n\n\n<div class=\"wp-block-image\"><figure class=\"aligncenter size-full\"><img data-attachment-id=\"227250\" data-permalink=\"https:\/\/agrund.com\/index.php\/converse-se-inspira-no-dia-dos-mortos\/icon-view-h\/\" data-orig-file=\"https:\/\/i0.wp.com\/agrund.com\/wp-content\/uploads\/sites\/6\/2023\/01\/agrund-converse-dia-dos-mortos-4.jpg?fit=600%2C559&amp;ssl=1\" data-orig-size=\"600,559\" data-comments-opened=\"1\" data-image-meta=\"{&quot;aperture&quot;:&quot;20&quot;,&quot;credit&quot;:&quot;&quot;,&quot;camera&quot;:&quot;Canon EOS 5DS&quot;,&quot;caption&quot;:&quot;Icon view: H&quot;,&quot;created_timestamp&quot;:&quot;1663843591&quot;,&quot;copyright&quot;:&quot;&quot;,&quot;focal_length&quot;:&quot;180&quot;,&quot;iso&quot;:&quot;100&quot;,&quot;shutter_speed&quot;:&quot;0.008&quot;,&quot;title&quot;:&quot;Icon view: H&quot;,&quot;orientation&quot;:&quot;1&quot;}\" data-image-title=\"Icon view: H\" data-image-description=\"\" data-image-caption=\"&lt;p&gt;Icon view: H&lt;\/p&gt;\n\" data-medium-file=\"https:\/\/i0.wp.com\/agrund.com\/wp-content\/uploads\/sites\/6\/2023\/01\/agrund-converse-dia-dos-mortos-4.jpg?fit=300%2C280&amp;ssl=1\" data-large-file=\"https:\/\/i0.wp.com\/agrund.com\/wp-content\/uploads\/sites\/6\/2023\/01\/agrund-converse-dia-dos-mortos-4.jpg?fit=600%2C559&amp;ssl=1\" decoding=\"async\" loading=\"lazy\" width=\"600\" height=\"559\" src=\"https:\/\/i0.wp.com\/agrund.com\/wp-content\/uploads\/sites\/6\/2023\/01\/agrund-converse-dia-dos-mortos-4.jpg?resize=600%2C559&#038;ssl=1\" alt=\"\" class=\"wp-image-227250\" srcset=\"https:\/\/i0.wp.com\/agrund.com\/wp-content\/uploads\/sites\/6\/2023\/01\/agrund-converse-dia-dos-mortos-4.jpg?w=600&amp;ssl=1 600w, https:\/\/i0.wp.com\/agrund.com\/wp-content\/uploads\/sites\/6\/2023\/01\/agrund-converse-dia-dos-mortos-4.jpg?resize=300%2C280&amp;ssl=1 300w\" sizes=\"(max-width: 600px) 100vw, 600px\" data-recalc-dims=\"1\" \/><figcaption>Converse se inspira no &#8216;Dia dos Mortos&#8217;<\/figcaption><\/figure><\/div>\n\n\n\n<div class=\"wp-block-image\"><figure class=\"aligncenter size-full\"><img data-attachment-id=\"227251\" data-permalink=\"https:\/\/agrund.com\/index.php\/converse-se-inspira-no-dia-dos-mortos\/icon-view-k-2\/\" data-orig-file=\"https:\/\/i0.wp.com\/agrund.com\/wp-content\/uploads\/sites\/6\/2023\/01\/agrund-converse-dia-dos-mortos-5.jpg?fit=600%2C751&amp;ssl=1\" data-orig-size=\"600,751\" data-comments-opened=\"1\" data-image-meta=\"{&quot;aperture&quot;:&quot;20&quot;,&quot;credit&quot;:&quot;&quot;,&quot;camera&quot;:&quot;Canon EOS 5DS&quot;,&quot;caption&quot;:&quot;Icon view: K&quot;,&quot;created_timestamp&quot;:&quot;1663846068&quot;,&quot;copyright&quot;:&quot;&quot;,&quot;focal_length&quot;:&quot;180&quot;,&quot;iso&quot;:&quot;100&quot;,&quot;shutter_speed&quot;:&quot;0.008&quot;,&quot;title&quot;:&quot;Icon view: K&quot;,&quot;orientation&quot;:&quot;1&quot;}\" data-image-title=\"Icon view: K\" data-image-description=\"\" data-image-caption=\"&lt;p&gt;Icon view: K&lt;\/p&gt;\n\" data-medium-file=\"https:\/\/i0.wp.com\/agrund.com\/wp-content\/uploads\/sites\/6\/2023\/01\/agrund-converse-dia-dos-mortos-5.jpg?fit=240%2C300&amp;ssl=1\" data-large-file=\"https:\/\/i0.wp.com\/agrund.com\/wp-content\/uploads\/sites\/6\/2023\/01\/agrund-converse-dia-dos-mortos-5.jpg?fit=600%2C751&amp;ssl=1\" decoding=\"async\" loading=\"lazy\" width=\"600\" height=\"751\" src=\"https:\/\/i0.wp.com\/agrund.com\/wp-content\/uploads\/sites\/6\/2023\/01\/agrund-converse-dia-dos-mortos-5.jpg?resize=600%2C751&#038;ssl=1\" alt=\"\" class=\"wp-image-227251\" srcset=\"https:\/\/i0.wp.com\/agrund.com\/wp-content\/uploads\/sites\/6\/2023\/01\/agrund-converse-dia-dos-mortos-5.jpg?w=600&amp;ssl=1 600w, https:\/\/i0.wp.com\/agrund.com\/wp-content\/uploads\/sites\/6\/2023\/01\/agrund-converse-dia-dos-mortos-5.jpg?resize=240%2C300&amp;ssl=1 240w\" sizes=\"(max-width: 600px) 100vw, 600px\" data-recalc-dims=\"1\" \/><figcaption>Converse se inspira no &#8216;Dia dos Mortos&#8217;<\/figcaption><\/figure><\/div>\n\n\n\n<div class=\"wp-block-image\"><figure class=\"aligncenter size-full\"><img data-attachment-id=\"227252\" data-permalink=\"https:\/\/agrund.com\/index.php\/converse-se-inspira-no-dia-dos-mortos\/icon-view-e-3\/\" data-orig-file=\"https:\/\/i0.wp.com\/agrund.com\/wp-content\/uploads\/sites\/6\/2023\/01\/agrund-converse-dia-dos-mortos-6.jpg?fit=600%2C559&amp;ssl=1\" data-orig-size=\"600,559\" data-comments-opened=\"1\" data-image-meta=\"{&quot;aperture&quot;:&quot;20&quot;,&quot;credit&quot;:&quot;220922_CONV-FW-T1_POD1_104&quot;,&quot;camera&quot;:&quot;Canon EOS 5DS&quot;,&quot;caption&quot;:&quot;Icon view: E&quot;,&quot;created_timestamp&quot;:&quot;1663839409&quot;,&quot;copyright&quot;:&quot;&quot;,&quot;focal_length&quot;:&quot;100&quot;,&quot;iso&quot;:&quot;100&quot;,&quot;shutter_speed&quot;:&quot;0.008&quot;,&quot;title&quot;:&quot;Icon view: E&quot;,&quot;orientation&quot;:&quot;1&quot;}\" data-image-title=\"Icon view: E\" data-image-description=\"\" data-image-caption=\"&lt;p&gt;Icon view: E&lt;\/p&gt;\n\" data-medium-file=\"https:\/\/i0.wp.com\/agrund.com\/wp-content\/uploads\/sites\/6\/2023\/01\/agrund-converse-dia-dos-mortos-6.jpg?fit=300%2C280&amp;ssl=1\" data-large-file=\"https:\/\/i0.wp.com\/agrund.com\/wp-content\/uploads\/sites\/6\/2023\/01\/agrund-converse-dia-dos-mortos-6.jpg?fit=600%2C559&amp;ssl=1\" decoding=\"async\" loading=\"lazy\" width=\"600\" height=\"559\" src=\"https:\/\/i0.wp.com\/agrund.com\/wp-content\/uploads\/sites\/6\/2023\/01\/agrund-converse-dia-dos-mortos-6.jpg?resize=600%2C559&#038;ssl=1\" alt=\"\" class=\"wp-image-227252\" srcset=\"https:\/\/i0.wp.com\/agrund.com\/wp-content\/uploads\/sites\/6\/2023\/01\/agrund-converse-dia-dos-mortos-6.jpg?w=600&amp;ssl=1 600w, https:\/\/i0.wp.com\/agrund.com\/wp-content\/uploads\/sites\/6\/2023\/01\/agrund-converse-dia-dos-mortos-6.jpg?resize=300%2C280&amp;ssl=1 300w\" sizes=\"(max-width: 600px) 100vw, 600px\" data-recalc-dims=\"1\" \/><figcaption>Converse se inspira no &#8216;Dia dos Mortos&#8217;<\/figcaption><\/figure><\/div>\n\n\n\n<div class=\"wp-block-image\"><figure class=\"aligncenter size-full\"><img data-attachment-id=\"227253\" data-permalink=\"https:\/\/agrund.com\/index.php\/converse-se-inspira-no-dia-dos-mortos\/icon-view-e-4\/\" data-orig-file=\"https:\/\/i0.wp.com\/agrund.com\/wp-content\/uploads\/sites\/6\/2023\/01\/agrund-converse-dia-dos-mortos-7.jpg?fit=600%2C559&amp;ssl=1\" data-orig-size=\"600,559\" data-comments-opened=\"1\" data-image-meta=\"{&quot;aperture&quot;:&quot;20&quot;,&quot;credit&quot;:&quot;220922_CONV-FW-T1_POD1_104&quot;,&quot;camera&quot;:&quot;Canon EOS 5DS&quot;,&quot;caption&quot;:&quot;Icon view: E&quot;,&quot;created_timestamp&quot;:&quot;1663840107&quot;,&quot;copyright&quot;:&quot;&quot;,&quot;focal_length&quot;:&quot;100&quot;,&quot;iso&quot;:&quot;100&quot;,&quot;shutter_speed&quot;:&quot;0.008&quot;,&quot;title&quot;:&quot;Icon view: E&quot;,&quot;orientation&quot;:&quot;1&quot;}\" data-image-title=\"Icon view: E\" data-image-description=\"\" data-image-caption=\"&lt;p&gt;Icon view: E&lt;\/p&gt;\n\" data-medium-file=\"https:\/\/i0.wp.com\/agrund.com\/wp-content\/uploads\/sites\/6\/2023\/01\/agrund-converse-dia-dos-mortos-7.jpg?fit=300%2C280&amp;ssl=1\" data-large-file=\"https:\/\/i0.wp.com\/agrund.com\/wp-content\/uploads\/sites\/6\/2023\/01\/agrund-converse-dia-dos-mortos-7.jpg?fit=600%2C559&amp;ssl=1\" decoding=\"async\" loading=\"lazy\" width=\"600\" height=\"559\" src=\"https:\/\/i0.wp.com\/agrund.com\/wp-content\/uploads\/sites\/6\/2023\/01\/agrund-converse-dia-dos-mortos-7.jpg?resize=600%2C559&#038;ssl=1\" alt=\"\" class=\"wp-image-227253\" srcset=\"https:\/\/i0.wp.com\/agrund.com\/wp-content\/uploads\/sites\/6\/2023\/01\/agrund-converse-dia-dos-mortos-7.jpg?w=600&amp;ssl=1 600w, https:\/\/i0.wp.com\/agrund.com\/wp-content\/uploads\/sites\/6\/2023\/01\/agrund-converse-dia-dos-mortos-7.jpg?resize=300%2C280&amp;ssl=1 300w\" sizes=\"(max-width: 600px) 100vw, 600px\" data-recalc-dims=\"1\" \/><figcaption>Converse se inspira no &#8216;Dia dos Mortos&#8217;<\/figcaption><\/figure><\/div>\n\n\n\n<div class=\"wp-block-image\"><figure class=\"aligncenter size-full\"><img data-attachment-id=\"227254\" data-permalink=\"https:\/\/agrund.com\/index.php\/converse-se-inspira-no-dia-dos-mortos\/icon-view-h-2\/\" data-orig-file=\"https:\/\/i0.wp.com\/agrund.com\/wp-content\/uploads\/sites\/6\/2023\/01\/agrund-converse-dia-dos-mortos-8.jpg?fit=600%2C559&amp;ssl=1\" data-orig-size=\"600,559\" data-comments-opened=\"1\" data-image-meta=\"{&quot;aperture&quot;:&quot;20&quot;,&quot;credit&quot;:&quot;&quot;,&quot;camera&quot;:&quot;Canon EOS 5DS&quot;,&quot;caption&quot;:&quot;Icon view: H&quot;,&quot;created_timestamp&quot;:&quot;1663842553&quot;,&quot;copyright&quot;:&quot;&quot;,&quot;focal_length&quot;:&quot;180&quot;,&quot;iso&quot;:&quot;100&quot;,&quot;shutter_speed&quot;:&quot;0.008&quot;,&quot;title&quot;:&quot;Icon view: H&quot;,&quot;orientation&quot;:&quot;1&quot;}\" data-image-title=\"Icon view: H\" data-image-description=\"\" data-image-caption=\"&lt;p&gt;Icon view: H&lt;\/p&gt;\n\" data-medium-file=\"https:\/\/i0.wp.com\/agrund.com\/wp-content\/uploads\/sites\/6\/2023\/01\/agrund-converse-dia-dos-mortos-8.jpg?fit=300%2C280&amp;ssl=1\" data-large-file=\"https:\/\/i0.wp.com\/agrund.com\/wp-content\/uploads\/sites\/6\/2023\/01\/agrund-converse-dia-dos-mortos-8.jpg?fit=600%2C559&amp;ssl=1\" decoding=\"async\" loading=\"lazy\" width=\"600\" height=\"559\" src=\"https:\/\/i0.wp.com\/agrund.com\/wp-content\/uploads\/sites\/6\/2023\/01\/agrund-converse-dia-dos-mortos-8.jpg?resize=600%2C559&#038;ssl=1\" alt=\"\" class=\"wp-image-227254\" srcset=\"https:\/\/i0.wp.com\/agrund.com\/wp-content\/uploads\/sites\/6\/2023\/01\/agrund-converse-dia-dos-mortos-8.jpg?w=600&amp;ssl=1 600w, https:\/\/i0.wp.com\/agrund.com\/wp-content\/uploads\/sites\/6\/2023\/01\/agrund-converse-dia-dos-mortos-8.jpg?resize=300%2C280&amp;ssl=1 300w\" sizes=\"(max-width: 600px) 100vw, 600px\" data-recalc-dims=\"1\" \/><figcaption>Converse se inspira no &#8216;Dia dos Mortos&#8217;<\/figcaption><\/figure><\/div>\n\n\n\n<div class=\"wp-block-image\"><figure class=\"aligncenter size-full\"><img data-attachment-id=\"227255\" data-permalink=\"https:\/\/agrund.com\/index.php\/converse-se-inspira-no-dia-dos-mortos\/icon-view-k-3\/\" data-orig-file=\"https:\/\/i0.wp.com\/agrund.com\/wp-content\/uploads\/sites\/6\/2023\/01\/agrund-converse-dia-dos-mortos-9.jpg?fit=600%2C559&amp;ssl=1\" data-orig-size=\"600,559\" data-comments-opened=\"1\" data-image-meta=\"{&quot;aperture&quot;:&quot;20&quot;,&quot;credit&quot;:&quot;&quot;,&quot;camera&quot;:&quot;Canon EOS 5DS&quot;,&quot;caption&quot;:&quot;Icon view: K&quot;,&quot;created_timestamp&quot;:&quot;1663847834&quot;,&quot;copyright&quot;:&quot;&quot;,&quot;focal_length&quot;:&quot;180&quot;,&quot;iso&quot;:&quot;100&quot;,&quot;shutter_speed&quot;:&quot;0.008&quot;,&quot;title&quot;:&quot;Icon view: K&quot;,&quot;orientation&quot;:&quot;1&quot;}\" data-image-title=\"Icon view: K\" data-image-description=\"\" data-image-caption=\"&lt;p&gt;Icon view: K&lt;\/p&gt;\n\" data-medium-file=\"https:\/\/i0.wp.com\/agrund.com\/wp-content\/uploads\/sites\/6\/2023\/01\/agrund-converse-dia-dos-mortos-9.jpg?fit=300%2C280&amp;ssl=1\" data-large-file=\"https:\/\/i0.wp.com\/agrund.com\/wp-content\/uploads\/sites\/6\/2023\/01\/agrund-converse-dia-dos-mortos-9.jpg?fit=600%2C559&amp;ssl=1\" decoding=\"async\" loading=\"lazy\" width=\"600\" height=\"559\" src=\"https:\/\/i0.wp.com\/agrund.com\/wp-content\/uploads\/sites\/6\/2023\/01\/agrund-converse-dia-dos-mortos-9.jpg?resize=600%2C559&#038;ssl=1\" alt=\"\" class=\"wp-image-227255\" srcset=\"https:\/\/i0.wp.com\/agrund.com\/wp-content\/uploads\/sites\/6\/2023\/01\/agrund-converse-dia-dos-mortos-9.jpg?w=600&amp;ssl=1 600w, https:\/\/i0.wp.com\/agrund.com\/wp-content\/uploads\/sites\/6\/2023\/01\/agrund-converse-dia-dos-mortos-9.jpg?resize=300%2C280&amp;ssl=1 300w\" sizes=\"(max-width: 600px) 100vw, 600px\" data-recalc-dims=\"1\" \/><figcaption>Converse se inspira no &#8216;Dia dos Mortos&#8217;<\/figcaption><\/figure><\/div>\n\n\n\n<p>Fotos; Divulga\u00e7\u00e3o\/ Converse. <\/p>\n","protected":false},"excerpt":{"rendered":"<p>O &#8216;Dia dos Mortos&#8217; \u00e9 uma das mais famosas e importantes tradi\u00e7\u00f5es mexicanas e todo ano a Converse faz sua homenagem \u00e0 data. Desta vez, a cole\u00e7\u00e3o criada em parceria com a comunidade Mexican All Star, traz s\u00edmbolos emblem\u00e1ticos, como uma verdadeira viagem pelos locais t\u00edpicos do M\u00e9xico. Os cl\u00e1ssicos modelos Chuck Taylor All Star [&hellip;]<\/p>\n","protected":false},"author":8,"featured_media":227256,"comment_status":"open","ping_status":"open","sticky":false,"template":"","format":"standard","meta":{"jetpack_post_was_ever_published":false,"_jetpack_newsletter_access":"","jetpack_publicize_message":"","jetpack_is_tweetstorm":false,"jetpack_publicize_feature_enabled":true,"jetpack_social_post_already_shared":true,"jetpack_social_options":{"image_generator_settings":{"template":"highway","enabled":false}}},"categories":[2],"tags":[395,375,361,2364,423,347,3501,67,525,362,424,1112,862],"jetpack_publicize_connections":[],"jetpack_featured_media_url":"https:\/\/i0.wp.com\/agrund.com\/wp-content\/uploads\/sites\/6\/2023\/01\/ss.jpg?fit=960%2C300&ssl=1","jetpack_sharing_enabled":true,"jetpack_shortlink":"https:\/\/wp.me\/p3Hz0n-X7g","jetpack_likes_enabled":true,"_links":{"self":[{"href":"https:\/\/agrund.com\/index.php\/wp-json\/wp\/v2\/posts\/227246"}],"collection":[{"href":"https:\/\/agrund.com\/index.php\/wp-json\/wp\/v2\/posts"}],"about":[{"href":"https:\/\/agrund.com\/index.php\/wp-json\/wp\/v2\/types\/post"}],"author":[{"embeddable":true,"href":"https:\/\/agrund.com\/index.php\/wp-json\/wp\/v2\/users\/8"}],"replies":[{"embeddable":true,"href":"https:\/\/agrund.com\/index.php\/wp-json\/wp\/v2\/comments?post=227246"}],"version-history":[{"count":1,"href":"https:\/\/agrund.com\/index.php\/wp-json\/wp\/v2\/posts\/227246\/revisions"}],"predecessor-version":[{"id":227257,"href":"https:\/\/agrund.com\/index.php\/wp-json\/wp\/v2\/posts\/227246\/revisions\/227257"}],"wp:featuredmedia":[{"embeddable":true,"href":"https:\/\/agrund.com\/index.php\/wp-json\/wp\/v2\/media\/227256"}],"wp:attachment":[{"href":"https:\/\/agrund.com\/index.php\/wp-json\/wp\/v2\/media?parent=227246"}],"wp:term":[{"taxonomy":"category","embeddable":true,"href":"https:\/\/agrund.com\/index.php\/wp-json\/wp\/v2\/categories?post=227246"},{"taxonomy":"post_tag","embeddable":true,"href":"https:\/\/agrund.com\/index.php\/wp-json\/wp\/v2\/tags?post=227246"}],"curies":[{"name":"wp","href":"https:\/\/api.w.org\/{rel}","templated":true}]}}