{"id":227230,"date":"2023-01-06T16:00:00","date_gmt":"2023-01-06T19:00:00","guid":{"rendered":"https:\/\/agrund.com\/?p=227230"},"modified":"2023-01-06T10:59:51","modified_gmt":"2023-01-06T13:59:51","slug":"semanas-de-moda-as-datas-da-temporada-de-inverno-2024","status":"publish","type":"post","link":"https:\/\/agrund.com\/index.php\/semanas-de-moda-as-datas-da-temporada-de-inverno-2024\/","title":{"rendered":"Semanas de Moda: As datas da temporada de Inverno 2024"},"content":{"rendered":"\n<p>Est\u00e3o prontas para acompanhar mais uma temporada de moda aqui no Agrund.com?\u00a0<\/p>\n\n\n\n<p>As Semanas de Moda pelo mundo j\u00e1 come\u00e7am agora em janeiro, ent\u00e3o reunimos todas as datas para voc\u00ea anotar e se organizar&nbsp;para n\u00e3o perder as que quer ver.&nbsp;<\/p>\n\n\n\n<p>Como de costume, os primeiros desfiles s\u00e3o das cole\u00e7\u00f5es masculinas.&nbsp;Em seguida, Alta-Costura, finalizando&nbsp;com semanas de pr\u00eat-\u00e0-porter. Confira as datas e lembre-se de acompanhar tudo aqui no Agrund.com e no @arlindogrund:&nbsp;<\/p>\n\n\n\n<p><strong>Temporada de inverno 2024<\/strong><\/p>\n\n\n\n<p><strong>&#8211; Semana de Moda Masculina de Mil\u00e3o:<\/strong> 13 a 17 de janeiro de 2023<\/p>\n\n\n\n<p><strong>&#8211; Semana de Moda Masculina de Paris:<\/strong> 17 a 22 de janeiro de 2023<\/p>\n\n\n\n<p>&#8211; S<strong>emana de Alta-Costura:<\/strong> 23 a 26 de janeiro de 2023<\/p>\n\n\n\n<p><strong>&#8211; Semana de Moda de New York:<\/strong> 10 a 15 de fevereiro de 2023<\/p>\n\n\n\n<p><strong>&#8211; Semana de Moda de Londres:<\/strong> 17 a 21 de fevereiro de 2023<\/p>\n\n\n\n<p><strong>&#8211; Semana de Moda de Mil\u00e3o:<\/strong> 21 a 27 de fevereiro de 2023<\/p>\n\n\n\n<p>&#8211;<strong> Semana de Moda de Paris:<\/strong> 27 de fevereiro a 7 de mar\u00e7o de 2023<\/p>\n\n\n\n<div class=\"wp-block-image\"><figure class=\"aligncenter size-full\"><img data-attachment-id=\"227232\" data-permalink=\"https:\/\/agrund.com\/index.php\/semanas-de-moda-as-datas-da-temporada-de-inverno-2024\/agrund-semanas-de-moda-2024\/\" data-orig-file=\"https:\/\/i0.wp.com\/agrund.com\/wp-content\/uploads\/sites\/6\/2023\/01\/agrund-semanas-de-moda-2024.jpeg?fit=600%2C399&amp;ssl=1\" data-orig-size=\"600,399\" data-comments-opened=\"1\" data-image-meta=\"{&quot;aperture&quot;:&quot;0&quot;,&quot;credit&quot;:&quot;&quot;,&quot;camera&quot;:&quot;&quot;,&quot;caption&quot;:&quot;&quot;,&quot;created_timestamp&quot;:&quot;0&quot;,&quot;copyright&quot;:&quot;&quot;,&quot;focal_length&quot;:&quot;0&quot;,&quot;iso&quot;:&quot;0&quot;,&quot;shutter_speed&quot;:&quot;0&quot;,&quot;title&quot;:&quot;&quot;,&quot;orientation&quot;:&quot;1&quot;}\" data-image-title=\"agrund-semanas-de-moda-2024\" data-image-description=\"\" data-image-caption=\"\" data-medium-file=\"https:\/\/i0.wp.com\/agrund.com\/wp-content\/uploads\/sites\/6\/2023\/01\/agrund-semanas-de-moda-2024.jpeg?fit=300%2C200&amp;ssl=1\" data-large-file=\"https:\/\/i0.wp.com\/agrund.com\/wp-content\/uploads\/sites\/6\/2023\/01\/agrund-semanas-de-moda-2024.jpeg?fit=600%2C399&amp;ssl=1\" decoding=\"async\" loading=\"lazy\" width=\"600\" height=\"399\" src=\"https:\/\/i0.wp.com\/agrund.com\/wp-content\/uploads\/sites\/6\/2023\/01\/agrund-semanas-de-moda-2024.jpeg?resize=600%2C399&#038;ssl=1\" alt=\"\" class=\"wp-image-227232\" srcset=\"https:\/\/i0.wp.com\/agrund.com\/wp-content\/uploads\/sites\/6\/2023\/01\/agrund-semanas-de-moda-2024.jpeg?w=600&amp;ssl=1 600w, https:\/\/i0.wp.com\/agrund.com\/wp-content\/uploads\/sites\/6\/2023\/01\/agrund-semanas-de-moda-2024.jpeg?resize=300%2C200&amp;ssl=1 300w\" sizes=\"(max-width: 600px) 100vw, 600px\" data-recalc-dims=\"1\" \/><figcaption>Semanas de Moda: As datas da temporada de Inverno 2024<\/figcaption><\/figure><\/div>\n\n\n\n<p>Foto: Reprodu\u00e7\u00e3o. <\/p>\n","protected":false},"excerpt":{"rendered":"<p>Est\u00e3o prontas para acompanhar mais uma temporada de moda aqui no Agrund.com?\u00a0 As Semanas de Moda pelo mundo j\u00e1 come\u00e7am agora em janeiro, ent\u00e3o reunimos todas as datas para voc\u00ea anotar e se organizar&nbsp;para n\u00e3o perder as que quer ver.&nbsp; Como de costume, os primeiros desfiles s\u00e3o das cole\u00e7\u00f5es masculinas.&nbsp;Em seguida, Alta-Costura, finalizando&nbsp;com semanas de [&hellip;]<\/p>\n","protected":false},"author":8,"featured_media":227231,"comment_status":"open","ping_status":"open","sticky":false,"template":"","format":"standard","meta":{"jetpack_post_was_ever_published":false,"_jetpack_newsletter_access":"","jetpack_publicize_message":"","jetpack_is_tweetstorm":false,"jetpack_publicize_feature_enabled":true,"jetpack_social_post_already_shared":true,"jetpack_social_options":{"image_generator_settings":{"template":"highway","enabled":false}}},"categories":[2],"tags":[395,375,423,347,67,525,148,455,424,862],"jetpack_publicize_connections":[],"jetpack_featured_media_url":"https:\/\/i0.wp.com\/agrund.com\/wp-content\/uploads\/sites\/6\/2023\/01\/s-3.jpg?fit=960%2C300&ssl=1","jetpack_sharing_enabled":true,"jetpack_shortlink":"https:\/\/wp.me\/p3Hz0n-X70","jetpack_likes_enabled":true,"_links":{"self":[{"href":"https:\/\/agrund.com\/index.php\/wp-json\/wp\/v2\/posts\/227230"}],"collection":[{"href":"https:\/\/agrund.com\/index.php\/wp-json\/wp\/v2\/posts"}],"about":[{"href":"https:\/\/agrund.com\/index.php\/wp-json\/wp\/v2\/types\/post"}],"author":[{"embeddable":true,"href":"https:\/\/agrund.com\/index.php\/wp-json\/wp\/v2\/users\/8"}],"replies":[{"embeddable":true,"href":"https:\/\/agrund.com\/index.php\/wp-json\/wp\/v2\/comments?post=227230"}],"version-history":[{"count":1,"href":"https:\/\/agrund.com\/index.php\/wp-json\/wp\/v2\/posts\/227230\/revisions"}],"predecessor-version":[{"id":227233,"href":"https:\/\/agrund.com\/index.php\/wp-json\/wp\/v2\/posts\/227230\/revisions\/227233"}],"wp:featuredmedia":[{"embeddable":true,"href":"https:\/\/agrund.com\/index.php\/wp-json\/wp\/v2\/media\/227231"}],"wp:attachment":[{"href":"https:\/\/agrund.com\/index.php\/wp-json\/wp\/v2\/media?parent=227230"}],"wp:term":[{"taxonomy":"category","embeddable":true,"href":"https:\/\/agrund.com\/index.php\/wp-json\/wp\/v2\/categories?post=227230"},{"taxonomy":"post_tag","embeddable":true,"href":"https:\/\/agrund.com\/index.php\/wp-json\/wp\/v2\/tags?post=227230"}],"curies":[{"name":"wp","href":"https:\/\/api.w.org\/{rel}","templated":true}]}}