{"id":227188,"date":"2022-12-19T15:00:00","date_gmt":"2022-12-19T18:00:00","guid":{"rendered":"https:\/\/agrund.com\/?p=227188"},"modified":"2022-12-19T10:25:20","modified_gmt":"2022-12-19T13:25:20","slug":"hailey-bieber-e-eleita-a-mais-bem-vestida-de-2022","status":"publish","type":"post","link":"https:\/\/agrund.com\/index.php\/hailey-bieber-e-eleita-a-mais-bem-vestida-de-2022\/","title":{"rendered":"Hailey Bieber \u00e9 eleita a mais bem vestida de 2022"},"content":{"rendered":"\n<p>N\u00e3o tem como negar que os looks de Hailey Bieber chamaram muita aten\u00e7\u00e3o no \u00faltimo ano, tanto as produ\u00e7\u00f5es usadas em tapete vermelho quanto as de street style.<\/p>\n\n\n\n<p>Seu estilo \u00fanico que mescla com maestria pe\u00e7as casuais com sportswear e alfaiataria a tornou um \u00edcone fashion e garantiu o t\u00edtulo de celebridade mais bem vestida de 2022, segundo a revista &#8216;People&#8217;.<\/p>\n\n\n\n<p>A publica\u00e7\u00e3o nomeou Hailey como &#8216;The Minimalist&#8217; (&#8216;A Minimalista&#8217;), afirmando que ningu\u00e9m \u00e9 mais cool e descolada sem fazer nenhum esfor\u00e7o como ela. Voc\u00ea concorda?<\/p>\n\n\n\n<p>A lista ainda conta com nomes como Andrew Garfield, Anne Hathaway, Lizzo, Julianne Moore e Florence Pugh. Confira <a href=\"https:\/\/people.com\/style\/best-dressed-stars-2022\/\" target=\"_blank\" rel=\"noreferrer noopener\">AQUI<\/a>.<\/p>\n\n\n\n<p>Separamos alguns looks de Hailey para voc\u00ea se inspirar:<\/p>\n\n\n\n<div class=\"wp-block-image\"><figure class=\"aligncenter size-full\"><img data-attachment-id=\"227189\" data-permalink=\"https:\/\/agrund.com\/index.php\/hailey-bieber-e-eleita-a-mais-bem-vestida-de-2022\/agrund-hailey-bieber-mais-bem-vestida-3\/\" data-orig-file=\"https:\/\/i0.wp.com\/agrund.com\/wp-content\/uploads\/sites\/6\/2022\/12\/agrund-hailey-bieber-mais-bem-vestida-3.jpeg?fit=600%2C750&amp;ssl=1\" data-orig-size=\"600,750\" data-comments-opened=\"1\" data-image-meta=\"{&quot;aperture&quot;:&quot;0&quot;,&quot;credit&quot;:&quot;&quot;,&quot;camera&quot;:&quot;&quot;,&quot;caption&quot;:&quot;&quot;,&quot;created_timestamp&quot;:&quot;0&quot;,&quot;copyright&quot;:&quot;&quot;,&quot;focal_length&quot;:&quot;0&quot;,&quot;iso&quot;:&quot;0&quot;,&quot;shutter_speed&quot;:&quot;0&quot;,&quot;title&quot;:&quot;&quot;,&quot;orientation&quot;:&quot;1&quot;}\" data-image-title=\"agrund-hailey-bieber-mais-bem-vestida-3\" data-image-description=\"\" data-image-caption=\"\" data-medium-file=\"https:\/\/i0.wp.com\/agrund.com\/wp-content\/uploads\/sites\/6\/2022\/12\/agrund-hailey-bieber-mais-bem-vestida-3.jpeg?fit=240%2C300&amp;ssl=1\" data-large-file=\"https:\/\/i0.wp.com\/agrund.com\/wp-content\/uploads\/sites\/6\/2022\/12\/agrund-hailey-bieber-mais-bem-vestida-3.jpeg?fit=600%2C750&amp;ssl=1\" decoding=\"async\" loading=\"lazy\" width=\"600\" height=\"750\" src=\"https:\/\/i0.wp.com\/agrund.com\/wp-content\/uploads\/sites\/6\/2022\/12\/agrund-hailey-bieber-mais-bem-vestida-3.jpeg?resize=600%2C750&#038;ssl=1\" alt=\"\" class=\"wp-image-227189\" srcset=\"https:\/\/i0.wp.com\/agrund.com\/wp-content\/uploads\/sites\/6\/2022\/12\/agrund-hailey-bieber-mais-bem-vestida-3.jpeg?w=600&amp;ssl=1 600w, https:\/\/i0.wp.com\/agrund.com\/wp-content\/uploads\/sites\/6\/2022\/12\/agrund-hailey-bieber-mais-bem-vestida-3.jpeg?resize=240%2C300&amp;ssl=1 240w\" sizes=\"(max-width: 600px) 100vw, 600px\" data-recalc-dims=\"1\" \/><figcaption>Hailey Bieber \u00e9 eleita a mais bem vestida de 2022<\/figcaption><\/figure><\/div>\n\n\n\n<div class=\"wp-block-image\"><figure class=\"aligncenter size-full\"><img data-attachment-id=\"227190\" data-permalink=\"https:\/\/agrund.com\/index.php\/hailey-bieber-e-eleita-a-mais-bem-vestida-de-2022\/agrund-hailey-bieber-mais-bem-vestida-5\/\" data-orig-file=\"https:\/\/i0.wp.com\/agrund.com\/wp-content\/uploads\/sites\/6\/2022\/12\/agrund-hailey-bieber-mais-bem-vestida-5.jpg?fit=600%2C900&amp;ssl=1\" data-orig-size=\"600,900\" data-comments-opened=\"1\" data-image-meta=\"{&quot;aperture&quot;:&quot;0&quot;,&quot;credit&quot;:&quot;&quot;,&quot;camera&quot;:&quot;&quot;,&quot;caption&quot;:&quot;&quot;,&quot;created_timestamp&quot;:&quot;0&quot;,&quot;copyright&quot;:&quot;&quot;,&quot;focal_length&quot;:&quot;0&quot;,&quot;iso&quot;:&quot;0&quot;,&quot;shutter_speed&quot;:&quot;0&quot;,&quot;title&quot;:&quot;&quot;,&quot;orientation&quot;:&quot;0&quot;}\" data-image-title=\"agrund-hailey-bieber-mais-bem-vestida-5\" data-image-description=\"\" data-image-caption=\"\" data-medium-file=\"https:\/\/i0.wp.com\/agrund.com\/wp-content\/uploads\/sites\/6\/2022\/12\/agrund-hailey-bieber-mais-bem-vestida-5.jpg?fit=200%2C300&amp;ssl=1\" data-large-file=\"https:\/\/i0.wp.com\/agrund.com\/wp-content\/uploads\/sites\/6\/2022\/12\/agrund-hailey-bieber-mais-bem-vestida-5.jpg?fit=600%2C900&amp;ssl=1\" decoding=\"async\" loading=\"lazy\" width=\"600\" height=\"900\" src=\"https:\/\/i0.wp.com\/agrund.com\/wp-content\/uploads\/sites\/6\/2022\/12\/agrund-hailey-bieber-mais-bem-vestida-5.jpg?resize=600%2C900&#038;ssl=1\" alt=\"\" class=\"wp-image-227190\" srcset=\"https:\/\/i0.wp.com\/agrund.com\/wp-content\/uploads\/sites\/6\/2022\/12\/agrund-hailey-bieber-mais-bem-vestida-5.jpg?w=600&amp;ssl=1 600w, https:\/\/i0.wp.com\/agrund.com\/wp-content\/uploads\/sites\/6\/2022\/12\/agrund-hailey-bieber-mais-bem-vestida-5.jpg?resize=200%2C300&amp;ssl=1 200w\" sizes=\"(max-width: 600px) 100vw, 600px\" data-recalc-dims=\"1\" \/><figcaption>Hailey Bieber \u00e9 eleita a mais bem vestida de 2022<\/figcaption><\/figure><\/div>\n\n\n\n<div class=\"wp-block-image\"><figure class=\"aligncenter size-full\"><img data-attachment-id=\"227191\" data-permalink=\"https:\/\/agrund.com\/index.php\/hailey-bieber-e-eleita-a-mais-bem-vestida-de-2022\/agrund-hailey-bieber-mais-bem-vestida-7\/\" data-orig-file=\"https:\/\/i0.wp.com\/agrund.com\/wp-content\/uploads\/sites\/6\/2022\/12\/agrund-hailey-bieber-mais-bem-vestida-7.jpg?fit=600%2C885&amp;ssl=1\" data-orig-size=\"600,885\" data-comments-opened=\"1\" data-image-meta=\"{&quot;aperture&quot;:&quot;0&quot;,&quot;credit&quot;:&quot;&quot;,&quot;camera&quot;:&quot;&quot;,&quot;caption&quot;:&quot;&quot;,&quot;created_timestamp&quot;:&quot;0&quot;,&quot;copyright&quot;:&quot;&quot;,&quot;focal_length&quot;:&quot;0&quot;,&quot;iso&quot;:&quot;0&quot;,&quot;shutter_speed&quot;:&quot;0&quot;,&quot;title&quot;:&quot;&quot;,&quot;orientation&quot;:&quot;0&quot;}\" data-image-title=\"agrund-hailey-bieber-mais-bem-vestida-7\" data-image-description=\"\" data-image-caption=\"\" data-medium-file=\"https:\/\/i0.wp.com\/agrund.com\/wp-content\/uploads\/sites\/6\/2022\/12\/agrund-hailey-bieber-mais-bem-vestida-7.jpg?fit=203%2C300&amp;ssl=1\" data-large-file=\"https:\/\/i0.wp.com\/agrund.com\/wp-content\/uploads\/sites\/6\/2022\/12\/agrund-hailey-bieber-mais-bem-vestida-7.jpg?fit=600%2C885&amp;ssl=1\" decoding=\"async\" loading=\"lazy\" width=\"600\" height=\"885\" src=\"https:\/\/i0.wp.com\/agrund.com\/wp-content\/uploads\/sites\/6\/2022\/12\/agrund-hailey-bieber-mais-bem-vestida-7.jpg?resize=600%2C885&#038;ssl=1\" alt=\"\" class=\"wp-image-227191\" srcset=\"https:\/\/i0.wp.com\/agrund.com\/wp-content\/uploads\/sites\/6\/2022\/12\/agrund-hailey-bieber-mais-bem-vestida-7.jpg?w=600&amp;ssl=1 600w, https:\/\/i0.wp.com\/agrund.com\/wp-content\/uploads\/sites\/6\/2022\/12\/agrund-hailey-bieber-mais-bem-vestida-7.jpg?resize=203%2C300&amp;ssl=1 203w\" sizes=\"(max-width: 600px) 100vw, 600px\" data-recalc-dims=\"1\" \/><figcaption>Hailey Bieber \u00e9 eleita a mais bem vestida de 2022<\/figcaption><\/figure><\/div>\n\n\n\n<div class=\"wp-block-image\"><figure class=\"aligncenter size-full\"><img data-attachment-id=\"227192\" data-permalink=\"https:\/\/agrund.com\/index.php\/hailey-bieber-e-eleita-a-mais-bem-vestida-de-2022\/agrund-hailey-bieber-mais-bem-vestida-1\/\" data-orig-file=\"https:\/\/i0.wp.com\/agrund.com\/wp-content\/uploads\/sites\/6\/2022\/12\/agrund-hailey-bieber-mais-bem-vestida-1.jpg?fit=600%2C900&amp;ssl=1\" data-orig-size=\"600,900\" data-comments-opened=\"1\" data-image-meta=\"{&quot;aperture&quot;:&quot;0&quot;,&quot;credit&quot;:&quot;&quot;,&quot;camera&quot;:&quot;&quot;,&quot;caption&quot;:&quot;&quot;,&quot;created_timestamp&quot;:&quot;0&quot;,&quot;copyright&quot;:&quot;&quot;,&quot;focal_length&quot;:&quot;0&quot;,&quot;iso&quot;:&quot;0&quot;,&quot;shutter_speed&quot;:&quot;0&quot;,&quot;title&quot;:&quot;&quot;,&quot;orientation&quot;:&quot;0&quot;}\" data-image-title=\"agrund-hailey-bieber-mais-bem-vestida-1\" data-image-description=\"\" data-image-caption=\"\" data-medium-file=\"https:\/\/i0.wp.com\/agrund.com\/wp-content\/uploads\/sites\/6\/2022\/12\/agrund-hailey-bieber-mais-bem-vestida-1.jpg?fit=200%2C300&amp;ssl=1\" data-large-file=\"https:\/\/i0.wp.com\/agrund.com\/wp-content\/uploads\/sites\/6\/2022\/12\/agrund-hailey-bieber-mais-bem-vestida-1.jpg?fit=600%2C900&amp;ssl=1\" decoding=\"async\" loading=\"lazy\" width=\"600\" height=\"900\" src=\"https:\/\/i0.wp.com\/agrund.com\/wp-content\/uploads\/sites\/6\/2022\/12\/agrund-hailey-bieber-mais-bem-vestida-1.jpg?resize=600%2C900&#038;ssl=1\" alt=\"\" class=\"wp-image-227192\" srcset=\"https:\/\/i0.wp.com\/agrund.com\/wp-content\/uploads\/sites\/6\/2022\/12\/agrund-hailey-bieber-mais-bem-vestida-1.jpg?w=600&amp;ssl=1 600w, https:\/\/i0.wp.com\/agrund.com\/wp-content\/uploads\/sites\/6\/2022\/12\/agrund-hailey-bieber-mais-bem-vestida-1.jpg?resize=200%2C300&amp;ssl=1 200w\" sizes=\"(max-width: 600px) 100vw, 600px\" data-recalc-dims=\"1\" \/><figcaption>Hailey Bieber \u00e9 eleita a mais bem vestida de 2022<\/figcaption><\/figure><\/div>\n\n\n\n<div class=\"wp-block-image\"><figure class=\"aligncenter size-full\"><img data-attachment-id=\"227193\" data-permalink=\"https:\/\/agrund.com\/index.php\/hailey-bieber-e-eleita-a-mais-bem-vestida-de-2022\/agrund-hailey-bieber-mais-bem-vestida-8\/\" data-orig-file=\"https:\/\/i0.wp.com\/agrund.com\/wp-content\/uploads\/sites\/6\/2022\/12\/agrund-hailey-bieber-mais-bem-vestida-8.jpg?fit=600%2C763&amp;ssl=1\" data-orig-size=\"600,763\" data-comments-opened=\"1\" data-image-meta=\"{&quot;aperture&quot;:&quot;0&quot;,&quot;credit&quot;:&quot;&quot;,&quot;camera&quot;:&quot;&quot;,&quot;caption&quot;:&quot;&quot;,&quot;created_timestamp&quot;:&quot;0&quot;,&quot;copyright&quot;:&quot;&quot;,&quot;focal_length&quot;:&quot;0&quot;,&quot;iso&quot;:&quot;0&quot;,&quot;shutter_speed&quot;:&quot;0&quot;,&quot;title&quot;:&quot;&quot;,&quot;orientation&quot;:&quot;0&quot;}\" data-image-title=\"agrund-hailey-bieber-mais-bem-vestida-8\" data-image-description=\"\" data-image-caption=\"\" data-medium-file=\"https:\/\/i0.wp.com\/agrund.com\/wp-content\/uploads\/sites\/6\/2022\/12\/agrund-hailey-bieber-mais-bem-vestida-8.jpg?fit=236%2C300&amp;ssl=1\" data-large-file=\"https:\/\/i0.wp.com\/agrund.com\/wp-content\/uploads\/sites\/6\/2022\/12\/agrund-hailey-bieber-mais-bem-vestida-8.jpg?fit=600%2C763&amp;ssl=1\" decoding=\"async\" loading=\"lazy\" width=\"600\" height=\"763\" src=\"https:\/\/i0.wp.com\/agrund.com\/wp-content\/uploads\/sites\/6\/2022\/12\/agrund-hailey-bieber-mais-bem-vestida-8.jpg?resize=600%2C763&#038;ssl=1\" alt=\"\" class=\"wp-image-227193\" srcset=\"https:\/\/i0.wp.com\/agrund.com\/wp-content\/uploads\/sites\/6\/2022\/12\/agrund-hailey-bieber-mais-bem-vestida-8.jpg?w=600&amp;ssl=1 600w, https:\/\/i0.wp.com\/agrund.com\/wp-content\/uploads\/sites\/6\/2022\/12\/agrund-hailey-bieber-mais-bem-vestida-8.jpg?resize=236%2C300&amp;ssl=1 236w\" sizes=\"(max-width: 600px) 100vw, 600px\" data-recalc-dims=\"1\" \/><figcaption>Hailey Bieber \u00e9 eleita a mais bem vestida de 2022<\/figcaption><\/figure><\/div>\n\n\n\n<div class=\"wp-block-image\"><figure class=\"aligncenter size-full\"><img data-attachment-id=\"227194\" data-permalink=\"https:\/\/agrund.com\/index.php\/hailey-bieber-e-eleita-a-mais-bem-vestida-de-2022\/agrund-hailey-bieber-mais-bem-vestida-2\/\" data-orig-file=\"https:\/\/i0.wp.com\/agrund.com\/wp-content\/uploads\/sites\/6\/2022\/12\/agrund-hailey-bieber-mais-bem-vestida-2.jpg?fit=600%2C1007&amp;ssl=1\" data-orig-size=\"600,1007\" data-comments-opened=\"1\" data-image-meta=\"{&quot;aperture&quot;:&quot;0&quot;,&quot;credit&quot;:&quot;Robert Kamau&quot;,&quot;camera&quot;:&quot;&quot;,&quot;caption&quot;:&quot;&quot;,&quot;created_timestamp&quot;:&quot;0&quot;,&quot;copyright&quot;:&quot;2019 Robert Kamau&quot;,&quot;focal_length&quot;:&quot;0&quot;,&quot;iso&quot;:&quot;0&quot;,&quot;shutter_speed&quot;:&quot;0&quot;,&quot;title&quot;:&quot;1140956705&quot;,&quot;orientation&quot;:&quot;1&quot;}\" data-image-title=\"agrund-hailey-bieber-mais-bem-vestida-2\" data-image-description=\"\" data-image-caption=\"\" data-medium-file=\"https:\/\/i0.wp.com\/agrund.com\/wp-content\/uploads\/sites\/6\/2022\/12\/agrund-hailey-bieber-mais-bem-vestida-2.jpg?fit=179%2C300&amp;ssl=1\" data-large-file=\"https:\/\/i0.wp.com\/agrund.com\/wp-content\/uploads\/sites\/6\/2022\/12\/agrund-hailey-bieber-mais-bem-vestida-2.jpg?fit=600%2C1007&amp;ssl=1\" decoding=\"async\" loading=\"lazy\" width=\"600\" height=\"1007\" src=\"https:\/\/i0.wp.com\/agrund.com\/wp-content\/uploads\/sites\/6\/2022\/12\/agrund-hailey-bieber-mais-bem-vestida-2.jpg?resize=600%2C1007&#038;ssl=1\" alt=\"\" class=\"wp-image-227194\" srcset=\"https:\/\/i0.wp.com\/agrund.com\/wp-content\/uploads\/sites\/6\/2022\/12\/agrund-hailey-bieber-mais-bem-vestida-2.jpg?w=600&amp;ssl=1 600w, https:\/\/i0.wp.com\/agrund.com\/wp-content\/uploads\/sites\/6\/2022\/12\/agrund-hailey-bieber-mais-bem-vestida-2.jpg?resize=179%2C300&amp;ssl=1 179w\" sizes=\"(max-width: 600px) 100vw, 600px\" data-recalc-dims=\"1\" \/><figcaption>Hailey Bieber \u00e9 eleita a mais bem vestida de 2022<\/figcaption><\/figure><\/div>\n\n\n\n<div class=\"wp-block-image\"><figure class=\"aligncenter size-full\"><img data-attachment-id=\"227195\" data-permalink=\"https:\/\/agrund.com\/index.php\/hailey-bieber-e-eleita-a-mais-bem-vestida-de-2022\/agrund-hailey-bieber-mais-bem-vestida-4\/\" data-orig-file=\"https:\/\/i0.wp.com\/agrund.com\/wp-content\/uploads\/sites\/6\/2022\/12\/agrund-hailey-bieber-mais-bem-vestida-4.jpeg?fit=600%2C762&amp;ssl=1\" data-orig-size=\"600,762\" data-comments-opened=\"1\" data-image-meta=\"{&quot;aperture&quot;:&quot;0&quot;,&quot;credit&quot;:&quot;&quot;,&quot;camera&quot;:&quot;&quot;,&quot;caption&quot;:&quot;&quot;,&quot;created_timestamp&quot;:&quot;0&quot;,&quot;copyright&quot;:&quot;&quot;,&quot;focal_length&quot;:&quot;0&quot;,&quot;iso&quot;:&quot;0&quot;,&quot;shutter_speed&quot;:&quot;0&quot;,&quot;title&quot;:&quot;&quot;,&quot;orientation&quot;:&quot;1&quot;}\" data-image-title=\"agrund-hailey-bieber-mais-bem-vestida-4\" data-image-description=\"\" data-image-caption=\"\" data-medium-file=\"https:\/\/i0.wp.com\/agrund.com\/wp-content\/uploads\/sites\/6\/2022\/12\/agrund-hailey-bieber-mais-bem-vestida-4.jpeg?fit=236%2C300&amp;ssl=1\" data-large-file=\"https:\/\/i0.wp.com\/agrund.com\/wp-content\/uploads\/sites\/6\/2022\/12\/agrund-hailey-bieber-mais-bem-vestida-4.jpeg?fit=600%2C762&amp;ssl=1\" decoding=\"async\" loading=\"lazy\" width=\"600\" height=\"762\" src=\"https:\/\/i0.wp.com\/agrund.com\/wp-content\/uploads\/sites\/6\/2022\/12\/agrund-hailey-bieber-mais-bem-vestida-4.jpeg?resize=600%2C762&#038;ssl=1\" alt=\"\" class=\"wp-image-227195\" srcset=\"https:\/\/i0.wp.com\/agrund.com\/wp-content\/uploads\/sites\/6\/2022\/12\/agrund-hailey-bieber-mais-bem-vestida-4.jpeg?w=600&amp;ssl=1 600w, https:\/\/i0.wp.com\/agrund.com\/wp-content\/uploads\/sites\/6\/2022\/12\/agrund-hailey-bieber-mais-bem-vestida-4.jpeg?resize=236%2C300&amp;ssl=1 236w\" sizes=\"(max-width: 600px) 100vw, 600px\" data-recalc-dims=\"1\" \/><figcaption>Hailey Bieber \u00e9 eleita a mais bem vestida de 2022<\/figcaption><\/figure><\/div>\n\n\n\n<div class=\"wp-block-image\"><figure class=\"aligncenter size-full\"><img data-attachment-id=\"227196\" data-permalink=\"https:\/\/agrund.com\/index.php\/hailey-bieber-e-eleita-a-mais-bem-vestida-de-2022\/agrund-hailey-bieber-mais-bem-vestida-6\/\" data-orig-file=\"https:\/\/i0.wp.com\/agrund.com\/wp-content\/uploads\/sites\/6\/2022\/12\/agrund-hailey-bieber-mais-bem-vestida-6.jpeg?fit=600%2C900&amp;ssl=1\" data-orig-size=\"600,900\" data-comments-opened=\"1\" data-image-meta=\"{&quot;aperture&quot;:&quot;0&quot;,&quot;credit&quot;:&quot;&quot;,&quot;camera&quot;:&quot;&quot;,&quot;caption&quot;:&quot;&quot;,&quot;created_timestamp&quot;:&quot;0&quot;,&quot;copyright&quot;:&quot;&quot;,&quot;focal_length&quot;:&quot;0&quot;,&quot;iso&quot;:&quot;0&quot;,&quot;shutter_speed&quot;:&quot;0&quot;,&quot;title&quot;:&quot;&quot;,&quot;orientation&quot;:&quot;1&quot;}\" data-image-title=\"agrund-hailey-bieber-mais-bem-vestida-6\" data-image-description=\"\" data-image-caption=\"\" data-medium-file=\"https:\/\/i0.wp.com\/agrund.com\/wp-content\/uploads\/sites\/6\/2022\/12\/agrund-hailey-bieber-mais-bem-vestida-6.jpeg?fit=200%2C300&amp;ssl=1\" data-large-file=\"https:\/\/i0.wp.com\/agrund.com\/wp-content\/uploads\/sites\/6\/2022\/12\/agrund-hailey-bieber-mais-bem-vestida-6.jpeg?fit=600%2C900&amp;ssl=1\" decoding=\"async\" loading=\"lazy\" width=\"600\" height=\"900\" src=\"https:\/\/i0.wp.com\/agrund.com\/wp-content\/uploads\/sites\/6\/2022\/12\/agrund-hailey-bieber-mais-bem-vestida-6.jpeg?resize=600%2C900&#038;ssl=1\" alt=\"\" class=\"wp-image-227196\" srcset=\"https:\/\/i0.wp.com\/agrund.com\/wp-content\/uploads\/sites\/6\/2022\/12\/agrund-hailey-bieber-mais-bem-vestida-6.jpeg?w=600&amp;ssl=1 600w, https:\/\/i0.wp.com\/agrund.com\/wp-content\/uploads\/sites\/6\/2022\/12\/agrund-hailey-bieber-mais-bem-vestida-6.jpeg?resize=200%2C300&amp;ssl=1 200w\" sizes=\"(max-width: 600px) 100vw, 600px\" data-recalc-dims=\"1\" \/><figcaption>Hailey Bieber \u00e9 eleita a mais bem vestida de 2022<\/figcaption><\/figure><\/div>\n\n\n\n<p>Fotos: Reprodu\u00e7\u00e3o. <\/p>\n","protected":false},"excerpt":{"rendered":"<p>N\u00e3o tem como negar que os looks de Hailey Bieber chamaram muita aten\u00e7\u00e3o no \u00faltimo ano, tanto as produ\u00e7\u00f5es usadas em tapete vermelho quanto as de street style. Seu estilo \u00fanico que mescla com maestria pe\u00e7as casuais com sportswear e alfaiataria a tornou um \u00edcone fashion e garantiu o t\u00edtulo de celebridade mais bem vestida [&hellip;]<\/p>\n","protected":false},"author":8,"featured_media":227197,"comment_status":"open","ping_status":"open","sticky":false,"template":"","format":"standard","meta":{"jetpack_post_was_ever_published":false,"_jetpack_newsletter_access":"","jetpack_publicize_message":"","jetpack_is_tweetstorm":false,"jetpack_publicize_feature_enabled":true,"jetpack_social_post_already_shared":true,"jetpack_social_options":{"image_generator_settings":{"template":"highway","enabled":false}}},"categories":[2],"tags":[395,375,3493,423,347,940,67,525,148,3492,424,862],"jetpack_publicize_connections":[],"jetpack_featured_media_url":"https:\/\/i0.wp.com\/agrund.com\/wp-content\/uploads\/sites\/6\/2022\/12\/s-40.jpg?fit=960%2C300&ssl=1","jetpack_sharing_enabled":true,"jetpack_shortlink":"https:\/\/wp.me\/p3Hz0n-X6k","jetpack_likes_enabled":true,"_links":{"self":[{"href":"https:\/\/agrund.com\/index.php\/wp-json\/wp\/v2\/posts\/227188"}],"collection":[{"href":"https:\/\/agrund.com\/index.php\/wp-json\/wp\/v2\/posts"}],"about":[{"href":"https:\/\/agrund.com\/index.php\/wp-json\/wp\/v2\/types\/post"}],"author":[{"embeddable":true,"href":"https:\/\/agrund.com\/index.php\/wp-json\/wp\/v2\/users\/8"}],"replies":[{"embeddable":true,"href":"https:\/\/agrund.com\/index.php\/wp-json\/wp\/v2\/comments?post=227188"}],"version-history":[{"count":1,"href":"https:\/\/agrund.com\/index.php\/wp-json\/wp\/v2\/posts\/227188\/revisions"}],"predecessor-version":[{"id":227198,"href":"https:\/\/agrund.com\/index.php\/wp-json\/wp\/v2\/posts\/227188\/revisions\/227198"}],"wp:featuredmedia":[{"embeddable":true,"href":"https:\/\/agrund.com\/index.php\/wp-json\/wp\/v2\/media\/227197"}],"wp:attachment":[{"href":"https:\/\/agrund.com\/index.php\/wp-json\/wp\/v2\/media?parent=227188"}],"wp:term":[{"taxonomy":"category","embeddable":true,"href":"https:\/\/agrund.com\/index.php\/wp-json\/wp\/v2\/categories?post=227188"},{"taxonomy":"post_tag","embeddable":true,"href":"https:\/\/agrund.com\/index.php\/wp-json\/wp\/v2\/tags?post=227188"}],"curies":[{"name":"wp","href":"https:\/\/api.w.org\/{rel}","templated":true}]}}