{"id":227161,"date":"2022-12-19T11:00:00","date_gmt":"2022-12-19T14:00:00","guid":{"rendered":"https:\/\/agrund.com\/?p=227161"},"modified":"2022-12-19T10:01:54","modified_gmt":"2022-12-19T13:01:54","slug":"billie-eilish-e-nike-lancam-nova-collab","status":"publish","type":"post","link":"https:\/\/agrund.com\/index.php\/billie-eilish-e-nike-lancam-nova-collab\/","title":{"rendered":"Billie Eilish e Nike lan\u00e7am nova collab"},"content":{"rendered":"\n<p>A parceria de Billie Eilish com a Nike acaba de ganhar um novo lan\u00e7amento. Desta vez, a cantora celebrou o 40\u00ba anivers\u00e1rio do Air Force 1 assinando uma nova vers\u00e3o do sneaker Air Force 1 Low.&nbsp;<\/p>\n\n\n\n<p>Desenvolvido com pr\u00e1ticas ambientalmente respons\u00e1veis, o t\u00eanis foi confeccionado com o uso de materiais excedentes do processo de produ\u00e7\u00e3o do Air Force 1 High e possui a mesma cartela de cores s\u00f3bria do primeiro lan\u00e7amento de Billie para a marca.&nbsp;<\/p>\n\n\n\n<p>&#8220;Quero que minha colabora\u00e7\u00e3o com a Nike conte uma hist\u00f3ria que n\u00e3o apenas destaque a import\u00e2ncia da reciclagem, mas tamb\u00e9m nos lembre de que precisamos cuidar melhor do nosso planeta&#8221;, revelou Billie.&nbsp;<\/p>\n\n\n\n<p>A campanha de divulga\u00e7\u00e3o \u00e9 estrelada pela pr\u00f3pria cantora em um cen\u00e1rio ao ar livre que lembra um deserto, combinando perfeitamente com os tons dos sneakers.&nbsp;<\/p>\n\n\n\n<p>Gostou? Os novos &#8216;Nike x Billie Eilish AF1 Low&#8217; j\u00e1 est\u00e3o \u00e0 venda no e-commerce internacional da Nike e em algumas lojas f\u00edsicas selecionadas pelo mundo. Veja os detalhes aqui:<\/p>\n\n\n\n<div class=\"wp-block-image\"><figure class=\"aligncenter size-full\"><img data-attachment-id=\"227163\" data-permalink=\"https:\/\/agrund.com\/index.php\/billie-eilish-e-nike-lancam-nova-collab\/agrund-nike-billie-eilish-af1-low-sneaker-1\/\" data-orig-file=\"https:\/\/i0.wp.com\/agrund.com\/wp-content\/uploads\/sites\/6\/2022\/12\/agrund-Nike-Billie-Eilish-AF1-Low-Sneaker-1.jpeg?fit=600%2C750&amp;ssl=1\" data-orig-size=\"600,750\" data-comments-opened=\"1\" data-image-meta=\"{&quot;aperture&quot;:&quot;0&quot;,&quot;credit&quot;:&quot;&quot;,&quot;camera&quot;:&quot;&quot;,&quot;caption&quot;:&quot;&quot;,&quot;created_timestamp&quot;:&quot;0&quot;,&quot;copyright&quot;:&quot;&quot;,&quot;focal_length&quot;:&quot;0&quot;,&quot;iso&quot;:&quot;0&quot;,&quot;shutter_speed&quot;:&quot;0&quot;,&quot;title&quot;:&quot;&quot;,&quot;orientation&quot;:&quot;1&quot;}\" data-image-title=\"agrund-Nike-Billie-Eilish-AF1-Low-Sneaker-1\" data-image-description=\"\" data-image-caption=\"\" data-medium-file=\"https:\/\/i0.wp.com\/agrund.com\/wp-content\/uploads\/sites\/6\/2022\/12\/agrund-Nike-Billie-Eilish-AF1-Low-Sneaker-1.jpeg?fit=240%2C300&amp;ssl=1\" data-large-file=\"https:\/\/i0.wp.com\/agrund.com\/wp-content\/uploads\/sites\/6\/2022\/12\/agrund-Nike-Billie-Eilish-AF1-Low-Sneaker-1.jpeg?fit=600%2C750&amp;ssl=1\" decoding=\"async\" loading=\"lazy\" width=\"600\" height=\"750\" src=\"https:\/\/i0.wp.com\/agrund.com\/wp-content\/uploads\/sites\/6\/2022\/12\/agrund-Nike-Billie-Eilish-AF1-Low-Sneaker-1.jpeg?resize=600%2C750&#038;ssl=1\" alt=\"\" class=\"wp-image-227163\" srcset=\"https:\/\/i0.wp.com\/agrund.com\/wp-content\/uploads\/sites\/6\/2022\/12\/agrund-Nike-Billie-Eilish-AF1-Low-Sneaker-1.jpeg?w=600&amp;ssl=1 600w, https:\/\/i0.wp.com\/agrund.com\/wp-content\/uploads\/sites\/6\/2022\/12\/agrund-Nike-Billie-Eilish-AF1-Low-Sneaker-1.jpeg?resize=240%2C300&amp;ssl=1 240w\" sizes=\"(max-width: 600px) 100vw, 600px\" data-recalc-dims=\"1\" \/><figcaption>Billie Eilish e Nike lan\u00e7am nova collab<\/figcaption><\/figure><\/div>\n\n\n\n<div class=\"wp-block-image\"><figure class=\"aligncenter size-full\"><img data-attachment-id=\"227164\" data-permalink=\"https:\/\/agrund.com\/index.php\/billie-eilish-e-nike-lancam-nova-collab\/agrund-nike-billie-eilish-af1-low-sneaker-3\/\" data-orig-file=\"https:\/\/i0.wp.com\/agrund.com\/wp-content\/uploads\/sites\/6\/2022\/12\/agrund-Nike-Billie-Eilish-AF1-Low-Sneaker-3.jpeg?fit=600%2C750&amp;ssl=1\" data-orig-size=\"600,750\" data-comments-opened=\"1\" data-image-meta=\"{&quot;aperture&quot;:&quot;0&quot;,&quot;credit&quot;:&quot;&quot;,&quot;camera&quot;:&quot;&quot;,&quot;caption&quot;:&quot;&quot;,&quot;created_timestamp&quot;:&quot;0&quot;,&quot;copyright&quot;:&quot;&quot;,&quot;focal_length&quot;:&quot;0&quot;,&quot;iso&quot;:&quot;0&quot;,&quot;shutter_speed&quot;:&quot;0&quot;,&quot;title&quot;:&quot;&quot;,&quot;orientation&quot;:&quot;1&quot;}\" data-image-title=\"agrund-Nike-Billie-Eilish-AF1-Low-Sneaker-3\" data-image-description=\"\" data-image-caption=\"\" data-medium-file=\"https:\/\/i0.wp.com\/agrund.com\/wp-content\/uploads\/sites\/6\/2022\/12\/agrund-Nike-Billie-Eilish-AF1-Low-Sneaker-3.jpeg?fit=240%2C300&amp;ssl=1\" data-large-file=\"https:\/\/i0.wp.com\/agrund.com\/wp-content\/uploads\/sites\/6\/2022\/12\/agrund-Nike-Billie-Eilish-AF1-Low-Sneaker-3.jpeg?fit=600%2C750&amp;ssl=1\" decoding=\"async\" loading=\"lazy\" width=\"600\" height=\"750\" src=\"https:\/\/i0.wp.com\/agrund.com\/wp-content\/uploads\/sites\/6\/2022\/12\/agrund-Nike-Billie-Eilish-AF1-Low-Sneaker-3.jpeg?resize=600%2C750&#038;ssl=1\" alt=\"\" class=\"wp-image-227164\" srcset=\"https:\/\/i0.wp.com\/agrund.com\/wp-content\/uploads\/sites\/6\/2022\/12\/agrund-Nike-Billie-Eilish-AF1-Low-Sneaker-3.jpeg?w=600&amp;ssl=1 600w, https:\/\/i0.wp.com\/agrund.com\/wp-content\/uploads\/sites\/6\/2022\/12\/agrund-Nike-Billie-Eilish-AF1-Low-Sneaker-3.jpeg?resize=240%2C300&amp;ssl=1 240w\" sizes=\"(max-width: 600px) 100vw, 600px\" data-recalc-dims=\"1\" \/><figcaption>Billie Eilish e Nike lan\u00e7am nova collab<\/figcaption><\/figure><\/div>\n\n\n\n<div class=\"wp-block-image\"><figure class=\"aligncenter size-full\"><img data-attachment-id=\"227165\" data-permalink=\"https:\/\/agrund.com\/index.php\/billie-eilish-e-nike-lancam-nova-collab\/agrund-nike-billie-eilish-af1-low-sneaker-2\/\" data-orig-file=\"https:\/\/i0.wp.com\/agrund.com\/wp-content\/uploads\/sites\/6\/2022\/12\/agrund-Nike-Billie-Eilish-AF1-Low-Sneaker-2.jpeg?fit=600%2C750&amp;ssl=1\" data-orig-size=\"600,750\" data-comments-opened=\"1\" data-image-meta=\"{&quot;aperture&quot;:&quot;0&quot;,&quot;credit&quot;:&quot;&quot;,&quot;camera&quot;:&quot;&quot;,&quot;caption&quot;:&quot;&quot;,&quot;created_timestamp&quot;:&quot;0&quot;,&quot;copyright&quot;:&quot;&quot;,&quot;focal_length&quot;:&quot;0&quot;,&quot;iso&quot;:&quot;0&quot;,&quot;shutter_speed&quot;:&quot;0&quot;,&quot;title&quot;:&quot;&quot;,&quot;orientation&quot;:&quot;1&quot;}\" data-image-title=\"agrund-Nike-Billie-Eilish-AF1-Low-Sneaker-2\" data-image-description=\"\" data-image-caption=\"\" data-medium-file=\"https:\/\/i0.wp.com\/agrund.com\/wp-content\/uploads\/sites\/6\/2022\/12\/agrund-Nike-Billie-Eilish-AF1-Low-Sneaker-2.jpeg?fit=240%2C300&amp;ssl=1\" data-large-file=\"https:\/\/i0.wp.com\/agrund.com\/wp-content\/uploads\/sites\/6\/2022\/12\/agrund-Nike-Billie-Eilish-AF1-Low-Sneaker-2.jpeg?fit=600%2C750&amp;ssl=1\" decoding=\"async\" loading=\"lazy\" width=\"600\" height=\"750\" src=\"https:\/\/i0.wp.com\/agrund.com\/wp-content\/uploads\/sites\/6\/2022\/12\/agrund-Nike-Billie-Eilish-AF1-Low-Sneaker-2.jpeg?resize=600%2C750&#038;ssl=1\" alt=\"\" class=\"wp-image-227165\" srcset=\"https:\/\/i0.wp.com\/agrund.com\/wp-content\/uploads\/sites\/6\/2022\/12\/agrund-Nike-Billie-Eilish-AF1-Low-Sneaker-2.jpeg?w=600&amp;ssl=1 600w, https:\/\/i0.wp.com\/agrund.com\/wp-content\/uploads\/sites\/6\/2022\/12\/agrund-Nike-Billie-Eilish-AF1-Low-Sneaker-2.jpeg?resize=240%2C300&amp;ssl=1 240w\" sizes=\"(max-width: 600px) 100vw, 600px\" data-recalc-dims=\"1\" \/><figcaption>Billie Eilish e Nike lan\u00e7am nova collab<\/figcaption><\/figure><\/div>\n\n\n\n<div class=\"wp-block-image\"><figure class=\"aligncenter size-full\"><img data-attachment-id=\"227166\" data-permalink=\"https:\/\/agrund.com\/index.php\/billie-eilish-e-nike-lancam-nova-collab\/agrund-nike-billie-eilish-af1-low-sneaker-4\/\" data-orig-file=\"https:\/\/i0.wp.com\/agrund.com\/wp-content\/uploads\/sites\/6\/2022\/12\/agrund-Nike-Billie-Eilish-AF1-Low-Sneaker-4.jpeg?fit=600%2C675&amp;ssl=1\" data-orig-size=\"600,675\" data-comments-opened=\"1\" data-image-meta=\"{&quot;aperture&quot;:&quot;0&quot;,&quot;credit&quot;:&quot;&quot;,&quot;camera&quot;:&quot;&quot;,&quot;caption&quot;:&quot;&quot;,&quot;created_timestamp&quot;:&quot;0&quot;,&quot;copyright&quot;:&quot;&quot;,&quot;focal_length&quot;:&quot;0&quot;,&quot;iso&quot;:&quot;0&quot;,&quot;shutter_speed&quot;:&quot;0&quot;,&quot;title&quot;:&quot;&quot;,&quot;orientation&quot;:&quot;1&quot;}\" data-image-title=\"agrund-Nike-Billie-Eilish-AF1-Low-Sneaker-4\" data-image-description=\"\" data-image-caption=\"\" data-medium-file=\"https:\/\/i0.wp.com\/agrund.com\/wp-content\/uploads\/sites\/6\/2022\/12\/agrund-Nike-Billie-Eilish-AF1-Low-Sneaker-4.jpeg?fit=267%2C300&amp;ssl=1\" data-large-file=\"https:\/\/i0.wp.com\/agrund.com\/wp-content\/uploads\/sites\/6\/2022\/12\/agrund-Nike-Billie-Eilish-AF1-Low-Sneaker-4.jpeg?fit=600%2C675&amp;ssl=1\" decoding=\"async\" loading=\"lazy\" width=\"600\" height=\"675\" src=\"https:\/\/i0.wp.com\/agrund.com\/wp-content\/uploads\/sites\/6\/2022\/12\/agrund-Nike-Billie-Eilish-AF1-Low-Sneaker-4.jpeg?resize=600%2C675&#038;ssl=1\" alt=\"\" class=\"wp-image-227166\" srcset=\"https:\/\/i0.wp.com\/agrund.com\/wp-content\/uploads\/sites\/6\/2022\/12\/agrund-Nike-Billie-Eilish-AF1-Low-Sneaker-4.jpeg?w=600&amp;ssl=1 600w, https:\/\/i0.wp.com\/agrund.com\/wp-content\/uploads\/sites\/6\/2022\/12\/agrund-Nike-Billie-Eilish-AF1-Low-Sneaker-4.jpeg?resize=267%2C300&amp;ssl=1 267w\" sizes=\"(max-width: 600px) 100vw, 600px\" data-recalc-dims=\"1\" \/><figcaption>Billie Eilish e Nike lan\u00e7am nova collab<\/figcaption><\/figure><\/div>\n\n\n\n<div class=\"wp-block-image\"><figure class=\"aligncenter size-full\"><img data-attachment-id=\"227167\" data-permalink=\"https:\/\/agrund.com\/index.php\/billie-eilish-e-nike-lancam-nova-collab\/agrund-nike-billie-eilish-af1-low-sneaker-6\/\" data-orig-file=\"https:\/\/i0.wp.com\/agrund.com\/wp-content\/uploads\/sites\/6\/2022\/12\/agrund-Nike-Billie-Eilish-AF1-Low-Sneaker-6.jpeg?fit=600%2C335&amp;ssl=1\" data-orig-size=\"600,335\" data-comments-opened=\"1\" data-image-meta=\"{&quot;aperture&quot;:&quot;0&quot;,&quot;credit&quot;:&quot;&quot;,&quot;camera&quot;:&quot;&quot;,&quot;caption&quot;:&quot;&quot;,&quot;created_timestamp&quot;:&quot;0&quot;,&quot;copyright&quot;:&quot;&quot;,&quot;focal_length&quot;:&quot;0&quot;,&quot;iso&quot;:&quot;0&quot;,&quot;shutter_speed&quot;:&quot;0&quot;,&quot;title&quot;:&quot;&quot;,&quot;orientation&quot;:&quot;1&quot;}\" data-image-title=\"agrund-Nike-Billie-Eilish-AF1-Low-Sneaker-6\" data-image-description=\"\" data-image-caption=\"\" data-medium-file=\"https:\/\/i0.wp.com\/agrund.com\/wp-content\/uploads\/sites\/6\/2022\/12\/agrund-Nike-Billie-Eilish-AF1-Low-Sneaker-6.jpeg?fit=300%2C168&amp;ssl=1\" data-large-file=\"https:\/\/i0.wp.com\/agrund.com\/wp-content\/uploads\/sites\/6\/2022\/12\/agrund-Nike-Billie-Eilish-AF1-Low-Sneaker-6.jpeg?fit=600%2C335&amp;ssl=1\" decoding=\"async\" loading=\"lazy\" width=\"600\" height=\"335\" src=\"https:\/\/i0.wp.com\/agrund.com\/wp-content\/uploads\/sites\/6\/2022\/12\/agrund-Nike-Billie-Eilish-AF1-Low-Sneaker-6.jpeg?resize=600%2C335&#038;ssl=1\" alt=\"\" class=\"wp-image-227167\" srcset=\"https:\/\/i0.wp.com\/agrund.com\/wp-content\/uploads\/sites\/6\/2022\/12\/agrund-Nike-Billie-Eilish-AF1-Low-Sneaker-6.jpeg?w=600&amp;ssl=1 600w, https:\/\/i0.wp.com\/agrund.com\/wp-content\/uploads\/sites\/6\/2022\/12\/agrund-Nike-Billie-Eilish-AF1-Low-Sneaker-6.jpeg?resize=300%2C168&amp;ssl=1 300w\" sizes=\"(max-width: 600px) 100vw, 600px\" data-recalc-dims=\"1\" \/><figcaption>Billie Eilish e Nike lan\u00e7am nova collab<\/figcaption><\/figure><\/div>\n\n\n\n<div class=\"wp-block-image\"><figure class=\"aligncenter size-full\"><img data-attachment-id=\"227168\" data-permalink=\"https:\/\/agrund.com\/index.php\/billie-eilish-e-nike-lancam-nova-collab\/agrund-nike-billie-eilish-af1-low-sneaker-5\/\" data-orig-file=\"https:\/\/i0.wp.com\/agrund.com\/wp-content\/uploads\/sites\/6\/2022\/12\/agrund-Nike-Billie-Eilish-AF1-Low-Sneaker-5.jpeg?fit=600%2C334&amp;ssl=1\" data-orig-size=\"600,334\" data-comments-opened=\"1\" data-image-meta=\"{&quot;aperture&quot;:&quot;0&quot;,&quot;credit&quot;:&quot;&quot;,&quot;camera&quot;:&quot;&quot;,&quot;caption&quot;:&quot;&quot;,&quot;created_timestamp&quot;:&quot;0&quot;,&quot;copyright&quot;:&quot;&quot;,&quot;focal_length&quot;:&quot;0&quot;,&quot;iso&quot;:&quot;0&quot;,&quot;shutter_speed&quot;:&quot;0&quot;,&quot;title&quot;:&quot;&quot;,&quot;orientation&quot;:&quot;1&quot;}\" data-image-title=\"agrund-Nike-Billie-Eilish-AF1-Low-Sneaker-5\" data-image-description=\"\" data-image-caption=\"\" data-medium-file=\"https:\/\/i0.wp.com\/agrund.com\/wp-content\/uploads\/sites\/6\/2022\/12\/agrund-Nike-Billie-Eilish-AF1-Low-Sneaker-5.jpeg?fit=300%2C167&amp;ssl=1\" data-large-file=\"https:\/\/i0.wp.com\/agrund.com\/wp-content\/uploads\/sites\/6\/2022\/12\/agrund-Nike-Billie-Eilish-AF1-Low-Sneaker-5.jpeg?fit=600%2C334&amp;ssl=1\" decoding=\"async\" loading=\"lazy\" width=\"600\" height=\"334\" src=\"https:\/\/i0.wp.com\/agrund.com\/wp-content\/uploads\/sites\/6\/2022\/12\/agrund-Nike-Billie-Eilish-AF1-Low-Sneaker-5.jpeg?resize=600%2C334&#038;ssl=1\" alt=\"\" class=\"wp-image-227168\" srcset=\"https:\/\/i0.wp.com\/agrund.com\/wp-content\/uploads\/sites\/6\/2022\/12\/agrund-Nike-Billie-Eilish-AF1-Low-Sneaker-5.jpeg?w=600&amp;ssl=1 600w, https:\/\/i0.wp.com\/agrund.com\/wp-content\/uploads\/sites\/6\/2022\/12\/agrund-Nike-Billie-Eilish-AF1-Low-Sneaker-5.jpeg?resize=300%2C167&amp;ssl=1 300w\" sizes=\"(max-width: 600px) 100vw, 600px\" data-recalc-dims=\"1\" \/><figcaption>Billie Eilish e Nike lan\u00e7am nova collab<\/figcaption><\/figure><\/div>\n\n\n\n<p>Fotos: Reprodu\u00e7\u00e3o\/ Nike.<\/p>\n","protected":false},"excerpt":{"rendered":"<p>A parceria de Billie Eilish com a Nike acaba de ganhar um novo lan\u00e7amento. Desta vez, a cantora celebrou o 40\u00ba anivers\u00e1rio do Air Force 1 assinando uma nova vers\u00e3o do sneaker Air Force 1 Low.&nbsp; Desenvolvido com pr\u00e1ticas ambientalmente respons\u00e1veis, o t\u00eanis foi confeccionado com o uso de materiais excedentes do processo de produ\u00e7\u00e3o [&hellip;]<\/p>\n","protected":false},"author":8,"featured_media":227162,"comment_status":"open","ping_status":"open","sticky":false,"template":"","format":"standard","meta":{"jetpack_post_was_ever_published":false,"_jetpack_newsletter_access":"","jetpack_publicize_message":"","jetpack_is_tweetstorm":false,"jetpack_publicize_feature_enabled":true,"jetpack_social_post_already_shared":true,"jetpack_social_options":{"image_generator_settings":{"template":"highway","enabled":false}}},"categories":[2],"tags":[395,3487,375,467,364,423,347,67,525,148,482,365,424,862],"jetpack_publicize_connections":[],"jetpack_featured_media_url":"https:\/\/i0.wp.com\/agrund.com\/wp-content\/uploads\/sites\/6\/2022\/12\/s-37.jpg?fit=960%2C300&ssl=1","jetpack_sharing_enabled":true,"jetpack_shortlink":"https:\/\/wp.me\/p3Hz0n-X5T","jetpack_likes_enabled":true,"_links":{"self":[{"href":"https:\/\/agrund.com\/index.php\/wp-json\/wp\/v2\/posts\/227161"}],"collection":[{"href":"https:\/\/agrund.com\/index.php\/wp-json\/wp\/v2\/posts"}],"about":[{"href":"https:\/\/agrund.com\/index.php\/wp-json\/wp\/v2\/types\/post"}],"author":[{"embeddable":true,"href":"https:\/\/agrund.com\/index.php\/wp-json\/wp\/v2\/users\/8"}],"replies":[{"embeddable":true,"href":"https:\/\/agrund.com\/index.php\/wp-json\/wp\/v2\/comments?post=227161"}],"version-history":[{"count":2,"href":"https:\/\/agrund.com\/index.php\/wp-json\/wp\/v2\/posts\/227161\/revisions"}],"predecessor-version":[{"id":227181,"href":"https:\/\/agrund.com\/index.php\/wp-json\/wp\/v2\/posts\/227161\/revisions\/227181"}],"wp:featuredmedia":[{"embeddable":true,"href":"https:\/\/agrund.com\/index.php\/wp-json\/wp\/v2\/media\/227162"}],"wp:attachment":[{"href":"https:\/\/agrund.com\/index.php\/wp-json\/wp\/v2\/media?parent=227161"}],"wp:term":[{"taxonomy":"category","embeddable":true,"href":"https:\/\/agrund.com\/index.php\/wp-json\/wp\/v2\/categories?post=227161"},{"taxonomy":"post_tag","embeddable":true,"href":"https:\/\/agrund.com\/index.php\/wp-json\/wp\/v2\/tags?post=227161"}],"curies":[{"name":"wp","href":"https:\/\/api.w.org\/{rel}","templated":true}]}}