{"id":227124,"date":"2022-12-15T12:00:00","date_gmt":"2022-12-15T15:00:00","guid":{"rendered":"https:\/\/agrund.com\/?p=227124"},"modified":"2022-12-15T11:07:47","modified_gmt":"2022-12-15T14:07:47","slug":"vanessa-kirby-e-a-nova-embaixadora-de-cartier","status":"publish","type":"post","link":"https:\/\/agrund.com\/index.php\/vanessa-kirby-e-a-nova-embaixadora-de-cartier\/","title":{"rendered":"Vanessa Kirby \u00e9 a nova embaixadora de Cartier"},"content":{"rendered":"\n<p>A Cartier acaba de anunciar Vanessa Kirby como sua embaixadora para 2023. De acordo com a maison, a atriz e filantropa ser\u00e1 o novo rosto da campanha que revelar\u00e1 a nova vers\u00e3o da fragr\u00e2ncia La Panth\u00e8re.<\/p>\n\n\n\n<p>\u201cVanessa Kirby \u00e9 uma escolha espont\u00e2nea e muito representativa da for\u00e7a da atra\u00e7\u00e3o que traremos em La Panth\u00e8re. Ela \u00e9 um esp\u00edrito livre. \u00c9 ousada em suas convic\u00e7\u00f5es tanto no cinema quanto em sua vida pessoal. Uma atriz que escreve seu pr\u00f3prio destino com determina\u00e7\u00e3o e ambi\u00e7\u00e3o, assim como nossa emblem\u00e1tica pantera\u201d, revelou o vice-presidente s\u00eanior de marketing da marca, Arnaud Carrez.&nbsp;Para quem n\u00e3o se lembra, um dos grandes pap\u00e9is recentes de Vanessa foi o de Princesa Margareth, na s\u00e9rie &#8216;The Crown&#8217;, da Netflix.<\/p>\n\n\n\n<p>Acreditamos que esse encontro da atriz com a maison foi perfeito e j\u00e1 estamos curiosos para v\u00ea-la usando a joalheria da Cartier nos tapetes vermelhos.<\/p>\n\n\n\n<p>Confira a primeira imagem da atriz para a maison:<\/p>\n\n\n\n<div class=\"wp-block-image\"><figure class=\"aligncenter size-full\"><img data-attachment-id=\"227125\" data-permalink=\"https:\/\/agrund.com\/index.php\/vanessa-kirby-e-a-nova-embaixadora-de-cartier\/unnamed-149\/\" data-orig-file=\"https:\/\/i0.wp.com\/agrund.com\/wp-content\/uploads\/sites\/6\/2022\/12\/unnamed.jpg?fit=600%2C401&amp;ssl=1\" data-orig-size=\"600,401\" data-comments-opened=\"1\" data-image-meta=\"{&quot;aperture&quot;:&quot;0&quot;,&quot;credit&quot;:&quot;&quot;,&quot;camera&quot;:&quot;&quot;,&quot;caption&quot;:&quot;&quot;,&quot;created_timestamp&quot;:&quot;0&quot;,&quot;copyright&quot;:&quot;&quot;,&quot;focal_length&quot;:&quot;0&quot;,&quot;iso&quot;:&quot;0&quot;,&quot;shutter_speed&quot;:&quot;0&quot;,&quot;title&quot;:&quot;&quot;,&quot;orientation&quot;:&quot;1&quot;}\" data-image-title=\"unnamed\" data-image-description=\"\" data-image-caption=\"\" data-medium-file=\"https:\/\/i0.wp.com\/agrund.com\/wp-content\/uploads\/sites\/6\/2022\/12\/unnamed.jpg?fit=300%2C201&amp;ssl=1\" data-large-file=\"https:\/\/i0.wp.com\/agrund.com\/wp-content\/uploads\/sites\/6\/2022\/12\/unnamed.jpg?fit=600%2C401&amp;ssl=1\" decoding=\"async\" loading=\"lazy\" width=\"600\" height=\"401\" src=\"https:\/\/i0.wp.com\/agrund.com\/wp-content\/uploads\/sites\/6\/2022\/12\/unnamed.jpg?resize=600%2C401&#038;ssl=1\" alt=\"\" class=\"wp-image-227125\" srcset=\"https:\/\/i0.wp.com\/agrund.com\/wp-content\/uploads\/sites\/6\/2022\/12\/unnamed.jpg?w=600&amp;ssl=1 600w, https:\/\/i0.wp.com\/agrund.com\/wp-content\/uploads\/sites\/6\/2022\/12\/unnamed.jpg?resize=300%2C201&amp;ssl=1 300w\" sizes=\"(max-width: 600px) 100vw, 600px\" data-recalc-dims=\"1\" \/><figcaption>Vanessa Kirby \u00e9 a nova embaixadora de Cartier<br><\/figcaption><\/figure><\/div>\n\n\n\n<p>Fotos: Divulga\u00e7\u00e3o\/ Cartier. <\/p>\n","protected":false},"excerpt":{"rendered":"<p>A Cartier acaba de anunciar Vanessa Kirby como sua embaixadora para 2023. De acordo com a maison, a atriz e filantropa ser\u00e1 o novo rosto da campanha que revelar\u00e1 a nova vers\u00e3o da fragr\u00e2ncia La Panth\u00e8re. \u201cVanessa Kirby \u00e9 uma escolha espont\u00e2nea e muito representativa da for\u00e7a da atra\u00e7\u00e3o que traremos em La Panth\u00e8re. Ela [&hellip;]<\/p>\n","protected":false},"author":8,"featured_media":227126,"comment_status":"open","ping_status":"open","sticky":false,"template":"","format":"standard","meta":{"jetpack_post_was_ever_published":false,"_jetpack_newsletter_access":"","jetpack_publicize_message":"","jetpack_is_tweetstorm":false,"jetpack_publicize_feature_enabled":true,"jetpack_social_post_already_shared":true,"jetpack_social_options":{"image_generator_settings":{"template":"highway","enabled":false}}},"categories":[2],"tags":[395,375,390,3484,807,423,347,397,67,525,424,3485,862],"jetpack_publicize_connections":[],"jetpack_featured_media_url":"https:\/\/i0.wp.com\/agrund.com\/wp-content\/uploads\/sites\/6\/2022\/12\/Sem-Ti\u0301tulo-1.jpg?fit=960%2C300&ssl=1","jetpack_sharing_enabled":true,"jetpack_shortlink":"https:\/\/wp.me\/p3Hz0n-X5i","jetpack_likes_enabled":true,"_links":{"self":[{"href":"https:\/\/agrund.com\/index.php\/wp-json\/wp\/v2\/posts\/227124"}],"collection":[{"href":"https:\/\/agrund.com\/index.php\/wp-json\/wp\/v2\/posts"}],"about":[{"href":"https:\/\/agrund.com\/index.php\/wp-json\/wp\/v2\/types\/post"}],"author":[{"embeddable":true,"href":"https:\/\/agrund.com\/index.php\/wp-json\/wp\/v2\/users\/8"}],"replies":[{"embeddable":true,"href":"https:\/\/agrund.com\/index.php\/wp-json\/wp\/v2\/comments?post=227124"}],"version-history":[{"count":1,"href":"https:\/\/agrund.com\/index.php\/wp-json\/wp\/v2\/posts\/227124\/revisions"}],"predecessor-version":[{"id":227127,"href":"https:\/\/agrund.com\/index.php\/wp-json\/wp\/v2\/posts\/227124\/revisions\/227127"}],"wp:featuredmedia":[{"embeddable":true,"href":"https:\/\/agrund.com\/index.php\/wp-json\/wp\/v2\/media\/227126"}],"wp:attachment":[{"href":"https:\/\/agrund.com\/index.php\/wp-json\/wp\/v2\/media?parent=227124"}],"wp:term":[{"taxonomy":"category","embeddable":true,"href":"https:\/\/agrund.com\/index.php\/wp-json\/wp\/v2\/categories?post=227124"},{"taxonomy":"post_tag","embeddable":true,"href":"https:\/\/agrund.com\/index.php\/wp-json\/wp\/v2\/tags?post=227124"}],"curies":[{"name":"wp","href":"https:\/\/api.w.org\/{rel}","templated":true}]}}