{"id":227115,"date":"2022-12-14T12:00:00","date_gmt":"2022-12-14T15:00:00","guid":{"rendered":"https:\/\/agrund.com\/?p=227115"},"modified":"2022-12-14T08:00:54","modified_gmt":"2022-12-14T11:00:54","slug":"halsey-rose-e-tove-lo-sao-as-garotas-da-capa","status":"publish","type":"post","link":"https:\/\/agrund.com\/index.php\/halsey-rose-e-tove-lo-sao-as-garotas-da-capa\/","title":{"rendered":"Halsey, Ros\u00e9 e Tove Lo s\u00e3o as garotas da capa"},"content":{"rendered":"\n<p>O mundo da moda e da m\u00fasica caminham cada vez mais juntos. Prova disso s\u00e3o as escolhas de cantoras como rostos de campanhas, as nomea\u00e7\u00f5es de embaixadoras de grandes marcas, e tamb\u00e9m as capas de revistas dos pr\u00f3ximos meses.<\/p>\n\n\n\n<p>Halsey \u00e9 a estrela da edi\u00e7\u00e3o dezembro\/janeiro da &#8216;Vogue Turquia&#8217; e aparece deslumbrante vestindo um longo vermelho da Caroline Herrera com botas pretas da Miu Miu. Em uma segunda capa para assinantes, a cantora aparece em um vestido com busto em corset e saia de babados da Alexander McQueen.<\/p>\n\n\n\n<div class=\"wp-block-image\"><figure class=\"aligncenter size-full\"><img data-attachment-id=\"227116\" data-permalink=\"https:\/\/agrund.com\/index.php\/halsey-rose-e-tove-lo-sao-as-garotas-da-capa\/halsey-vogue-turkey-december-2022-january-2023-cover01\/\" data-orig-file=\"https:\/\/i0.wp.com\/agrund.com\/wp-content\/uploads\/sites\/6\/2022\/12\/Halsey-Vogue-Turkey-December-2022-January-2023-Cover01.jpeg?fit=600%2C750&amp;ssl=1\" data-orig-size=\"600,750\" data-comments-opened=\"1\" data-image-meta=\"{&quot;aperture&quot;:&quot;0&quot;,&quot;credit&quot;:&quot;&quot;,&quot;camera&quot;:&quot;&quot;,&quot;caption&quot;:&quot;&quot;,&quot;created_timestamp&quot;:&quot;0&quot;,&quot;copyright&quot;:&quot;&quot;,&quot;focal_length&quot;:&quot;0&quot;,&quot;iso&quot;:&quot;0&quot;,&quot;shutter_speed&quot;:&quot;0&quot;,&quot;title&quot;:&quot;&quot;,&quot;orientation&quot;:&quot;1&quot;}\" data-image-title=\"Halsey-Vogue-Turkey-December-2022-January-2023-Cover01\" data-image-description=\"\" data-image-caption=\"\" data-medium-file=\"https:\/\/i0.wp.com\/agrund.com\/wp-content\/uploads\/sites\/6\/2022\/12\/Halsey-Vogue-Turkey-December-2022-January-2023-Cover01.jpeg?fit=240%2C300&amp;ssl=1\" data-large-file=\"https:\/\/i0.wp.com\/agrund.com\/wp-content\/uploads\/sites\/6\/2022\/12\/Halsey-Vogue-Turkey-December-2022-January-2023-Cover01.jpeg?fit=600%2C750&amp;ssl=1\" decoding=\"async\" loading=\"lazy\" width=\"600\" height=\"750\" src=\"https:\/\/i0.wp.com\/agrund.com\/wp-content\/uploads\/sites\/6\/2022\/12\/Halsey-Vogue-Turkey-December-2022-January-2023-Cover01.jpeg?resize=600%2C750&#038;ssl=1\" alt=\"\" class=\"wp-image-227116\" srcset=\"https:\/\/i0.wp.com\/agrund.com\/wp-content\/uploads\/sites\/6\/2022\/12\/Halsey-Vogue-Turkey-December-2022-January-2023-Cover01.jpeg?w=600&amp;ssl=1 600w, https:\/\/i0.wp.com\/agrund.com\/wp-content\/uploads\/sites\/6\/2022\/12\/Halsey-Vogue-Turkey-December-2022-January-2023-Cover01.jpeg?resize=240%2C300&amp;ssl=1 240w\" sizes=\"(max-width: 600px) 100vw, 600px\" data-recalc-dims=\"1\" \/><figcaption>Halsey, Ros\u00e9 e Tove Lo s\u00e3o as garotas da capa<\/figcaption><\/figure><\/div>\n\n\n\n<div class=\"wp-block-image\"><figure class=\"aligncenter size-full\"><img data-attachment-id=\"227117\" data-permalink=\"https:\/\/agrund.com\/index.php\/halsey-rose-e-tove-lo-sao-as-garotas-da-capa\/halsey-vogue-turkey-december-2022-january-2023-cover02\/\" data-orig-file=\"https:\/\/i0.wp.com\/agrund.com\/wp-content\/uploads\/sites\/6\/2022\/12\/Halsey-Vogue-Turkey-December-2022-January-2023-Cover02.jpeg?fit=600%2C750&amp;ssl=1\" data-orig-size=\"600,750\" data-comments-opened=\"1\" data-image-meta=\"{&quot;aperture&quot;:&quot;0&quot;,&quot;credit&quot;:&quot;&quot;,&quot;camera&quot;:&quot;&quot;,&quot;caption&quot;:&quot;&quot;,&quot;created_timestamp&quot;:&quot;0&quot;,&quot;copyright&quot;:&quot;&quot;,&quot;focal_length&quot;:&quot;0&quot;,&quot;iso&quot;:&quot;0&quot;,&quot;shutter_speed&quot;:&quot;0&quot;,&quot;title&quot;:&quot;&quot;,&quot;orientation&quot;:&quot;1&quot;}\" data-image-title=\"Halsey-Vogue-Turkey-December-2022-January-2023-Cover02\" data-image-description=\"\" data-image-caption=\"\" data-medium-file=\"https:\/\/i0.wp.com\/agrund.com\/wp-content\/uploads\/sites\/6\/2022\/12\/Halsey-Vogue-Turkey-December-2022-January-2023-Cover02.jpeg?fit=240%2C300&amp;ssl=1\" data-large-file=\"https:\/\/i0.wp.com\/agrund.com\/wp-content\/uploads\/sites\/6\/2022\/12\/Halsey-Vogue-Turkey-December-2022-January-2023-Cover02.jpeg?fit=600%2C750&amp;ssl=1\" decoding=\"async\" loading=\"lazy\" width=\"600\" height=\"750\" src=\"https:\/\/i0.wp.com\/agrund.com\/wp-content\/uploads\/sites\/6\/2022\/12\/Halsey-Vogue-Turkey-December-2022-January-2023-Cover02.jpeg?resize=600%2C750&#038;ssl=1\" alt=\"\" class=\"wp-image-227117\" srcset=\"https:\/\/i0.wp.com\/agrund.com\/wp-content\/uploads\/sites\/6\/2022\/12\/Halsey-Vogue-Turkey-December-2022-January-2023-Cover02.jpeg?w=600&amp;ssl=1 600w, https:\/\/i0.wp.com\/agrund.com\/wp-content\/uploads\/sites\/6\/2022\/12\/Halsey-Vogue-Turkey-December-2022-January-2023-Cover02.jpeg?resize=240%2C300&amp;ssl=1 240w\" sizes=\"(max-width: 600px) 100vw, 600px\" data-recalc-dims=\"1\" \/><figcaption>Halsey, Ros\u00e9 e Tove Lo s\u00e3o as garotas da capa<\/figcaption><\/figure><\/div>\n\n\n\n<p>J\u00e1 a &#8216;Vogue Hong Kong&#8217; convocou Ros\u00e9 do BlackPink para ser capa da \u00faltima edi\u00e7\u00e3o de 2022. No primeiro clique, ela posou com um vestido preto preto de franjas, enquanto no segundo ela vestiu um conjunto preto com um casaco longo. Ambos os looks s\u00e3o da Saint Laurent, marca da qual Ros\u00e9 \u00e9 embaixadora.<\/p>\n\n\n\n<div class=\"wp-block-image\"><figure class=\"aligncenter size-full\"><img data-attachment-id=\"227119\" data-permalink=\"https:\/\/agrund.com\/index.php\/halsey-rose-e-tove-lo-sao-as-garotas-da-capa\/rose-vogue-hong-kong-december-2022-cover02\/\" data-orig-file=\"https:\/\/i0.wp.com\/agrund.com\/wp-content\/uploads\/sites\/6\/2022\/12\/Rose-Vogue-Hong-Kong-December-2022-Cover02.jpeg?fit=600%2C750&amp;ssl=1\" data-orig-size=\"600,750\" data-comments-opened=\"1\" data-image-meta=\"{&quot;aperture&quot;:&quot;0&quot;,&quot;credit&quot;:&quot;&quot;,&quot;camera&quot;:&quot;&quot;,&quot;caption&quot;:&quot;&quot;,&quot;created_timestamp&quot;:&quot;0&quot;,&quot;copyright&quot;:&quot;&quot;,&quot;focal_length&quot;:&quot;0&quot;,&quot;iso&quot;:&quot;0&quot;,&quot;shutter_speed&quot;:&quot;0&quot;,&quot;title&quot;:&quot;&quot;,&quot;orientation&quot;:&quot;1&quot;}\" data-image-title=\"Rose-Vogue-Hong-Kong-December-2022-Cover02\" data-image-description=\"\" data-image-caption=\"\" data-medium-file=\"https:\/\/i0.wp.com\/agrund.com\/wp-content\/uploads\/sites\/6\/2022\/12\/Rose-Vogue-Hong-Kong-December-2022-Cover02.jpeg?fit=240%2C300&amp;ssl=1\" data-large-file=\"https:\/\/i0.wp.com\/agrund.com\/wp-content\/uploads\/sites\/6\/2022\/12\/Rose-Vogue-Hong-Kong-December-2022-Cover02.jpeg?fit=600%2C750&amp;ssl=1\" decoding=\"async\" loading=\"lazy\" width=\"600\" height=\"750\" src=\"https:\/\/i0.wp.com\/agrund.com\/wp-content\/uploads\/sites\/6\/2022\/12\/Rose-Vogue-Hong-Kong-December-2022-Cover02.jpeg?resize=600%2C750&#038;ssl=1\" alt=\"\" class=\"wp-image-227119\" srcset=\"https:\/\/i0.wp.com\/agrund.com\/wp-content\/uploads\/sites\/6\/2022\/12\/Rose-Vogue-Hong-Kong-December-2022-Cover02.jpeg?w=600&amp;ssl=1 600w, https:\/\/i0.wp.com\/agrund.com\/wp-content\/uploads\/sites\/6\/2022\/12\/Rose-Vogue-Hong-Kong-December-2022-Cover02.jpeg?resize=240%2C300&amp;ssl=1 240w\" sizes=\"(max-width: 600px) 100vw, 600px\" data-recalc-dims=\"1\" \/><figcaption>Halsey, Ros\u00e9 e Tove Lo s\u00e3o as garotas da capa<\/figcaption><\/figure><\/div>\n\n\n\n<div class=\"wp-block-image\"><figure class=\"aligncenter size-full\"><img data-attachment-id=\"227118\" data-permalink=\"https:\/\/agrund.com\/index.php\/halsey-rose-e-tove-lo-sao-as-garotas-da-capa\/rose-vogue-hong-kong-december-2022-cover01\/\" data-orig-file=\"https:\/\/i0.wp.com\/agrund.com\/wp-content\/uploads\/sites\/6\/2022\/12\/Rose-Vogue-Hong-Kong-December-2022-Cover01.jpeg?fit=600%2C750&amp;ssl=1\" data-orig-size=\"600,750\" data-comments-opened=\"1\" data-image-meta=\"{&quot;aperture&quot;:&quot;0&quot;,&quot;credit&quot;:&quot;&quot;,&quot;camera&quot;:&quot;&quot;,&quot;caption&quot;:&quot;&quot;,&quot;created_timestamp&quot;:&quot;0&quot;,&quot;copyright&quot;:&quot;&quot;,&quot;focal_length&quot;:&quot;0&quot;,&quot;iso&quot;:&quot;0&quot;,&quot;shutter_speed&quot;:&quot;0&quot;,&quot;title&quot;:&quot;&quot;,&quot;orientation&quot;:&quot;1&quot;}\" data-image-title=\"Rose-Vogue-Hong-Kong-December-2022-Cover01\" data-image-description=\"\" data-image-caption=\"\" data-medium-file=\"https:\/\/i0.wp.com\/agrund.com\/wp-content\/uploads\/sites\/6\/2022\/12\/Rose-Vogue-Hong-Kong-December-2022-Cover01.jpeg?fit=240%2C300&amp;ssl=1\" data-large-file=\"https:\/\/i0.wp.com\/agrund.com\/wp-content\/uploads\/sites\/6\/2022\/12\/Rose-Vogue-Hong-Kong-December-2022-Cover01.jpeg?fit=600%2C750&amp;ssl=1\" decoding=\"async\" loading=\"lazy\" width=\"600\" height=\"750\" src=\"https:\/\/i0.wp.com\/agrund.com\/wp-content\/uploads\/sites\/6\/2022\/12\/Rose-Vogue-Hong-Kong-December-2022-Cover01.jpeg?resize=600%2C750&#038;ssl=1\" alt=\"\" class=\"wp-image-227118\" srcset=\"https:\/\/i0.wp.com\/agrund.com\/wp-content\/uploads\/sites\/6\/2022\/12\/Rose-Vogue-Hong-Kong-December-2022-Cover01.jpeg?w=600&amp;ssl=1 600w, https:\/\/i0.wp.com\/agrund.com\/wp-content\/uploads\/sites\/6\/2022\/12\/Rose-Vogue-Hong-Kong-December-2022-Cover01.jpeg?resize=240%2C300&amp;ssl=1 240w\" sizes=\"(max-width: 600px) 100vw, 600px\" data-recalc-dims=\"1\" \/><figcaption>Halsey, Ros\u00e9 e Tove Lo s\u00e3o as garotas da capa<\/figcaption><\/figure><\/div>\n\n\n\n<p>Tove Lo \u00e9 a estrela da capa de dezembro\/janeiro da &#8216;Vogue Escandin\u00e1via&#8217; com direito a um look estampado de Jade Cropper feito de Circulose, um novo material produzido a partir da reciclagem de algod\u00e3o de roupas descartadas e sobras de produ\u00e7\u00e3o.\u00a0<\/p>\n\n\n\n<div class=\"wp-block-image\"><figure class=\"aligncenter size-full\"><img data-attachment-id=\"227120\" data-permalink=\"https:\/\/agrund.com\/index.php\/halsey-rose-e-tove-lo-sao-as-garotas-da-capa\/tove-lo-vogue-scandinavia-january-2023-cover-photoshoot01\/\" data-orig-file=\"https:\/\/i0.wp.com\/agrund.com\/wp-content\/uploads\/sites\/6\/2022\/12\/Tove-Lo-Vogue-Scandinavia-January-2023-Cover-Photoshoot01.jpeg?fit=600%2C777&amp;ssl=1\" data-orig-size=\"600,777\" data-comments-opened=\"1\" data-image-meta=\"{&quot;aperture&quot;:&quot;0&quot;,&quot;credit&quot;:&quot;&quot;,&quot;camera&quot;:&quot;&quot;,&quot;caption&quot;:&quot;&quot;,&quot;created_timestamp&quot;:&quot;0&quot;,&quot;copyright&quot;:&quot;&quot;,&quot;focal_length&quot;:&quot;0&quot;,&quot;iso&quot;:&quot;0&quot;,&quot;shutter_speed&quot;:&quot;0&quot;,&quot;title&quot;:&quot;&quot;,&quot;orientation&quot;:&quot;1&quot;}\" data-image-title=\"Tove-Lo-Vogue-Scandinavia-January-2023-Cover-Photoshoot01\" data-image-description=\"\" data-image-caption=\"\" data-medium-file=\"https:\/\/i0.wp.com\/agrund.com\/wp-content\/uploads\/sites\/6\/2022\/12\/Tove-Lo-Vogue-Scandinavia-January-2023-Cover-Photoshoot01.jpeg?fit=232%2C300&amp;ssl=1\" data-large-file=\"https:\/\/i0.wp.com\/agrund.com\/wp-content\/uploads\/sites\/6\/2022\/12\/Tove-Lo-Vogue-Scandinavia-January-2023-Cover-Photoshoot01.jpeg?fit=600%2C777&amp;ssl=1\" decoding=\"async\" loading=\"lazy\" width=\"600\" height=\"777\" src=\"https:\/\/i0.wp.com\/agrund.com\/wp-content\/uploads\/sites\/6\/2022\/12\/Tove-Lo-Vogue-Scandinavia-January-2023-Cover-Photoshoot01.jpeg?resize=600%2C777&#038;ssl=1\" alt=\"\" class=\"wp-image-227120\" srcset=\"https:\/\/i0.wp.com\/agrund.com\/wp-content\/uploads\/sites\/6\/2022\/12\/Tove-Lo-Vogue-Scandinavia-January-2023-Cover-Photoshoot01.jpeg?w=600&amp;ssl=1 600w, https:\/\/i0.wp.com\/agrund.com\/wp-content\/uploads\/sites\/6\/2022\/12\/Tove-Lo-Vogue-Scandinavia-January-2023-Cover-Photoshoot01.jpeg?resize=232%2C300&amp;ssl=1 232w\" sizes=\"(max-width: 600px) 100vw, 600px\" data-recalc-dims=\"1\" \/><figcaption>Halsey, Ros\u00e9 e Tove Lo s\u00e3o as garotas da capa<\/figcaption><\/figure><\/div>\n\n\n\n<p>Fotos: Reprodu\u00e7\u00e3o. <\/p>\n","protected":false},"excerpt":{"rendered":"<p>O mundo da moda e da m\u00fasica caminham cada vez mais juntos. Prova disso s\u00e3o as escolhas de cantoras como rostos de campanhas, as nomea\u00e7\u00f5es de embaixadoras de grandes marcas, e tamb\u00e9m as capas de revistas dos pr\u00f3ximos meses. Halsey \u00e9 a estrela da edi\u00e7\u00e3o dezembro\/janeiro da &#8216;Vogue Turquia&#8217; e aparece deslumbrante vestindo um longo [&hellip;]<\/p>\n","protected":false},"author":8,"featured_media":227121,"comment_status":"open","ping_status":"open","sticky":false,"template":"","format":"standard","meta":{"jetpack_post_was_ever_published":false,"_jetpack_newsletter_access":"","jetpack_publicize_message":"","jetpack_is_tweetstorm":false,"jetpack_publicize_feature_enabled":true,"jetpack_social_post_already_shared":true,"jetpack_social_options":{"image_generator_settings":{"template":"highway","enabled":false}}},"categories":[2],"tags":[395,375,3184,423,347,67,525,148,495,2743,424,3483,862],"jetpack_publicize_connections":[],"jetpack_featured_media_url":"https:\/\/i0.wp.com\/agrund.com\/wp-content\/uploads\/sites\/6\/2022\/12\/s-33.jpg?fit=960%2C300&ssl=1","jetpack_sharing_enabled":true,"jetpack_shortlink":"https:\/\/wp.me\/p3Hz0n-X59","jetpack_likes_enabled":true,"_links":{"self":[{"href":"https:\/\/agrund.com\/index.php\/wp-json\/wp\/v2\/posts\/227115"}],"collection":[{"href":"https:\/\/agrund.com\/index.php\/wp-json\/wp\/v2\/posts"}],"about":[{"href":"https:\/\/agrund.com\/index.php\/wp-json\/wp\/v2\/types\/post"}],"author":[{"embeddable":true,"href":"https:\/\/agrund.com\/index.php\/wp-json\/wp\/v2\/users\/8"}],"replies":[{"embeddable":true,"href":"https:\/\/agrund.com\/index.php\/wp-json\/wp\/v2\/comments?post=227115"}],"version-history":[{"count":1,"href":"https:\/\/agrund.com\/index.php\/wp-json\/wp\/v2\/posts\/227115\/revisions"}],"predecessor-version":[{"id":227122,"href":"https:\/\/agrund.com\/index.php\/wp-json\/wp\/v2\/posts\/227115\/revisions\/227122"}],"wp:featuredmedia":[{"embeddable":true,"href":"https:\/\/agrund.com\/index.php\/wp-json\/wp\/v2\/media\/227121"}],"wp:attachment":[{"href":"https:\/\/agrund.com\/index.php\/wp-json\/wp\/v2\/media?parent=227115"}],"wp:term":[{"taxonomy":"category","embeddable":true,"href":"https:\/\/agrund.com\/index.php\/wp-json\/wp\/v2\/categories?post=227115"},{"taxonomy":"post_tag","embeddable":true,"href":"https:\/\/agrund.com\/index.php\/wp-json\/wp\/v2\/tags?post=227115"}],"curies":[{"name":"wp","href":"https:\/\/api.w.org\/{rel}","templated":true}]}}