{"id":226796,"date":"2022-12-07T16:00:00","date_gmt":"2022-12-07T19:00:00","guid":{"rendered":"https:\/\/agrund.com\/?p=226796"},"modified":"2022-12-07T16:58:01","modified_gmt":"2022-12-07T19:58:01","slug":"de-maquiagem-a-chocolate-04-calendarios-do-advento-para-celebrar-o-natal","status":"publish","type":"post","link":"https:\/\/agrund.com\/index.php\/de-maquiagem-a-chocolate-04-calendarios-do-advento-para-celebrar-o-natal\/","title":{"rendered":"De maquiagem a chocolate: 04 calend\u00e1rios do advento para celebrar o Natal\u00a0"},"content":{"rendered":"\n<p>O Calend\u00e1rio do Advento \u00e9 uma tradi\u00e7\u00e3o natalina origin\u00e1ria da Alemanha e adotada por muitos pa\u00edses. Nele, contamos os dias que antecedem o Natal enquanto abrimos um presentinho por dia.<\/p>\n\n\n\n<p>Apesar de n\u00e3o ser t\u00e3o popular aqui no Brasil, neste ano muitas marcas trouxeram a magia dessa experi\u00eancia para nos ajudar na contagem regressiva para essa data t\u00e3o especial.<\/p>\n\n\n\n<p>N\u00f3s j\u00e1 come\u00e7amos nossa contagem por aqui e separamos 04 calend\u00e1rios incr\u00edveis para voc\u00ea ou para presentear algu\u00e9m que voc\u00ea ama de uma forma super diferente. Confira:<\/p>\n\n\n\n<p><strong>1) Calend\u00e1rio do Advento &#8216;The MORE, the Merrier!&#8217;, da Benefit &#8211; R$459,00<\/strong><\/p>\n\n\n\n<p>Inspirado pela cl\u00e1ssica can\u00e7\u00e3o natalina \u201c12 dias de Natal\u201d, ele conta com 12 produtos best-sellers da marca desde os amados itens para sobrancelhas at\u00e9 m\u00e1scaras de c\u00edlios, primes e o famoso Box O\u2019 Powder.<\/p>\n\n\n\n<div class=\"wp-block-image\"><figure class=\"aligncenter size-full\"><img data-attachment-id=\"226797\" data-permalink=\"https:\/\/agrund.com\/index.php\/de-maquiagem-a-chocolate-04-calendarios-do-advento-para-celebrar-o-natal\/agrund-benefit-calendairo-advento-1\/\" data-orig-file=\"https:\/\/i0.wp.com\/agrund.com\/wp-content\/uploads\/sites\/6\/2022\/12\/agrund-benefit-calendairo-advento-1.jpg?fit=600%2C600&amp;ssl=1\" data-orig-size=\"600,600\" data-comments-opened=\"1\" data-image-meta=\"{&quot;aperture&quot;:&quot;0&quot;,&quot;credit&quot;:&quot;&quot;,&quot;camera&quot;:&quot;&quot;,&quot;caption&quot;:&quot;&quot;,&quot;created_timestamp&quot;:&quot;0&quot;,&quot;copyright&quot;:&quot;&quot;,&quot;focal_length&quot;:&quot;0&quot;,&quot;iso&quot;:&quot;0&quot;,&quot;shutter_speed&quot;:&quot;0&quot;,&quot;title&quot;:&quot;&quot;,&quot;orientation&quot;:&quot;0&quot;}\" data-image-title=\"agrund-benefit-calendairo-advento-1\" data-image-description=\"\" data-image-caption=\"\" data-medium-file=\"https:\/\/i0.wp.com\/agrund.com\/wp-content\/uploads\/sites\/6\/2022\/12\/agrund-benefit-calendairo-advento-1.jpg?fit=300%2C300&amp;ssl=1\" data-large-file=\"https:\/\/i0.wp.com\/agrund.com\/wp-content\/uploads\/sites\/6\/2022\/12\/agrund-benefit-calendairo-advento-1.jpg?fit=600%2C600&amp;ssl=1\" decoding=\"async\" loading=\"lazy\" width=\"600\" height=\"600\" src=\"https:\/\/i0.wp.com\/agrund.com\/wp-content\/uploads\/sites\/6\/2022\/12\/agrund-benefit-calendairo-advento-1.jpg?resize=600%2C600&#038;ssl=1\" alt=\"\" class=\"wp-image-226797\" srcset=\"https:\/\/i0.wp.com\/agrund.com\/wp-content\/uploads\/sites\/6\/2022\/12\/agrund-benefit-calendairo-advento-1.jpg?w=600&amp;ssl=1 600w, https:\/\/i0.wp.com\/agrund.com\/wp-content\/uploads\/sites\/6\/2022\/12\/agrund-benefit-calendairo-advento-1.jpg?resize=300%2C300&amp;ssl=1 300w, https:\/\/i0.wp.com\/agrund.com\/wp-content\/uploads\/sites\/6\/2022\/12\/agrund-benefit-calendairo-advento-1.jpg?resize=150%2C150&amp;ssl=1 150w\" sizes=\"(max-width: 600px) 100vw, 600px\" data-recalc-dims=\"1\" \/><figcaption>De maquiagem a chocolate: 04 calend\u00e1rios do advento para celebrar o Natal\u00a0<\/figcaption><\/figure><\/div>\n\n\n\n<div class=\"wp-block-image\"><figure class=\"aligncenter size-full\"><img data-attachment-id=\"226798\" data-permalink=\"https:\/\/agrund.com\/index.php\/de-maquiagem-a-chocolate-04-calendarios-do-advento-para-celebrar-o-natal\/agrund-benefit-calendairo-advento-2\/\" data-orig-file=\"https:\/\/i0.wp.com\/agrund.com\/wp-content\/uploads\/sites\/6\/2022\/12\/agrund-benefit-calendairo-advento-2.jpg?fit=600%2C600&amp;ssl=1\" data-orig-size=\"600,600\" data-comments-opened=\"1\" data-image-meta=\"{&quot;aperture&quot;:&quot;0&quot;,&quot;credit&quot;:&quot;&quot;,&quot;camera&quot;:&quot;&quot;,&quot;caption&quot;:&quot;&quot;,&quot;created_timestamp&quot;:&quot;0&quot;,&quot;copyright&quot;:&quot;&quot;,&quot;focal_length&quot;:&quot;0&quot;,&quot;iso&quot;:&quot;0&quot;,&quot;shutter_speed&quot;:&quot;0&quot;,&quot;title&quot;:&quot;&quot;,&quot;orientation&quot;:&quot;0&quot;}\" data-image-title=\"agrund-benefit-calendairo-advento-2\" data-image-description=\"\" data-image-caption=\"\" data-medium-file=\"https:\/\/i0.wp.com\/agrund.com\/wp-content\/uploads\/sites\/6\/2022\/12\/agrund-benefit-calendairo-advento-2.jpg?fit=300%2C300&amp;ssl=1\" data-large-file=\"https:\/\/i0.wp.com\/agrund.com\/wp-content\/uploads\/sites\/6\/2022\/12\/agrund-benefit-calendairo-advento-2.jpg?fit=600%2C600&amp;ssl=1\" decoding=\"async\" loading=\"lazy\" width=\"600\" height=\"600\" src=\"https:\/\/i0.wp.com\/agrund.com\/wp-content\/uploads\/sites\/6\/2022\/12\/agrund-benefit-calendairo-advento-2.jpg?resize=600%2C600&#038;ssl=1\" alt=\"\" class=\"wp-image-226798\" srcset=\"https:\/\/i0.wp.com\/agrund.com\/wp-content\/uploads\/sites\/6\/2022\/12\/agrund-benefit-calendairo-advento-2.jpg?w=600&amp;ssl=1 600w, https:\/\/i0.wp.com\/agrund.com\/wp-content\/uploads\/sites\/6\/2022\/12\/agrund-benefit-calendairo-advento-2.jpg?resize=300%2C300&amp;ssl=1 300w, https:\/\/i0.wp.com\/agrund.com\/wp-content\/uploads\/sites\/6\/2022\/12\/agrund-benefit-calendairo-advento-2.jpg?resize=150%2C150&amp;ssl=1 150w\" sizes=\"(max-width: 600px) 100vw, 600px\" data-recalc-dims=\"1\" \/><figcaption>De maquiagem a chocolate: 04 calend\u00e1rios do advento para celebrar o Natal\u00a0<\/figcaption><\/figure><\/div>\n\n\n\n<p><\/p>\n\n\n\n<p><strong>2) Calend\u00e1rio do Natal, da Cacau Show &#8211; R$ 139,90<\/strong><\/p>\n\n\n\n<p>Em cada dia voc\u00ea encontra um bombom sortidos de sabores como especiarias, creme de avel\u00e3, pistache, panettone gotas, trufa ao leite e mil-folhas.<\/p>\n\n\n\n<div class=\"wp-block-image\"><figure class=\"aligncenter size-full\"><img data-attachment-id=\"226799\" data-permalink=\"https:\/\/agrund.com\/index.php\/de-maquiagem-a-chocolate-04-calendarios-do-advento-para-celebrar-o-natal\/agrund-calendario-advento-cacau-show-1\/\" data-orig-file=\"https:\/\/i0.wp.com\/agrund.com\/wp-content\/uploads\/sites\/6\/2022\/12\/agrund-calendario-advento-cacau-show-1.png?fit=600%2C600&amp;ssl=1\" data-orig-size=\"600,600\" data-comments-opened=\"1\" data-image-meta=\"{&quot;aperture&quot;:&quot;0&quot;,&quot;credit&quot;:&quot;&quot;,&quot;camera&quot;:&quot;&quot;,&quot;caption&quot;:&quot;&quot;,&quot;created_timestamp&quot;:&quot;0&quot;,&quot;copyright&quot;:&quot;&quot;,&quot;focal_length&quot;:&quot;0&quot;,&quot;iso&quot;:&quot;0&quot;,&quot;shutter_speed&quot;:&quot;0&quot;,&quot;title&quot;:&quot;&quot;,&quot;orientation&quot;:&quot;0&quot;}\" data-image-title=\"agrund-calendario-advento-cacau-show-1\" data-image-description=\"\" data-image-caption=\"\" data-medium-file=\"https:\/\/i0.wp.com\/agrund.com\/wp-content\/uploads\/sites\/6\/2022\/12\/agrund-calendario-advento-cacau-show-1.png?fit=300%2C300&amp;ssl=1\" data-large-file=\"https:\/\/i0.wp.com\/agrund.com\/wp-content\/uploads\/sites\/6\/2022\/12\/agrund-calendario-advento-cacau-show-1.png?fit=600%2C600&amp;ssl=1\" decoding=\"async\" loading=\"lazy\" width=\"600\" height=\"600\" src=\"https:\/\/i0.wp.com\/agrund.com\/wp-content\/uploads\/sites\/6\/2022\/12\/agrund-calendario-advento-cacau-show-1.png?resize=600%2C600&#038;ssl=1\" alt=\"\" class=\"wp-image-226799\" srcset=\"https:\/\/i0.wp.com\/agrund.com\/wp-content\/uploads\/sites\/6\/2022\/12\/agrund-calendario-advento-cacau-show-1.png?w=600&amp;ssl=1 600w, https:\/\/i0.wp.com\/agrund.com\/wp-content\/uploads\/sites\/6\/2022\/12\/agrund-calendario-advento-cacau-show-1.png?resize=300%2C300&amp;ssl=1 300w, https:\/\/i0.wp.com\/agrund.com\/wp-content\/uploads\/sites\/6\/2022\/12\/agrund-calendario-advento-cacau-show-1.png?resize=150%2C150&amp;ssl=1 150w\" sizes=\"(max-width: 600px) 100vw, 600px\" data-recalc-dims=\"1\" \/><figcaption>De maquiagem a chocolate: 04 calend\u00e1rios do advento para celebrar o Natal\u00a0<\/figcaption><\/figure><\/div>\n\n\n\n<div class=\"wp-block-image\"><figure class=\"aligncenter size-full\"><img data-attachment-id=\"226800\" data-permalink=\"https:\/\/agrund.com\/index.php\/de-maquiagem-a-chocolate-04-calendarios-do-advento-para-celebrar-o-natal\/agrund-calendario-advento-cacau-show-2\/\" data-orig-file=\"https:\/\/i0.wp.com\/agrund.com\/wp-content\/uploads\/sites\/6\/2022\/12\/agrund-calendario-advento-cacau-show-2.jpeg?fit=600%2C600&amp;ssl=1\" data-orig-size=\"600,600\" data-comments-opened=\"1\" data-image-meta=\"{&quot;aperture&quot;:&quot;0&quot;,&quot;credit&quot;:&quot;&quot;,&quot;camera&quot;:&quot;&quot;,&quot;caption&quot;:&quot;&quot;,&quot;created_timestamp&quot;:&quot;0&quot;,&quot;copyright&quot;:&quot;&quot;,&quot;focal_length&quot;:&quot;0&quot;,&quot;iso&quot;:&quot;0&quot;,&quot;shutter_speed&quot;:&quot;0&quot;,&quot;title&quot;:&quot;&quot;,&quot;orientation&quot;:&quot;1&quot;}\" data-image-title=\"agrund-calendario-advento-cacau-show-2\" data-image-description=\"\" data-image-caption=\"\" data-medium-file=\"https:\/\/i0.wp.com\/agrund.com\/wp-content\/uploads\/sites\/6\/2022\/12\/agrund-calendario-advento-cacau-show-2.jpeg?fit=300%2C300&amp;ssl=1\" data-large-file=\"https:\/\/i0.wp.com\/agrund.com\/wp-content\/uploads\/sites\/6\/2022\/12\/agrund-calendario-advento-cacau-show-2.jpeg?fit=600%2C600&amp;ssl=1\" decoding=\"async\" loading=\"lazy\" width=\"600\" height=\"600\" src=\"https:\/\/i0.wp.com\/agrund.com\/wp-content\/uploads\/sites\/6\/2022\/12\/agrund-calendario-advento-cacau-show-2.jpeg?resize=600%2C600&#038;ssl=1\" alt=\"\" class=\"wp-image-226800\" srcset=\"https:\/\/i0.wp.com\/agrund.com\/wp-content\/uploads\/sites\/6\/2022\/12\/agrund-calendario-advento-cacau-show-2.jpeg?w=600&amp;ssl=1 600w, https:\/\/i0.wp.com\/agrund.com\/wp-content\/uploads\/sites\/6\/2022\/12\/agrund-calendario-advento-cacau-show-2.jpeg?resize=300%2C300&amp;ssl=1 300w, https:\/\/i0.wp.com\/agrund.com\/wp-content\/uploads\/sites\/6\/2022\/12\/agrund-calendario-advento-cacau-show-2.jpeg?resize=150%2C150&amp;ssl=1 150w\" sizes=\"(max-width: 600px) 100vw, 600px\" data-recalc-dims=\"1\" \/><figcaption>De maquiagem a chocolate: 04 calend\u00e1rios do advento para celebrar o Natal\u00a0<\/figcaption><\/figure><\/div>\n\n\n\n<p><\/p>\n\n\n\n<p><strong>3) Calend\u00e1rio do Advento, da The Body Shop &#8211; R$559,90 e R$959,90<\/strong><\/p>\n\n\n\n<p>A vers\u00e3o tamanho P possui 24 produtos (R$559,90), enquanto o tamanho M possui 25 produtos (R$959,90). Ambos s\u00e3o compostos por itens exclusivos (n\u00e3o comercializados no Brasil) para os cuidados do corpo e rosto.<\/p>\n\n\n\n<div class=\"wp-block-image\"><figure class=\"aligncenter size-full\"><img data-attachment-id=\"226801\" data-permalink=\"https:\/\/agrund.com\/index.php\/de-maquiagem-a-chocolate-04-calendarios-do-advento-para-celebrar-o-natal\/agrund-the-body-shop-calendairo-advento-2\/\" data-orig-file=\"https:\/\/i0.wp.com\/agrund.com\/wp-content\/uploads\/sites\/6\/2022\/12\/agrund-the-body-shop-calendairo-advento-2.jpg?fit=600%2C495&amp;ssl=1\" data-orig-size=\"600,495\" data-comments-opened=\"1\" data-image-meta=\"{&quot;aperture&quot;:&quot;0&quot;,&quot;credit&quot;:&quot;&quot;,&quot;camera&quot;:&quot;&quot;,&quot;caption&quot;:&quot;&quot;,&quot;created_timestamp&quot;:&quot;0&quot;,&quot;copyright&quot;:&quot;&quot;,&quot;focal_length&quot;:&quot;0&quot;,&quot;iso&quot;:&quot;0&quot;,&quot;shutter_speed&quot;:&quot;0&quot;,&quot;title&quot;:&quot;&quot;,&quot;orientation&quot;:&quot;0&quot;}\" data-image-title=\"agrund-the-body-shop-calendairo-advento-2\" data-image-description=\"\" data-image-caption=\"\" data-medium-file=\"https:\/\/i0.wp.com\/agrund.com\/wp-content\/uploads\/sites\/6\/2022\/12\/agrund-the-body-shop-calendairo-advento-2.jpg?fit=300%2C248&amp;ssl=1\" data-large-file=\"https:\/\/i0.wp.com\/agrund.com\/wp-content\/uploads\/sites\/6\/2022\/12\/agrund-the-body-shop-calendairo-advento-2.jpg?fit=600%2C495&amp;ssl=1\" decoding=\"async\" loading=\"lazy\" width=\"600\" height=\"495\" src=\"https:\/\/i0.wp.com\/agrund.com\/wp-content\/uploads\/sites\/6\/2022\/12\/agrund-the-body-shop-calendairo-advento-2.jpg?resize=600%2C495&#038;ssl=1\" alt=\"\" class=\"wp-image-226801\" srcset=\"https:\/\/i0.wp.com\/agrund.com\/wp-content\/uploads\/sites\/6\/2022\/12\/agrund-the-body-shop-calendairo-advento-2.jpg?w=600&amp;ssl=1 600w, https:\/\/i0.wp.com\/agrund.com\/wp-content\/uploads\/sites\/6\/2022\/12\/agrund-the-body-shop-calendairo-advento-2.jpg?resize=300%2C248&amp;ssl=1 300w\" sizes=\"(max-width: 600px) 100vw, 600px\" data-recalc-dims=\"1\" \/><figcaption>De maquiagem a chocolate: 04 calend\u00e1rios do advento para celebrar o Natal\u00a0<\/figcaption><\/figure><\/div>\n\n\n\n<p><\/p>\n\n\n\n<p><strong>4) Calend\u00e1rio do Advento, da Fleur de Sucre Patisserie &#8211; R$348<\/strong><\/p>\n\n\n\n<p>S\u00e3o 25 docinhos e chocolates para voc\u00ea saborear com a sua fam\u00edlia.<\/p>\n\n\n\n<div class=\"wp-block-image\"><figure class=\"aligncenter size-full\"><img data-attachment-id=\"226802\" data-permalink=\"https:\/\/agrund.com\/index.php\/de-maquiagem-a-chocolate-04-calendarios-do-advento-para-celebrar-o-natal\/agrund-fleur-sucre-calendairo-advento-1\/\" data-orig-file=\"https:\/\/i0.wp.com\/agrund.com\/wp-content\/uploads\/sites\/6\/2022\/12\/agrund-fleur-sucre-calendairo-advento-1.jpg?fit=600%2C398&amp;ssl=1\" data-orig-size=\"600,398\" data-comments-opened=\"1\" data-image-meta=\"{&quot;aperture&quot;:&quot;0&quot;,&quot;credit&quot;:&quot;&quot;,&quot;camera&quot;:&quot;&quot;,&quot;caption&quot;:&quot;&quot;,&quot;created_timestamp&quot;:&quot;0&quot;,&quot;copyright&quot;:&quot;&quot;,&quot;focal_length&quot;:&quot;0&quot;,&quot;iso&quot;:&quot;0&quot;,&quot;shutter_speed&quot;:&quot;0&quot;,&quot;title&quot;:&quot;&quot;,&quot;orientation&quot;:&quot;0&quot;}\" data-image-title=\"agrund-fleur-sucre-calendairo-advento-1\" data-image-description=\"\" data-image-caption=\"\" data-medium-file=\"https:\/\/i0.wp.com\/agrund.com\/wp-content\/uploads\/sites\/6\/2022\/12\/agrund-fleur-sucre-calendairo-advento-1.jpg?fit=300%2C199&amp;ssl=1\" data-large-file=\"https:\/\/i0.wp.com\/agrund.com\/wp-content\/uploads\/sites\/6\/2022\/12\/agrund-fleur-sucre-calendairo-advento-1.jpg?fit=600%2C398&amp;ssl=1\" decoding=\"async\" loading=\"lazy\" width=\"600\" height=\"398\" src=\"https:\/\/i0.wp.com\/agrund.com\/wp-content\/uploads\/sites\/6\/2022\/12\/agrund-fleur-sucre-calendairo-advento-1.jpg?resize=600%2C398&#038;ssl=1\" alt=\"\" class=\"wp-image-226802\" srcset=\"https:\/\/i0.wp.com\/agrund.com\/wp-content\/uploads\/sites\/6\/2022\/12\/agrund-fleur-sucre-calendairo-advento-1.jpg?w=600&amp;ssl=1 600w, https:\/\/i0.wp.com\/agrund.com\/wp-content\/uploads\/sites\/6\/2022\/12\/agrund-fleur-sucre-calendairo-advento-1.jpg?resize=300%2C199&amp;ssl=1 300w\" sizes=\"(max-width: 600px) 100vw, 600px\" data-recalc-dims=\"1\" \/><figcaption>De maquiagem a chocolate: 04 calend\u00e1rios do advento para celebrar o Natal\u00a0<\/figcaption><\/figure><\/div>\n\n\n\n<div class=\"wp-block-image\"><figure class=\"aligncenter size-full\"><img data-attachment-id=\"226803\" data-permalink=\"https:\/\/agrund.com\/index.php\/de-maquiagem-a-chocolate-04-calendarios-do-advento-para-celebrar-o-natal\/agrund-fleur-sucre-calendairo-advento-2\/\" data-orig-file=\"https:\/\/i0.wp.com\/agrund.com\/wp-content\/uploads\/sites\/6\/2022\/12\/agrund-fleur-sucre-calendairo-advento-2.jpg?fit=600%2C398&amp;ssl=1\" data-orig-size=\"600,398\" data-comments-opened=\"1\" data-image-meta=\"{&quot;aperture&quot;:&quot;0&quot;,&quot;credit&quot;:&quot;&quot;,&quot;camera&quot;:&quot;&quot;,&quot;caption&quot;:&quot;&quot;,&quot;created_timestamp&quot;:&quot;0&quot;,&quot;copyright&quot;:&quot;&quot;,&quot;focal_length&quot;:&quot;0&quot;,&quot;iso&quot;:&quot;0&quot;,&quot;shutter_speed&quot;:&quot;0&quot;,&quot;title&quot;:&quot;&quot;,&quot;orientation&quot;:&quot;0&quot;}\" data-image-title=\"agrund-fleur-sucre-calendairo-advento-2\" data-image-description=\"\" data-image-caption=\"\" data-medium-file=\"https:\/\/i0.wp.com\/agrund.com\/wp-content\/uploads\/sites\/6\/2022\/12\/agrund-fleur-sucre-calendairo-advento-2.jpg?fit=300%2C199&amp;ssl=1\" data-large-file=\"https:\/\/i0.wp.com\/agrund.com\/wp-content\/uploads\/sites\/6\/2022\/12\/agrund-fleur-sucre-calendairo-advento-2.jpg?fit=600%2C398&amp;ssl=1\" decoding=\"async\" loading=\"lazy\" width=\"600\" height=\"398\" src=\"https:\/\/i0.wp.com\/agrund.com\/wp-content\/uploads\/sites\/6\/2022\/12\/agrund-fleur-sucre-calendairo-advento-2.jpg?resize=600%2C398&#038;ssl=1\" alt=\"\" class=\"wp-image-226803\" srcset=\"https:\/\/i0.wp.com\/agrund.com\/wp-content\/uploads\/sites\/6\/2022\/12\/agrund-fleur-sucre-calendairo-advento-2.jpg?w=600&amp;ssl=1 600w, https:\/\/i0.wp.com\/agrund.com\/wp-content\/uploads\/sites\/6\/2022\/12\/agrund-fleur-sucre-calendairo-advento-2.jpg?resize=300%2C199&amp;ssl=1 300w\" sizes=\"(max-width: 600px) 100vw, 600px\" data-recalc-dims=\"1\" \/><figcaption>De maquiagem a chocolate: 04 calend\u00e1rios do advento para celebrar o Natal\u00a0<\/figcaption><\/figure><\/div>\n\n\n\n<p>Fotos: Divulga\u00e7\u00e3o\/ Reprodu\u00e7\u00e3o.<\/p>\n","protected":false},"excerpt":{"rendered":"<p>O Calend\u00e1rio do Advento \u00e9 uma tradi\u00e7\u00e3o natalina origin\u00e1ria da Alemanha e adotada por muitos pa\u00edses. Nele, contamos os dias que antecedem o Natal enquanto abrimos um presentinho por dia. Apesar de n\u00e3o ser t\u00e3o popular aqui no Brasil, neste ano muitas marcas trouxeram a magia dessa experi\u00eancia para nos ajudar na contagem regressiva para [&hellip;]<\/p>\n","protected":false},"author":8,"featured_media":226804,"comment_status":"open","ping_status":"open","sticky":false,"template":"","format":"standard","meta":{"jetpack_post_was_ever_published":false,"_jetpack_newsletter_access":"","jetpack_publicize_message":"","jetpack_is_tweetstorm":false,"jetpack_publicize_feature_enabled":true,"jetpack_social_post_already_shared":true,"jetpack_social_options":{"image_generator_settings":{"template":"highway","enabled":false}}},"categories":[2],"tags":[395,375,3188,3472,3469,423,347,3471,67,525,424,3470,862],"jetpack_publicize_connections":[],"jetpack_featured_media_url":"https:\/\/i0.wp.com\/agrund.com\/wp-content\/uploads\/sites\/6\/2022\/12\/ss-4.jpg?fit=960%2C300&ssl=1","jetpack_sharing_enabled":true,"jetpack_shortlink":"https:\/\/wp.me\/p3Hz0n-X00","jetpack_likes_enabled":true,"_links":{"self":[{"href":"https:\/\/agrund.com\/index.php\/wp-json\/wp\/v2\/posts\/226796"}],"collection":[{"href":"https:\/\/agrund.com\/index.php\/wp-json\/wp\/v2\/posts"}],"about":[{"href":"https:\/\/agrund.com\/index.php\/wp-json\/wp\/v2\/types\/post"}],"author":[{"embeddable":true,"href":"https:\/\/agrund.com\/index.php\/wp-json\/wp\/v2\/users\/8"}],"replies":[{"embeddable":true,"href":"https:\/\/agrund.com\/index.php\/wp-json\/wp\/v2\/comments?post=226796"}],"version-history":[{"count":1,"href":"https:\/\/agrund.com\/index.php\/wp-json\/wp\/v2\/posts\/226796\/revisions"}],"predecessor-version":[{"id":226805,"href":"https:\/\/agrund.com\/index.php\/wp-json\/wp\/v2\/posts\/226796\/revisions\/226805"}],"wp:featuredmedia":[{"embeddable":true,"href":"https:\/\/agrund.com\/index.php\/wp-json\/wp\/v2\/media\/226804"}],"wp:attachment":[{"href":"https:\/\/agrund.com\/index.php\/wp-json\/wp\/v2\/media?parent=226796"}],"wp:term":[{"taxonomy":"category","embeddable":true,"href":"https:\/\/agrund.com\/index.php\/wp-json\/wp\/v2\/categories?post=226796"},{"taxonomy":"post_tag","embeddable":true,"href":"https:\/\/agrund.com\/index.php\/wp-json\/wp\/v2\/tags?post=226796"}],"curies":[{"name":"wp","href":"https:\/\/api.w.org\/{rel}","templated":true}]}}