{"id":226767,"date":"2022-12-06T17:00:00","date_gmt":"2022-12-06T20:00:00","guid":{"rendered":"https:\/\/agrund.com\/?p=226767"},"modified":"2022-12-06T19:08:38","modified_gmt":"2022-12-06T22:08:38","slug":"51a-casa-de-criadores-o-humano-natural-do-studio-ellias-kaleb","status":"publish","type":"post","link":"https:\/\/agrund.com\/index.php\/51a-casa-de-criadores-o-humano-natural-do-studio-ellias-kaleb\/","title":{"rendered":"51\u00aa Casa de Criadores :: O humano natural do Studio Ellias Kaleb"},"content":{"rendered":"\n<p>Por Arlindo Grund e Lari Mariano.<\/p>\n\n\n\n<p>Um olhar particular para as formas org\u00e2nicas, para a natureza que se desenvolve e, a partir de saberes \u00fanicos, liga o Universo em seus acontecimentos. \u00c9 sob esse prisma que Ellias Kaleb faz de sua passarela um espa\u00e7o quase que de reflex\u00f5es.<\/p>\n\n\n\n<p>O ritmo mais lento convida a desacelerar e a prestar aten\u00e7\u00e3o em cada detalhe das pe\u00e7as que n\u00e3o passam despercebidas. Os trabalhos com texturas volumosas e de tons vibrantes aos olhos parecem desenhados pelas for\u00e7as naturais de fato. Leveza, presen\u00e7a e uma soberania que fica impl\u00edcita &#8211; \u00e9 respeitar o ritmo e humanizar aquilo que \u00e9, de uma vez por todas, uma ode \u00e0 natureza.<\/p>\n\n\n\n<div class=\"wp-block-image\"><figure class=\"aligncenter size-full\"><img data-attachment-id=\"226777\" data-permalink=\"https:\/\/agrund.com\/index.php\/51a-casa-de-criadores-o-humano-natural-do-studio-ellias-kaleb\/agrund-casa-criadores-elias_kalleb-1\/\" data-orig-file=\"https:\/\/i0.wp.com\/agrund.com\/wp-content\/uploads\/sites\/6\/2022\/12\/agrund-casa-criadores-elias_Kalleb-1.jpg?fit=600%2C750&amp;ssl=1\" data-orig-size=\"600,750\" data-comments-opened=\"1\" data-image-meta=\"{&quot;aperture&quot;:&quot;0&quot;,&quot;credit&quot;:&quot;Marcelo Soubhia\\\/ @agfotosite&quot;,&quot;camera&quot;:&quot;&quot;,&quot;caption&quot;:&quot;Est\\u00fadio Elias Kalleb\\r-Casa de Criadores #51_ \\rFoto: Marcelo Soubhia\\\/ @agfotosite\\r\\rdez\\\/2022&quot;,&quot;created_timestamp&quot;:&quot;1670296117&quot;,&quot;copyright&quot;:&quot;Marcelo Soubhia\\\/ @agfotosite&quot;,&quot;focal_length&quot;:&quot;0&quot;,&quot;iso&quot;:&quot;0&quot;,&quot;shutter_speed&quot;:&quot;0&quot;,&quot;title&quot;:&quot;&quot;,&quot;orientation&quot;:&quot;1&quot;}\" data-image-title=\"agrund-casa-criadores-elias_Kalleb-1\" data-image-description=\"\" data-image-caption=\"&lt;p&gt;Est\u00fadio Elias Kalleb&lt;br \/&gt;\n-Casa de Criadores #51_&lt;br \/&gt;\nFoto: Marcelo Soubhia\/ @agfotosite&lt;\/p&gt;\n&lt;p&gt;dez\/2022&lt;\/p&gt;\n\" data-medium-file=\"https:\/\/i0.wp.com\/agrund.com\/wp-content\/uploads\/sites\/6\/2022\/12\/agrund-casa-criadores-elias_Kalleb-1.jpg?fit=240%2C300&amp;ssl=1\" data-large-file=\"https:\/\/i0.wp.com\/agrund.com\/wp-content\/uploads\/sites\/6\/2022\/12\/agrund-casa-criadores-elias_Kalleb-1.jpg?fit=600%2C750&amp;ssl=1\" decoding=\"async\" loading=\"lazy\" width=\"600\" height=\"750\" src=\"https:\/\/i0.wp.com\/agrund.com\/wp-content\/uploads\/sites\/6\/2022\/12\/agrund-casa-criadores-elias_Kalleb-1.jpg?resize=600%2C750&#038;ssl=1\" alt=\"\" class=\"wp-image-226777\" srcset=\"https:\/\/i0.wp.com\/agrund.com\/wp-content\/uploads\/sites\/6\/2022\/12\/agrund-casa-criadores-elias_Kalleb-1.jpg?w=600&amp;ssl=1 600w, https:\/\/i0.wp.com\/agrund.com\/wp-content\/uploads\/sites\/6\/2022\/12\/agrund-casa-criadores-elias_Kalleb-1.jpg?resize=240%2C300&amp;ssl=1 240w\" sizes=\"(max-width: 600px) 100vw, 600px\" data-recalc-dims=\"1\" \/><figcaption>51\u00aa Casa de Criadores :: O humano natural do Studio Ellias Kaleb<\/figcaption><\/figure><\/div>\n\n\n\n<div class=\"wp-block-image\"><figure class=\"aligncenter size-full\"><img data-attachment-id=\"226778\" data-permalink=\"https:\/\/agrund.com\/index.php\/51a-casa-de-criadores-o-humano-natural-do-studio-ellias-kaleb\/agrund-casa-criadores-elias_kalleb-2\/\" data-orig-file=\"https:\/\/i0.wp.com\/agrund.com\/wp-content\/uploads\/sites\/6\/2022\/12\/agrund-casa-criadores-elias_Kalleb-2.jpg?fit=600%2C750&amp;ssl=1\" data-orig-size=\"600,750\" data-comments-opened=\"1\" data-image-meta=\"{&quot;aperture&quot;:&quot;0&quot;,&quot;credit&quot;:&quot;Marcelo Soubhia\\\/ @agfotosite&quot;,&quot;camera&quot;:&quot;&quot;,&quot;caption&quot;:&quot;Est\\u00fadio Elias Kalleb\\r-Casa de Criadores #51_ \\rFoto: Marcelo Soubhia\\\/ @agfotosite\\r\\rdez\\\/2022&quot;,&quot;created_timestamp&quot;:&quot;1670296119&quot;,&quot;copyright&quot;:&quot;Marcelo Soubhia\\\/ @agfotosite&quot;,&quot;focal_length&quot;:&quot;0&quot;,&quot;iso&quot;:&quot;0&quot;,&quot;shutter_speed&quot;:&quot;0&quot;,&quot;title&quot;:&quot;&quot;,&quot;orientation&quot;:&quot;1&quot;}\" data-image-title=\"agrund-casa-criadores-elias_Kalleb-2\" data-image-description=\"\" data-image-caption=\"&lt;p&gt;Est\u00fadio Elias Kalleb&lt;br \/&gt;\n-Casa de Criadores #51_&lt;br \/&gt;\nFoto: Marcelo Soubhia\/ @agfotosite&lt;\/p&gt;\n&lt;p&gt;dez\/2022&lt;\/p&gt;\n\" data-medium-file=\"https:\/\/i0.wp.com\/agrund.com\/wp-content\/uploads\/sites\/6\/2022\/12\/agrund-casa-criadores-elias_Kalleb-2.jpg?fit=240%2C300&amp;ssl=1\" data-large-file=\"https:\/\/i0.wp.com\/agrund.com\/wp-content\/uploads\/sites\/6\/2022\/12\/agrund-casa-criadores-elias_Kalleb-2.jpg?fit=600%2C750&amp;ssl=1\" decoding=\"async\" loading=\"lazy\" width=\"600\" height=\"750\" src=\"https:\/\/i0.wp.com\/agrund.com\/wp-content\/uploads\/sites\/6\/2022\/12\/agrund-casa-criadores-elias_Kalleb-2.jpg?resize=600%2C750&#038;ssl=1\" alt=\"\" class=\"wp-image-226778\" srcset=\"https:\/\/i0.wp.com\/agrund.com\/wp-content\/uploads\/sites\/6\/2022\/12\/agrund-casa-criadores-elias_Kalleb-2.jpg?w=600&amp;ssl=1 600w, https:\/\/i0.wp.com\/agrund.com\/wp-content\/uploads\/sites\/6\/2022\/12\/agrund-casa-criadores-elias_Kalleb-2.jpg?resize=240%2C300&amp;ssl=1 240w\" sizes=\"(max-width: 600px) 100vw, 600px\" data-recalc-dims=\"1\" \/><figcaption>51\u00aa Casa de Criadores :: O humano natural do Studio Ellias Kaleb<\/figcaption><\/figure><\/div>\n\n\n\n<div class=\"wp-block-image\"><figure class=\"aligncenter size-full\"><img data-attachment-id=\"226779\" data-permalink=\"https:\/\/agrund.com\/index.php\/51a-casa-de-criadores-o-humano-natural-do-studio-ellias-kaleb\/agrund-casa-criadores-elias_kalleb-3\/\" data-orig-file=\"https:\/\/i0.wp.com\/agrund.com\/wp-content\/uploads\/sites\/6\/2022\/12\/agrund-casa-criadores-elias_Kalleb-3.jpg?fit=600%2C750&amp;ssl=1\" data-orig-size=\"600,750\" data-comments-opened=\"1\" data-image-meta=\"{&quot;aperture&quot;:&quot;0&quot;,&quot;credit&quot;:&quot;Marcelo Soubhia\\\/ @agfotosite&quot;,&quot;camera&quot;:&quot;&quot;,&quot;caption&quot;:&quot;Est\\u00fadio Elias Kalleb\\r-Casa de Criadores #51_ \\rFoto: Marcelo Soubhia\\\/ @agfotosite\\r\\rdez\\\/2022&quot;,&quot;created_timestamp&quot;:&quot;1670296121&quot;,&quot;copyright&quot;:&quot;Marcelo Soubhia\\\/ @agfotosite&quot;,&quot;focal_length&quot;:&quot;0&quot;,&quot;iso&quot;:&quot;0&quot;,&quot;shutter_speed&quot;:&quot;0&quot;,&quot;title&quot;:&quot;&quot;,&quot;orientation&quot;:&quot;1&quot;}\" data-image-title=\"agrund-casa-criadores-elias_Kalleb-3\" data-image-description=\"\" data-image-caption=\"&lt;p&gt;Est\u00fadio Elias Kalleb&lt;br \/&gt;\n-Casa de Criadores #51_&lt;br \/&gt;\nFoto: Marcelo Soubhia\/ @agfotosite&lt;\/p&gt;\n&lt;p&gt;dez\/2022&lt;\/p&gt;\n\" data-medium-file=\"https:\/\/i0.wp.com\/agrund.com\/wp-content\/uploads\/sites\/6\/2022\/12\/agrund-casa-criadores-elias_Kalleb-3.jpg?fit=240%2C300&amp;ssl=1\" data-large-file=\"https:\/\/i0.wp.com\/agrund.com\/wp-content\/uploads\/sites\/6\/2022\/12\/agrund-casa-criadores-elias_Kalleb-3.jpg?fit=600%2C750&amp;ssl=1\" decoding=\"async\" loading=\"lazy\" width=\"600\" height=\"750\" src=\"https:\/\/i0.wp.com\/agrund.com\/wp-content\/uploads\/sites\/6\/2022\/12\/agrund-casa-criadores-elias_Kalleb-3.jpg?resize=600%2C750&#038;ssl=1\" alt=\"\" class=\"wp-image-226779\" srcset=\"https:\/\/i0.wp.com\/agrund.com\/wp-content\/uploads\/sites\/6\/2022\/12\/agrund-casa-criadores-elias_Kalleb-3.jpg?w=600&amp;ssl=1 600w, https:\/\/i0.wp.com\/agrund.com\/wp-content\/uploads\/sites\/6\/2022\/12\/agrund-casa-criadores-elias_Kalleb-3.jpg?resize=240%2C300&amp;ssl=1 240w\" sizes=\"(max-width: 600px) 100vw, 600px\" data-recalc-dims=\"1\" \/><figcaption>51\u00aa Casa de Criadores :: O humano natural do Studio Ellias Kaleb<\/figcaption><\/figure><\/div>\n\n\n\n<div class=\"wp-block-image\"><figure class=\"aligncenter size-full\"><img data-attachment-id=\"226780\" data-permalink=\"https:\/\/agrund.com\/index.php\/51a-casa-de-criadores-o-humano-natural-do-studio-ellias-kaleb\/agrund-casa-criadores-elias_kalleb-4\/\" data-orig-file=\"https:\/\/i0.wp.com\/agrund.com\/wp-content\/uploads\/sites\/6\/2022\/12\/agrund-casa-criadores-elias_Kalleb-4.jpg?fit=600%2C750&amp;ssl=1\" data-orig-size=\"600,750\" data-comments-opened=\"1\" data-image-meta=\"{&quot;aperture&quot;:&quot;0&quot;,&quot;credit&quot;:&quot;Marcelo Soubhia\\\/ @agfotosite&quot;,&quot;camera&quot;:&quot;&quot;,&quot;caption&quot;:&quot;Est\\u00fadio Elias Kalleb\\r-Casa de Criadores #51_ \\rFoto: Marcelo Soubhia\\\/ @agfotosite\\r\\rdez\\\/2022&quot;,&quot;created_timestamp&quot;:&quot;1670296132&quot;,&quot;copyright&quot;:&quot;Marcelo Soubhia\\\/ @agfotosite&quot;,&quot;focal_length&quot;:&quot;0&quot;,&quot;iso&quot;:&quot;0&quot;,&quot;shutter_speed&quot;:&quot;0&quot;,&quot;title&quot;:&quot;&quot;,&quot;orientation&quot;:&quot;1&quot;}\" data-image-title=\"agrund-casa-criadores-elias_Kalleb-4\" data-image-description=\"\" data-image-caption=\"&lt;p&gt;Est\u00fadio Elias Kalleb&lt;br \/&gt;\n-Casa de Criadores #51_&lt;br \/&gt;\nFoto: Marcelo Soubhia\/ @agfotosite&lt;\/p&gt;\n&lt;p&gt;dez\/2022&lt;\/p&gt;\n\" data-medium-file=\"https:\/\/i0.wp.com\/agrund.com\/wp-content\/uploads\/sites\/6\/2022\/12\/agrund-casa-criadores-elias_Kalleb-4.jpg?fit=240%2C300&amp;ssl=1\" data-large-file=\"https:\/\/i0.wp.com\/agrund.com\/wp-content\/uploads\/sites\/6\/2022\/12\/agrund-casa-criadores-elias_Kalleb-4.jpg?fit=600%2C750&amp;ssl=1\" decoding=\"async\" loading=\"lazy\" width=\"600\" height=\"750\" src=\"https:\/\/i0.wp.com\/agrund.com\/wp-content\/uploads\/sites\/6\/2022\/12\/agrund-casa-criadores-elias_Kalleb-4.jpg?resize=600%2C750&#038;ssl=1\" alt=\"\" class=\"wp-image-226780\" srcset=\"https:\/\/i0.wp.com\/agrund.com\/wp-content\/uploads\/sites\/6\/2022\/12\/agrund-casa-criadores-elias_Kalleb-4.jpg?w=600&amp;ssl=1 600w, https:\/\/i0.wp.com\/agrund.com\/wp-content\/uploads\/sites\/6\/2022\/12\/agrund-casa-criadores-elias_Kalleb-4.jpg?resize=240%2C300&amp;ssl=1 240w\" sizes=\"(max-width: 600px) 100vw, 600px\" data-recalc-dims=\"1\" \/><figcaption>51\u00aa Casa de Criadores :: O humano natural do Studio Ellias Kaleb<\/figcaption><\/figure><\/div>\n\n\n\n<div class=\"wp-block-image\"><figure class=\"aligncenter size-full\"><img data-attachment-id=\"226781\" data-permalink=\"https:\/\/agrund.com\/index.php\/51a-casa-de-criadores-o-humano-natural-do-studio-ellias-kaleb\/agrund-casa-criadores-elias_kalleb-5\/\" data-orig-file=\"https:\/\/i0.wp.com\/agrund.com\/wp-content\/uploads\/sites\/6\/2022\/12\/agrund-casa-criadores-elias_Kalleb-5.jpg?fit=600%2C750&amp;ssl=1\" data-orig-size=\"600,750\" data-comments-opened=\"1\" data-image-meta=\"{&quot;aperture&quot;:&quot;0&quot;,&quot;credit&quot;:&quot;Marcelo Soubhia\\\/ @agfotosite&quot;,&quot;camera&quot;:&quot;&quot;,&quot;caption&quot;:&quot;Est\\u00fadio Elias Kalleb\\r-Casa de Criadores #51_ \\rFoto: Marcelo Soubhia\\\/ @agfotosite\\r\\rdez\\\/2022&quot;,&quot;created_timestamp&quot;:&quot;1670296134&quot;,&quot;copyright&quot;:&quot;Marcelo Soubhia\\\/ @agfotosite&quot;,&quot;focal_length&quot;:&quot;0&quot;,&quot;iso&quot;:&quot;0&quot;,&quot;shutter_speed&quot;:&quot;0&quot;,&quot;title&quot;:&quot;&quot;,&quot;orientation&quot;:&quot;1&quot;}\" data-image-title=\"agrund-casa-criadores-elias_Kalleb-5\" data-image-description=\"\" data-image-caption=\"&lt;p&gt;Est\u00fadio Elias Kalleb&lt;br \/&gt;\n-Casa de Criadores #51_&lt;br \/&gt;\nFoto: Marcelo Soubhia\/ @agfotosite&lt;\/p&gt;\n&lt;p&gt;dez\/2022&lt;\/p&gt;\n\" data-medium-file=\"https:\/\/i0.wp.com\/agrund.com\/wp-content\/uploads\/sites\/6\/2022\/12\/agrund-casa-criadores-elias_Kalleb-5.jpg?fit=240%2C300&amp;ssl=1\" data-large-file=\"https:\/\/i0.wp.com\/agrund.com\/wp-content\/uploads\/sites\/6\/2022\/12\/agrund-casa-criadores-elias_Kalleb-5.jpg?fit=600%2C750&amp;ssl=1\" decoding=\"async\" loading=\"lazy\" width=\"600\" height=\"750\" src=\"https:\/\/i0.wp.com\/agrund.com\/wp-content\/uploads\/sites\/6\/2022\/12\/agrund-casa-criadores-elias_Kalleb-5.jpg?resize=600%2C750&#038;ssl=1\" alt=\"\" class=\"wp-image-226781\" srcset=\"https:\/\/i0.wp.com\/agrund.com\/wp-content\/uploads\/sites\/6\/2022\/12\/agrund-casa-criadores-elias_Kalleb-5.jpg?w=600&amp;ssl=1 600w, https:\/\/i0.wp.com\/agrund.com\/wp-content\/uploads\/sites\/6\/2022\/12\/agrund-casa-criadores-elias_Kalleb-5.jpg?resize=240%2C300&amp;ssl=1 240w\" sizes=\"(max-width: 600px) 100vw, 600px\" data-recalc-dims=\"1\" \/><figcaption>51\u00aa Casa de Criadores :: O humano natural do Studio Ellias Kaleb<\/figcaption><\/figure><\/div>\n\n\n\n<div class=\"wp-block-image\"><figure class=\"aligncenter size-full is-resized\"><img data-attachment-id=\"226782\" data-permalink=\"https:\/\/agrund.com\/index.php\/51a-casa-de-criadores-o-humano-natural-do-studio-ellias-kaleb\/agrund-casa-criadores-elias_kalleb-6\/\" data-orig-file=\"https:\/\/i0.wp.com\/agrund.com\/wp-content\/uploads\/sites\/6\/2022\/12\/agrund-casa-criadores-elias_Kalleb-6.jpg?fit=600%2C750&amp;ssl=1\" data-orig-size=\"600,750\" data-comments-opened=\"1\" data-image-meta=\"{&quot;aperture&quot;:&quot;0&quot;,&quot;credit&quot;:&quot;Marcelo Soubhia\\\/ @agfotosite&quot;,&quot;camera&quot;:&quot;&quot;,&quot;caption&quot;:&quot;Est\\u00fadio Elias Kalleb\\r-Casa de Criadores #51_ \\rFoto: Marcelo Soubhia\\\/ @agfotosite\\r\\rdez\\\/2022&quot;,&quot;created_timestamp&quot;:&quot;1670296138&quot;,&quot;copyright&quot;:&quot;Marcelo Soubhia\\\/ @agfotosite&quot;,&quot;focal_length&quot;:&quot;0&quot;,&quot;iso&quot;:&quot;0&quot;,&quot;shutter_speed&quot;:&quot;0&quot;,&quot;title&quot;:&quot;&quot;,&quot;orientation&quot;:&quot;1&quot;}\" data-image-title=\"agrund-casa-criadores-elias_Kalleb-6\" data-image-description=\"\" data-image-caption=\"&lt;p&gt;Est\u00fadio Elias Kalleb&lt;br \/&gt;\n-Casa de Criadores #51_&lt;br \/&gt;\nFoto: Marcelo Soubhia\/ @agfotosite&lt;\/p&gt;\n&lt;p&gt;dez\/2022&lt;\/p&gt;\n\" data-medium-file=\"https:\/\/i0.wp.com\/agrund.com\/wp-content\/uploads\/sites\/6\/2022\/12\/agrund-casa-criadores-elias_Kalleb-6.jpg?fit=240%2C300&amp;ssl=1\" data-large-file=\"https:\/\/i0.wp.com\/agrund.com\/wp-content\/uploads\/sites\/6\/2022\/12\/agrund-casa-criadores-elias_Kalleb-6.jpg?fit=600%2C750&amp;ssl=1\" decoding=\"async\" loading=\"lazy\" src=\"https:\/\/i0.wp.com\/agrund.com\/wp-content\/uploads\/sites\/6\/2022\/12\/agrund-casa-criadores-elias_Kalleb-6.jpg?resize=600%2C750&#038;ssl=1\" alt=\"\" class=\"wp-image-226782\" width=\"600\" height=\"750\" srcset=\"https:\/\/i0.wp.com\/agrund.com\/wp-content\/uploads\/sites\/6\/2022\/12\/agrund-casa-criadores-elias_Kalleb-6.jpg?w=600&amp;ssl=1 600w, https:\/\/i0.wp.com\/agrund.com\/wp-content\/uploads\/sites\/6\/2022\/12\/agrund-casa-criadores-elias_Kalleb-6.jpg?resize=240%2C300&amp;ssl=1 240w\" sizes=\"(max-width: 600px) 100vw, 600px\" data-recalc-dims=\"1\" \/><figcaption>51\u00aa Casa de Criadores :: O humano natural do Studio Ellias Kaleb<\/figcaption><\/figure><\/div>\n\n\n\n<p>Fotos: Divulga\u00e7\u00e3o\/ Marcelo Soubhia\/ @agfotosite.<\/p>\n","protected":false},"excerpt":{"rendered":"<p>Por Arlindo Grund e Lari Mariano. Um olhar particular para as formas org\u00e2nicas, para a natureza que se desenvolve e, a partir de saberes \u00fanicos, liga o Universo em seus acontecimentos. \u00c9 sob esse prisma que Ellias Kaleb faz de sua passarela um espa\u00e7o quase que de reflex\u00f5es. O ritmo mais lento convida a desacelerar [&hellip;]<\/p>\n","protected":false},"author":8,"featured_media":226783,"comment_status":"open","ping_status":"open","sticky":false,"template":"","format":"standard","meta":{"jetpack_post_was_ever_published":false,"_jetpack_newsletter_access":"","jetpack_publicize_message":"","jetpack_is_tweetstorm":false,"jetpack_publicize_feature_enabled":true,"jetpack_social_post_already_shared":true,"jetpack_social_options":{"image_generator_settings":{"template":"highway","enabled":false}}},"categories":[9,2],"tags":[395,375,373,423,347,67,525,148,2939,424,862],"jetpack_publicize_connections":[],"jetpack_featured_media_url":"https:\/\/i0.wp.com\/agrund.com\/wp-content\/uploads\/sites\/6\/2022\/12\/s-8.jpg?fit=960%2C300&ssl=1","jetpack_sharing_enabled":true,"jetpack_shortlink":"https:\/\/wp.me\/p3Hz0n-WZx","jetpack_likes_enabled":true,"_links":{"self":[{"href":"https:\/\/agrund.com\/index.php\/wp-json\/wp\/v2\/posts\/226767"}],"collection":[{"href":"https:\/\/agrund.com\/index.php\/wp-json\/wp\/v2\/posts"}],"about":[{"href":"https:\/\/agrund.com\/index.php\/wp-json\/wp\/v2\/types\/post"}],"author":[{"embeddable":true,"href":"https:\/\/agrund.com\/index.php\/wp-json\/wp\/v2\/users\/8"}],"replies":[{"embeddable":true,"href":"https:\/\/agrund.com\/index.php\/wp-json\/wp\/v2\/comments?post=226767"}],"version-history":[{"count":2,"href":"https:\/\/agrund.com\/index.php\/wp-json\/wp\/v2\/posts\/226767\/revisions"}],"predecessor-version":[{"id":226784,"href":"https:\/\/agrund.com\/index.php\/wp-json\/wp\/v2\/posts\/226767\/revisions\/226784"}],"wp:featuredmedia":[{"embeddable":true,"href":"https:\/\/agrund.com\/index.php\/wp-json\/wp\/v2\/media\/226783"}],"wp:attachment":[{"href":"https:\/\/agrund.com\/index.php\/wp-json\/wp\/v2\/media?parent=226767"}],"wp:term":[{"taxonomy":"category","embeddable":true,"href":"https:\/\/agrund.com\/index.php\/wp-json\/wp\/v2\/categories?post=226767"},{"taxonomy":"post_tag","embeddable":true,"href":"https:\/\/agrund.com\/index.php\/wp-json\/wp\/v2\/tags?post=226767"}],"curies":[{"name":"wp","href":"https:\/\/api.w.org\/{rel}","templated":true}]}}