{"id":226755,"date":"2022-12-06T15:00:00","date_gmt":"2022-12-06T18:00:00","guid":{"rendered":"https:\/\/agrund.com\/?p=226755"},"modified":"2022-12-06T14:47:08","modified_gmt":"2022-12-06T17:47:08","slug":"51a-casa-de-criadores-as-referencias-interiores-do-projeto-mottainai","status":"publish","type":"post","link":"https:\/\/agrund.com\/index.php\/51a-casa-de-criadores-as-referencias-interiores-do-projeto-mottainai\/","title":{"rendered":"51\u00aa Casa de Criadores :: As refer\u00eancias interiores do Projeto Mottainai"},"content":{"rendered":"\n<p>Por Arlindo Grund e Lari Mariano.<\/p>\n\n\n\n<p>Pablo Monaquezi prop\u00f5e uma transpar\u00eancia interna ao trazer Circo das Ilus\u00f5es para a edi\u00e7\u00e3o 51 da Casa de Criadores. Para sua estreia nesta passarela, o estilista trouxe s\u00edmbolos pessoais, como o olho, que remete \u00e0 S\u00edndrome de Tourette, ou o le\u00e3o, seu signo.<\/p>\n\n\n\n<p>E, se s\u00edmbolos significam, \u00e9 verdade tamb\u00e9m dizer que s\u00e3o estes muito transformadores: d\u00e3o ao upcycling uma nova vida, com criatividade do mix de estilos, seja da sensualidade com a alfaiataria ou a presen\u00e7a do urbano mais utilit\u00e1rio &#8211; que sabe se fazer n\u00e3o s\u00f3 vivo, mas significativo &#8211; como se desse \u00e0 moda uma possibilidade de se reinventar a cada novo processo, com criatividade e novos olhares em cada proposta. Poesia aplicada ao real.<\/p>\n\n\n\n<div class=\"wp-block-image\"><figure class=\"aligncenter size-full\"><img data-attachment-id=\"226756\" data-permalink=\"https:\/\/agrund.com\/index.php\/51a-casa-de-criadores-as-referencias-interiores-do-projeto-mottainai\/agrund-casa-criadores-projeto_mottainai_1\/\" data-orig-file=\"https:\/\/i0.wp.com\/agrund.com\/wp-content\/uploads\/sites\/6\/2022\/12\/agrund-casa-criadores-projeto_mottainai_1.jpg?fit=600%2C750&amp;ssl=1\" data-orig-size=\"600,750\" data-comments-opened=\"1\" data-image-meta=\"{&quot;aperture&quot;:&quot;0&quot;,&quot;credit&quot;:&quot;Marcelo Soubhia\\\/ @agfotosite&quot;,&quot;camera&quot;:&quot;&quot;,&quot;caption&quot;:&quot;Projeto Mottainai\\r-Casa de Criadores #51_ \\rFoto: Marcelo Soubhia\\\/ @agfotosite\\r\\rdez\\\/2022&quot;,&quot;created_timestamp&quot;:&quot;1670296047&quot;,&quot;copyright&quot;:&quot;Marcelo Soubhia\\\/ @agfotosite&quot;,&quot;focal_length&quot;:&quot;0&quot;,&quot;iso&quot;:&quot;0&quot;,&quot;shutter_speed&quot;:&quot;0&quot;,&quot;title&quot;:&quot;&quot;,&quot;orientation&quot;:&quot;1&quot;}\" data-image-title=\"agrund-casa-criadores-projeto_mottainai_1\" data-image-description=\"\" data-image-caption=\"&lt;p&gt;Projeto Mottainai&lt;br \/&gt;\n-Casa de Criadores #51_&lt;br \/&gt;\nFoto: Marcelo Soubhia\/ @agfotosite&lt;\/p&gt;\n&lt;p&gt;dez\/2022&lt;\/p&gt;\n\" data-medium-file=\"https:\/\/i0.wp.com\/agrund.com\/wp-content\/uploads\/sites\/6\/2022\/12\/agrund-casa-criadores-projeto_mottainai_1.jpg?fit=240%2C300&amp;ssl=1\" data-large-file=\"https:\/\/i0.wp.com\/agrund.com\/wp-content\/uploads\/sites\/6\/2022\/12\/agrund-casa-criadores-projeto_mottainai_1.jpg?fit=600%2C750&amp;ssl=1\" decoding=\"async\" loading=\"lazy\" width=\"600\" height=\"750\" src=\"https:\/\/i0.wp.com\/agrund.com\/wp-content\/uploads\/sites\/6\/2022\/12\/agrund-casa-criadores-projeto_mottainai_1.jpg?resize=600%2C750&#038;ssl=1\" alt=\"\" class=\"wp-image-226756\" srcset=\"https:\/\/i0.wp.com\/agrund.com\/wp-content\/uploads\/sites\/6\/2022\/12\/agrund-casa-criadores-projeto_mottainai_1.jpg?w=600&amp;ssl=1 600w, https:\/\/i0.wp.com\/agrund.com\/wp-content\/uploads\/sites\/6\/2022\/12\/agrund-casa-criadores-projeto_mottainai_1.jpg?resize=240%2C300&amp;ssl=1 240w\" sizes=\"(max-width: 600px) 100vw, 600px\" data-recalc-dims=\"1\" \/><figcaption>51\u00aa Casa de Criadores :: As refer\u00eancias interiores do Projeto Mottainai<\/figcaption><\/figure><\/div>\n\n\n\n<div class=\"wp-block-image\"><figure class=\"aligncenter size-full\"><img data-attachment-id=\"226757\" data-permalink=\"https:\/\/agrund.com\/index.php\/51a-casa-de-criadores-as-referencias-interiores-do-projeto-mottainai\/agrund-casa-criadores-projeto_mottainai_2\/\" data-orig-file=\"https:\/\/i0.wp.com\/agrund.com\/wp-content\/uploads\/sites\/6\/2022\/12\/agrund-casa-criadores-projeto_mottainai_2.jpg?fit=600%2C750&amp;ssl=1\" data-orig-size=\"600,750\" data-comments-opened=\"1\" data-image-meta=\"{&quot;aperture&quot;:&quot;0&quot;,&quot;credit&quot;:&quot;Marcelo Soubhia\\\/ @agfotosite&quot;,&quot;camera&quot;:&quot;&quot;,&quot;caption&quot;:&quot;Projeto Mottainai\\r-Casa de Criadores #51_ \\rFoto: Marcelo Soubhia\\\/ @agfotosite\\r\\rdez\\\/2022&quot;,&quot;created_timestamp&quot;:&quot;1670296053&quot;,&quot;copyright&quot;:&quot;Marcelo Soubhia\\\/ @agfotosite&quot;,&quot;focal_length&quot;:&quot;0&quot;,&quot;iso&quot;:&quot;0&quot;,&quot;shutter_speed&quot;:&quot;0&quot;,&quot;title&quot;:&quot;&quot;,&quot;orientation&quot;:&quot;1&quot;}\" data-image-title=\"agrund-casa-criadores-projeto_mottainai_2\" data-image-description=\"\" data-image-caption=\"&lt;p&gt;Projeto Mottainai&lt;br \/&gt;\n-Casa de Criadores #51_&lt;br \/&gt;\nFoto: Marcelo Soubhia\/ @agfotosite&lt;\/p&gt;\n&lt;p&gt;dez\/2022&lt;\/p&gt;\n\" data-medium-file=\"https:\/\/i0.wp.com\/agrund.com\/wp-content\/uploads\/sites\/6\/2022\/12\/agrund-casa-criadores-projeto_mottainai_2.jpg?fit=240%2C300&amp;ssl=1\" data-large-file=\"https:\/\/i0.wp.com\/agrund.com\/wp-content\/uploads\/sites\/6\/2022\/12\/agrund-casa-criadores-projeto_mottainai_2.jpg?fit=600%2C750&amp;ssl=1\" decoding=\"async\" loading=\"lazy\" width=\"600\" height=\"750\" src=\"https:\/\/i0.wp.com\/agrund.com\/wp-content\/uploads\/sites\/6\/2022\/12\/agrund-casa-criadores-projeto_mottainai_2.jpg?resize=600%2C750&#038;ssl=1\" alt=\"\" class=\"wp-image-226757\" srcset=\"https:\/\/i0.wp.com\/agrund.com\/wp-content\/uploads\/sites\/6\/2022\/12\/agrund-casa-criadores-projeto_mottainai_2.jpg?w=600&amp;ssl=1 600w, https:\/\/i0.wp.com\/agrund.com\/wp-content\/uploads\/sites\/6\/2022\/12\/agrund-casa-criadores-projeto_mottainai_2.jpg?resize=240%2C300&amp;ssl=1 240w\" sizes=\"(max-width: 600px) 100vw, 600px\" data-recalc-dims=\"1\" \/><figcaption>51\u00aa Casa de Criadores :: As refer\u00eancias interiores do Projeto Mottainai<\/figcaption><\/figure><\/div>\n\n\n\n<div class=\"wp-block-image\"><figure class=\"aligncenter size-full\"><img data-attachment-id=\"226758\" data-permalink=\"https:\/\/agrund.com\/index.php\/51a-casa-de-criadores-as-referencias-interiores-do-projeto-mottainai\/agrund-casa-criadores-projeto_mottainai_3\/\" data-orig-file=\"https:\/\/i0.wp.com\/agrund.com\/wp-content\/uploads\/sites\/6\/2022\/12\/agrund-casa-criadores-projeto_mottainai_3.jpg?fit=600%2C750&amp;ssl=1\" data-orig-size=\"600,750\" data-comments-opened=\"1\" data-image-meta=\"{&quot;aperture&quot;:&quot;0&quot;,&quot;credit&quot;:&quot;Marcelo Soubhia\\\/ @agfotosite&quot;,&quot;camera&quot;:&quot;&quot;,&quot;caption&quot;:&quot;Projeto Mottainai\\r-Casa de Criadores #51_ \\rFoto: Marcelo Soubhia\\\/ @agfotosite\\r\\rdez\\\/2022&quot;,&quot;created_timestamp&quot;:&quot;1670296061&quot;,&quot;copyright&quot;:&quot;Marcelo Soubhia\\\/ @agfotosite&quot;,&quot;focal_length&quot;:&quot;0&quot;,&quot;iso&quot;:&quot;0&quot;,&quot;shutter_speed&quot;:&quot;0&quot;,&quot;title&quot;:&quot;&quot;,&quot;orientation&quot;:&quot;1&quot;}\" data-image-title=\"agrund-casa-criadores-projeto_mottainai_3\" data-image-description=\"\" data-image-caption=\"&lt;p&gt;Projeto Mottainai&lt;br \/&gt;\n-Casa de Criadores #51_&lt;br \/&gt;\nFoto: Marcelo Soubhia\/ @agfotosite&lt;\/p&gt;\n&lt;p&gt;dez\/2022&lt;\/p&gt;\n\" data-medium-file=\"https:\/\/i0.wp.com\/agrund.com\/wp-content\/uploads\/sites\/6\/2022\/12\/agrund-casa-criadores-projeto_mottainai_3.jpg?fit=240%2C300&amp;ssl=1\" data-large-file=\"https:\/\/i0.wp.com\/agrund.com\/wp-content\/uploads\/sites\/6\/2022\/12\/agrund-casa-criadores-projeto_mottainai_3.jpg?fit=600%2C750&amp;ssl=1\" decoding=\"async\" loading=\"lazy\" width=\"600\" height=\"750\" src=\"https:\/\/i0.wp.com\/agrund.com\/wp-content\/uploads\/sites\/6\/2022\/12\/agrund-casa-criadores-projeto_mottainai_3.jpg?resize=600%2C750&#038;ssl=1\" alt=\"\" class=\"wp-image-226758\" srcset=\"https:\/\/i0.wp.com\/agrund.com\/wp-content\/uploads\/sites\/6\/2022\/12\/agrund-casa-criadores-projeto_mottainai_3.jpg?w=600&amp;ssl=1 600w, https:\/\/i0.wp.com\/agrund.com\/wp-content\/uploads\/sites\/6\/2022\/12\/agrund-casa-criadores-projeto_mottainai_3.jpg?resize=240%2C300&amp;ssl=1 240w\" sizes=\"(max-width: 600px) 100vw, 600px\" data-recalc-dims=\"1\" \/><figcaption>51\u00aa Casa de Criadores :: As refer\u00eancias interiores do Projeto Mottainai<\/figcaption><\/figure><\/div>\n\n\n\n<div class=\"wp-block-image\"><figure class=\"aligncenter size-full\"><img data-attachment-id=\"226759\" data-permalink=\"https:\/\/agrund.com\/index.php\/51a-casa-de-criadores-as-referencias-interiores-do-projeto-mottainai\/agrund-casa-criadores-projeto_mottainai_4\/\" data-orig-file=\"https:\/\/i0.wp.com\/agrund.com\/wp-content\/uploads\/sites\/6\/2022\/12\/agrund-casa-criadores-projeto_mottainai_4.jpg?fit=600%2C750&amp;ssl=1\" data-orig-size=\"600,750\" data-comments-opened=\"1\" data-image-meta=\"{&quot;aperture&quot;:&quot;0&quot;,&quot;credit&quot;:&quot;Marcelo Soubhia\\\/ @agfotosite&quot;,&quot;camera&quot;:&quot;&quot;,&quot;caption&quot;:&quot;Projeto Mottainai\\r-Casa de Criadores #51_ \\rFoto: Marcelo Soubhia\\\/ @agfotosite\\r\\rdez\\\/2022&quot;,&quot;created_timestamp&quot;:&quot;1670296066&quot;,&quot;copyright&quot;:&quot;Marcelo Soubhia\\\/ @agfotosite&quot;,&quot;focal_length&quot;:&quot;0&quot;,&quot;iso&quot;:&quot;0&quot;,&quot;shutter_speed&quot;:&quot;0&quot;,&quot;title&quot;:&quot;&quot;,&quot;orientation&quot;:&quot;1&quot;}\" data-image-title=\"agrund-casa-criadores-projeto_mottainai_4\" data-image-description=\"\" data-image-caption=\"&lt;p&gt;Projeto Mottainai&lt;br \/&gt;\n-Casa de Criadores #51_&lt;br \/&gt;\nFoto: Marcelo Soubhia\/ @agfotosite&lt;\/p&gt;\n&lt;p&gt;dez\/2022&lt;\/p&gt;\n\" data-medium-file=\"https:\/\/i0.wp.com\/agrund.com\/wp-content\/uploads\/sites\/6\/2022\/12\/agrund-casa-criadores-projeto_mottainai_4.jpg?fit=240%2C300&amp;ssl=1\" data-large-file=\"https:\/\/i0.wp.com\/agrund.com\/wp-content\/uploads\/sites\/6\/2022\/12\/agrund-casa-criadores-projeto_mottainai_4.jpg?fit=600%2C750&amp;ssl=1\" decoding=\"async\" loading=\"lazy\" width=\"600\" height=\"750\" src=\"https:\/\/i0.wp.com\/agrund.com\/wp-content\/uploads\/sites\/6\/2022\/12\/agrund-casa-criadores-projeto_mottainai_4.jpg?resize=600%2C750&#038;ssl=1\" alt=\"\" class=\"wp-image-226759\" srcset=\"https:\/\/i0.wp.com\/agrund.com\/wp-content\/uploads\/sites\/6\/2022\/12\/agrund-casa-criadores-projeto_mottainai_4.jpg?w=600&amp;ssl=1 600w, https:\/\/i0.wp.com\/agrund.com\/wp-content\/uploads\/sites\/6\/2022\/12\/agrund-casa-criadores-projeto_mottainai_4.jpg?resize=240%2C300&amp;ssl=1 240w\" sizes=\"(max-width: 600px) 100vw, 600px\" data-recalc-dims=\"1\" \/><figcaption>51\u00aa Casa de Criadores :: As refer\u00eancias interiores do Projeto Mottainai<\/figcaption><\/figure><\/div>\n\n\n\n<div class=\"wp-block-image\"><figure class=\"aligncenter size-full\"><img data-attachment-id=\"226760\" data-permalink=\"https:\/\/agrund.com\/index.php\/51a-casa-de-criadores-as-referencias-interiores-do-projeto-mottainai\/agrund-casa-criadores-projeto_mottainai_5\/\" data-orig-file=\"https:\/\/i0.wp.com\/agrund.com\/wp-content\/uploads\/sites\/6\/2022\/12\/agrund-casa-criadores-projeto_mottainai_5.jpg?fit=600%2C750&amp;ssl=1\" data-orig-size=\"600,750\" data-comments-opened=\"1\" data-image-meta=\"{&quot;aperture&quot;:&quot;0&quot;,&quot;credit&quot;:&quot;Marcelo Soubhia\\\/ @agfotosite&quot;,&quot;camera&quot;:&quot;&quot;,&quot;caption&quot;:&quot;Projeto Mottainai\\r-Casa de Criadores #51_ \\rFoto: Marcelo Soubhia\\\/ @agfotosite\\r\\rdez\\\/2022&quot;,&quot;created_timestamp&quot;:&quot;1670296068&quot;,&quot;copyright&quot;:&quot;Marcelo Soubhia\\\/ @agfotosite&quot;,&quot;focal_length&quot;:&quot;0&quot;,&quot;iso&quot;:&quot;0&quot;,&quot;shutter_speed&quot;:&quot;0&quot;,&quot;title&quot;:&quot;&quot;,&quot;orientation&quot;:&quot;1&quot;}\" data-image-title=\"agrund-casa-criadores-projeto_mottainai_5\" data-image-description=\"\" data-image-caption=\"&lt;p&gt;Projeto Mottainai&lt;br \/&gt;\n-Casa de Criadores #51_&lt;br \/&gt;\nFoto: Marcelo Soubhia\/ @agfotosite&lt;\/p&gt;\n&lt;p&gt;dez\/2022&lt;\/p&gt;\n\" data-medium-file=\"https:\/\/i0.wp.com\/agrund.com\/wp-content\/uploads\/sites\/6\/2022\/12\/agrund-casa-criadores-projeto_mottainai_5.jpg?fit=240%2C300&amp;ssl=1\" data-large-file=\"https:\/\/i0.wp.com\/agrund.com\/wp-content\/uploads\/sites\/6\/2022\/12\/agrund-casa-criadores-projeto_mottainai_5.jpg?fit=600%2C750&amp;ssl=1\" decoding=\"async\" loading=\"lazy\" width=\"600\" height=\"750\" src=\"https:\/\/i0.wp.com\/agrund.com\/wp-content\/uploads\/sites\/6\/2022\/12\/agrund-casa-criadores-projeto_mottainai_5.jpg?resize=600%2C750&#038;ssl=1\" alt=\"\" class=\"wp-image-226760\" srcset=\"https:\/\/i0.wp.com\/agrund.com\/wp-content\/uploads\/sites\/6\/2022\/12\/agrund-casa-criadores-projeto_mottainai_5.jpg?w=600&amp;ssl=1 600w, https:\/\/i0.wp.com\/agrund.com\/wp-content\/uploads\/sites\/6\/2022\/12\/agrund-casa-criadores-projeto_mottainai_5.jpg?resize=240%2C300&amp;ssl=1 240w\" sizes=\"(max-width: 600px) 100vw, 600px\" data-recalc-dims=\"1\" \/><figcaption>51\u00aa Casa de Criadores :: As refer\u00eancias interiores do Projeto Mottainai<\/figcaption><\/figure><\/div>\n\n\n\n<div class=\"wp-block-image\"><figure class=\"aligncenter size-full\"><img data-attachment-id=\"226761\" data-permalink=\"https:\/\/agrund.com\/index.php\/51a-casa-de-criadores-as-referencias-interiores-do-projeto-mottainai\/agrund-casa-criadores-projeto_mottainai_6\/\" data-orig-file=\"https:\/\/i0.wp.com\/agrund.com\/wp-content\/uploads\/sites\/6\/2022\/12\/agrund-casa-criadores-projeto_mottainai_6.jpg?fit=600%2C750&amp;ssl=1\" data-orig-size=\"600,750\" data-comments-opened=\"1\" data-image-meta=\"{&quot;aperture&quot;:&quot;0&quot;,&quot;credit&quot;:&quot;Marcelo Soubhia\\\/ @agfotosite&quot;,&quot;camera&quot;:&quot;&quot;,&quot;caption&quot;:&quot;Projeto Mottainai\\r-Casa de Criadores #51_ \\rFoto: Marcelo Soubhia\\\/ @agfotosite\\r\\rdez\\\/2022&quot;,&quot;created_timestamp&quot;:&quot;1670296080&quot;,&quot;copyright&quot;:&quot;Marcelo Soubhia\\\/ @agfotosite&quot;,&quot;focal_length&quot;:&quot;0&quot;,&quot;iso&quot;:&quot;0&quot;,&quot;shutter_speed&quot;:&quot;0&quot;,&quot;title&quot;:&quot;&quot;,&quot;orientation&quot;:&quot;1&quot;}\" data-image-title=\"agrund-casa-criadores-projeto_mottainai_6\" data-image-description=\"\" data-image-caption=\"&lt;p&gt;Projeto Mottainai&lt;br \/&gt;\n-Casa de Criadores #51_&lt;br \/&gt;\nFoto: Marcelo Soubhia\/ @agfotosite&lt;\/p&gt;\n&lt;p&gt;dez\/2022&lt;\/p&gt;\n\" data-medium-file=\"https:\/\/i0.wp.com\/agrund.com\/wp-content\/uploads\/sites\/6\/2022\/12\/agrund-casa-criadores-projeto_mottainai_6.jpg?fit=240%2C300&amp;ssl=1\" data-large-file=\"https:\/\/i0.wp.com\/agrund.com\/wp-content\/uploads\/sites\/6\/2022\/12\/agrund-casa-criadores-projeto_mottainai_6.jpg?fit=600%2C750&amp;ssl=1\" decoding=\"async\" loading=\"lazy\" width=\"600\" height=\"750\" src=\"https:\/\/i0.wp.com\/agrund.com\/wp-content\/uploads\/sites\/6\/2022\/12\/agrund-casa-criadores-projeto_mottainai_6.jpg?resize=600%2C750&#038;ssl=1\" alt=\"\" class=\"wp-image-226761\" srcset=\"https:\/\/i0.wp.com\/agrund.com\/wp-content\/uploads\/sites\/6\/2022\/12\/agrund-casa-criadores-projeto_mottainai_6.jpg?w=600&amp;ssl=1 600w, https:\/\/i0.wp.com\/agrund.com\/wp-content\/uploads\/sites\/6\/2022\/12\/agrund-casa-criadores-projeto_mottainai_6.jpg?resize=240%2C300&amp;ssl=1 240w\" sizes=\"(max-width: 600px) 100vw, 600px\" data-recalc-dims=\"1\" \/><figcaption>51\u00aa Casa de Criadores :: As refer\u00eancias interiores do Projeto Mottainai<\/figcaption><\/figure><\/div>\n\n\n\n<p>Fotos: Divulga\u00e7\u00e3o\/ Marcelo Soubhia\/ @agfotosite.<\/p>\n","protected":false},"excerpt":{"rendered":"<p>Por Arlindo Grund e Lari Mariano. Pablo Monaquezi prop\u00f5e uma transpar\u00eancia interna ao trazer Circo das Ilus\u00f5es para a edi\u00e7\u00e3o 51 da Casa de Criadores. Para sua estreia nesta passarela, o estilista trouxe s\u00edmbolos pessoais, como o olho, que remete \u00e0 S\u00edndrome de Tourette, ou o le\u00e3o, seu signo. E, se s\u00edmbolos significam, \u00e9 verdade [&hellip;]<\/p>\n","protected":false},"author":8,"featured_media":226762,"comment_status":"open","ping_status":"open","sticky":false,"template":"","format":"standard","meta":{"jetpack_post_was_ever_published":false,"_jetpack_newsletter_access":"","jetpack_publicize_message":"","jetpack_is_tweetstorm":false,"jetpack_publicize_feature_enabled":true,"jetpack_social_post_already_shared":true,"jetpack_social_options":{"image_generator_settings":{"template":"highway","enabled":false}}},"categories":[9,2],"tags":[395,375,373,64,423,347,67,525,148,3468,424,862],"jetpack_publicize_connections":[],"jetpack_featured_media_url":"https:\/\/i0.wp.com\/agrund.com\/wp-content\/uploads\/sites\/6\/2022\/12\/ss-3.jpg?fit=960%2C300&ssl=1","jetpack_sharing_enabled":true,"jetpack_shortlink":"https:\/\/wp.me\/p3Hz0n-WZl","jetpack_likes_enabled":true,"_links":{"self":[{"href":"https:\/\/agrund.com\/index.php\/wp-json\/wp\/v2\/posts\/226755"}],"collection":[{"href":"https:\/\/agrund.com\/index.php\/wp-json\/wp\/v2\/posts"}],"about":[{"href":"https:\/\/agrund.com\/index.php\/wp-json\/wp\/v2\/types\/post"}],"author":[{"embeddable":true,"href":"https:\/\/agrund.com\/index.php\/wp-json\/wp\/v2\/users\/8"}],"replies":[{"embeddable":true,"href":"https:\/\/agrund.com\/index.php\/wp-json\/wp\/v2\/comments?post=226755"}],"version-history":[{"count":1,"href":"https:\/\/agrund.com\/index.php\/wp-json\/wp\/v2\/posts\/226755\/revisions"}],"predecessor-version":[{"id":226763,"href":"https:\/\/agrund.com\/index.php\/wp-json\/wp\/v2\/posts\/226755\/revisions\/226763"}],"wp:featuredmedia":[{"embeddable":true,"href":"https:\/\/agrund.com\/index.php\/wp-json\/wp\/v2\/media\/226762"}],"wp:attachment":[{"href":"https:\/\/agrund.com\/index.php\/wp-json\/wp\/v2\/media?parent=226755"}],"wp:term":[{"taxonomy":"category","embeddable":true,"href":"https:\/\/agrund.com\/index.php\/wp-json\/wp\/v2\/categories?post=226755"},{"taxonomy":"post_tag","embeddable":true,"href":"https:\/\/agrund.com\/index.php\/wp-json\/wp\/v2\/tags?post=226755"}],"curies":[{"name":"wp","href":"https:\/\/api.w.org\/{rel}","templated":true}]}}