{"id":226725,"date":"2022-12-05T16:00:00","date_gmt":"2022-12-05T19:00:00","guid":{"rendered":"https:\/\/agrund.com\/?p=226725"},"modified":"2022-12-05T15:06:52","modified_gmt":"2022-12-05T18:06:52","slug":"casa-de-criadores-confira-o-line-up-da-51a-edicao","status":"publish","type":"post","link":"https:\/\/agrund.com\/index.php\/casa-de-criadores-confira-o-line-up-da-51a-edicao\/","title":{"rendered":"Casa de Criadores :: Confira o line-up da 51\u00aa edi\u00e7\u00e3o"},"content":{"rendered":"\n<p>De hoje (05) at\u00e9 10 de dezembro, acontece a\u00a051\u00aa\u00a0edi\u00e7\u00e3o da Casa de Criadores que segue comemorando seus 25 anos. Ser\u00e3o 40 marcas independentes desfilando ao longo dos 6 dias no espa\u00e7o SuperLoft, na S\u00e9, centro hist\u00f3rico de S\u00e3o Paulo, e uma das grandes novidades desta edi\u00e7\u00e3o \u00e9 uma programa\u00e7\u00e3o de shows.<\/p>\n\n\n\n<p>O intuito do evento \u00e9 se firmar como um festival de express\u00f5es criativas e \u00e9 claro que a m\u00fasica n\u00e3o poderia ficar de fora. Todos os shows &#8211; abertos e gratuitos &#8211; acontecer\u00e3o a partir de quarta-feira (07) em um palco montado na Rua Roberto Simonsen (altura do n\u00famero 136), com curadoria do diretor criativo Dudx. Albert Magno e Bia Doxum se apresentam no dia 7, enquanto Podeserdesligado e Carlos do Complexo sobem ao palco no dia 08, e Kau\u00ea Guadajajara, Brisa Flow e Tulipa Ruiz fecham o festival no dia 09.<\/p>\n\n\n\n<p>Voltando \u00e0 programa\u00e7\u00e3o de desfiles, quem abre o evento \u00e9 o movimento Moda Com Verso e teremos oito estreias com as marcas Toca, Alastra, Guilherme Dutra (vencedor do 2\u00ba Desafio Sou de Algod\u00e3o + Casa de Criadores), Xyboia, Studio AH, Lourrane Baas, Cozonosan, Cynthia Mariah, Sim Sukeban, UMS 458 &#8211; LL e Projeto Mottainai. Al\u00e9m das primeiras apresenta\u00e7\u00f5es presenciais de Brocal, marca de Tulipa Ruiz, e Vittor Sinistra, que participaram&nbsp;digitalmente da \u00faltima edi\u00e7\u00e3o.<\/p>\n\n\n\n<p>O Agrund.com far\u00e1 a cobertura de todo o evento, ent\u00e3o se prepare para acompanhar aqui no site e no Instagram <a href=\"https:\/\/www.instagram.com\/arlindogrund\/\" target=\"_blank\" rel=\"noreferrer noopener\">@arlindogrund<\/a>. Clique <a href=\"https:\/\/casadecriadores.com.br\/\" target=\"_blank\" rel=\"noreferrer noopener\">AQUI<\/a> para ver todas as informa\u00e7\u00f5es do evento e confira o line-up de desfiles:<\/p>\n\n\n\n<p><strong>Dia 05 de dezembro:<\/strong><\/p>\n\n\n\n<p>Moda Com Verso<br>Martielo Toledo<br>Guma Joana<br>Projeto Mottainai<br>Diego F\u00e1varo<br>Studio Ellias Kaleb<\/p>\n\n\n\n<p><\/p>\n\n\n\n<p><strong>Dia 06 de dezembro:<\/strong><\/p>\n\n\n\n<p>Ken-g\u00e1 &#8211; Digital<\/p>\n\n\n\n<p><strong><em>PIM (Periferia Inventando Moda):<br><\/em><\/strong>Couto Store<br>Dellum<\/p>\n\n\n\n<p>Jorge Feitosa<br>Rafael Caetano<br>UMS 458 &#8211; LL<br>Viv\u00e3o<br>ATM Lab (Ateli\u00ea TRANsmoras)<\/p>\n\n\n\n<p><\/p>\n\n\n\n<p><strong>Dia 07 de dezembro:<\/strong><\/p>\n\n\n\n<p>Sim Sukeban &#8211; Digital<\/p>\n\n\n\n<p><strong><em>PIM (Periferia Inventando Moda):<br><\/em><\/strong>Volat<br>X-Brand<\/p>\n\n\n\n<p>Vou Assim Woolmay Mayden<br>Leandro Castro<br>M\u00f4nica Anjos<\/p>\n\n\n\n<p><\/p>\n\n\n\n<p><strong>Dia 08 de dezembro:<\/strong><\/p>\n\n\n\n<p><strong><em>Projeto Lab:<br><\/em><\/strong>Lourrani Baas &#8211; Digital<br>Cozonosan<br>Cynthia Mariah<br>Alexei<\/p>\n\n\n\n<p>Xyboia<br>Studio AH<br>fkwallyspunkculture<br>Est\u00fadio Tra\u00e7a<\/p>\n\n\n\n<p><\/p>\n\n\n\n<p><strong>Dia 09 de dezembro:<\/strong><\/p>\n\n\n\n<p>Trashrealoficial &#8211; Digital<\/p>\n\n\n\n<p><strong><em>Projeto Lab:<br><\/em><\/strong>Vittor Sinistra<br>Da Silva Santos Neves<\/p>\n\n\n\n<p>Brocal<br>Guilherme Dutra<br>Alastra<br>Rober Dognani<br>Nalimo<\/p>\n\n\n\n<p><\/p>\n\n\n\n<p><strong>Dia 10 de dezembro:<\/strong><\/p>\n\n\n\n<p>Toca<\/p>\n\n\n\n<p><\/p>\n\n\n\n<div class=\"wp-block-image\"><figure class=\"aligncenter size-full\"><img data-attachment-id=\"226727\" data-permalink=\"https:\/\/agrund.com\/index.php\/casa-de-criadores-confira-o-line-up-da-51a-edicao\/agrund-casa-criadores-2023\/\" data-orig-file=\"https:\/\/i0.wp.com\/agrund.com\/wp-content\/uploads\/sites\/6\/2022\/12\/agrund-casa-criadores-2023.jpg?fit=600%2C400&amp;ssl=1\" data-orig-size=\"600,400\" data-comments-opened=\"1\" data-image-meta=\"{&quot;aperture&quot;:&quot;0&quot;,&quot;credit&quot;:&quot;&quot;,&quot;camera&quot;:&quot;&quot;,&quot;caption&quot;:&quot;&quot;,&quot;created_timestamp&quot;:&quot;0&quot;,&quot;copyright&quot;:&quot;Marcelo Soubhia\\\/ @agfotosite&quot;,&quot;focal_length&quot;:&quot;0&quot;,&quot;iso&quot;:&quot;0&quot;,&quot;shutter_speed&quot;:&quot;0&quot;,&quot;title&quot;:&quot;&quot;,&quot;orientation&quot;:&quot;0&quot;}\" data-image-title=\"agrund-casa-criadores-2023\" data-image-description=\"\" data-image-caption=\"\" data-medium-file=\"https:\/\/i0.wp.com\/agrund.com\/wp-content\/uploads\/sites\/6\/2022\/12\/agrund-casa-criadores-2023.jpg?fit=300%2C200&amp;ssl=1\" data-large-file=\"https:\/\/i0.wp.com\/agrund.com\/wp-content\/uploads\/sites\/6\/2022\/12\/agrund-casa-criadores-2023.jpg?fit=600%2C400&amp;ssl=1\" decoding=\"async\" loading=\"lazy\" width=\"600\" height=\"400\" src=\"https:\/\/i0.wp.com\/agrund.com\/wp-content\/uploads\/sites\/6\/2022\/12\/agrund-casa-criadores-2023.jpg?resize=600%2C400&#038;ssl=1\" alt=\"\" class=\"wp-image-226727\" srcset=\"https:\/\/i0.wp.com\/agrund.com\/wp-content\/uploads\/sites\/6\/2022\/12\/agrund-casa-criadores-2023.jpg?w=600&amp;ssl=1 600w, https:\/\/i0.wp.com\/agrund.com\/wp-content\/uploads\/sites\/6\/2022\/12\/agrund-casa-criadores-2023.jpg?resize=300%2C200&amp;ssl=1 300w\" sizes=\"(max-width: 600px) 100vw, 600px\" data-recalc-dims=\"1\" \/><figcaption>Casa de Criadores :: Confira o line-up da 51\u00aa edi\u00e7\u00e3o<\/figcaption><\/figure><\/div>\n\n\n\n<p>Fotos: Reprodu\u00e7\u00e3o. <\/p>\n","protected":false},"excerpt":{"rendered":"<p>De hoje (05) at\u00e9 10 de dezembro, acontece a\u00a051\u00aa\u00a0edi\u00e7\u00e3o da Casa de Criadores que segue comemorando seus 25 anos. Ser\u00e3o 40 marcas independentes desfilando ao longo dos 6 dias no espa\u00e7o SuperLoft, na S\u00e9, centro hist\u00f3rico de S\u00e3o Paulo, e uma das grandes novidades desta edi\u00e7\u00e3o \u00e9 uma programa\u00e7\u00e3o de shows. O intuito do evento [&hellip;]<\/p>\n","protected":false},"author":8,"featured_media":226726,"comment_status":"open","ping_status":"open","sticky":false,"template":"","format":"standard","meta":{"jetpack_post_was_ever_published":false,"_jetpack_newsletter_access":"","jetpack_publicize_message":"","jetpack_is_tweetstorm":false,"jetpack_publicize_feature_enabled":true,"jetpack_social_post_already_shared":true,"jetpack_social_options":{"image_generator_settings":{"template":"highway","enabled":false}}},"categories":[9,2],"tags":[395,375,373,64,309,423,347,67,525,148,424,862],"jetpack_publicize_connections":[],"jetpack_featured_media_url":"https:\/\/i0.wp.com\/agrund.com\/wp-content\/uploads\/sites\/6\/2022\/12\/ss-1.jpg?fit=960%2C300&ssl=1","jetpack_sharing_enabled":true,"jetpack_shortlink":"https:\/\/wp.me\/p3Hz0n-WYR","jetpack_likes_enabled":true,"_links":{"self":[{"href":"https:\/\/agrund.com\/index.php\/wp-json\/wp\/v2\/posts\/226725"}],"collection":[{"href":"https:\/\/agrund.com\/index.php\/wp-json\/wp\/v2\/posts"}],"about":[{"href":"https:\/\/agrund.com\/index.php\/wp-json\/wp\/v2\/types\/post"}],"author":[{"embeddable":true,"href":"https:\/\/agrund.com\/index.php\/wp-json\/wp\/v2\/users\/8"}],"replies":[{"embeddable":true,"href":"https:\/\/agrund.com\/index.php\/wp-json\/wp\/v2\/comments?post=226725"}],"version-history":[{"count":1,"href":"https:\/\/agrund.com\/index.php\/wp-json\/wp\/v2\/posts\/226725\/revisions"}],"predecessor-version":[{"id":226728,"href":"https:\/\/agrund.com\/index.php\/wp-json\/wp\/v2\/posts\/226725\/revisions\/226728"}],"wp:featuredmedia":[{"embeddable":true,"href":"https:\/\/agrund.com\/index.php\/wp-json\/wp\/v2\/media\/226726"}],"wp:attachment":[{"href":"https:\/\/agrund.com\/index.php\/wp-json\/wp\/v2\/media?parent=226725"}],"wp:term":[{"taxonomy":"category","embeddable":true,"href":"https:\/\/agrund.com\/index.php\/wp-json\/wp\/v2\/categories?post=226725"},{"taxonomy":"post_tag","embeddable":true,"href":"https:\/\/agrund.com\/index.php\/wp-json\/wp\/v2\/tags?post=226725"}],"curies":[{"name":"wp","href":"https:\/\/api.w.org\/{rel}","templated":true}]}}