{"id":226711,"date":"2022-12-02T16:00:00","date_gmt":"2022-12-02T19:00:00","guid":{"rendered":"https:\/\/agrund.com\/?p=226711"},"modified":"2022-12-02T13:12:07","modified_gmt":"2022-12-02T16:12:07","slug":"joialerismo-expo-reune-expositores-de-todo-o-brasil","status":"publish","type":"post","link":"https:\/\/agrund.com\/index.php\/joialerismo-expo-reune-expositores-de-todo-o-brasil\/","title":{"rendered":"Joialerismo Expo re\u00fane expositores de todo o Brasil\u00a0"},"content":{"rendered":"\n<p>Com curadoria de Livi Pires, ourives, professora e diretora da Ebj (Escola Brasileira de Joalheria), a 12\u00aa edi\u00e7\u00e3o da Joialerismo Expo, reunir\u00e1 mais de 20 expositores de todo o Brasil amanh\u00e3, 3 de dezembro, em Botafogo, no Rio de Janeiro.<\/p>\n\n\n\n<p>\u201cValoriza\u00e7\u00e3o da produ\u00e7\u00e3o artesanal e consumo consciente est\u00e1 no DNA do Joialerismo Expo. Buscamos criar uma ponte entre o designer e o consumidor, uma conex\u00e3o que gere neg\u00f3cios al\u00e9m do dia do evento. Uma outra curiosidade \u00e9 que criamos o evento para fomentar a joalheira local carioca e surpreendentemente temos designers de outros estados participando e acreditando no projeto\u201d, explica Livi.<\/p>\n\n\n\n<p>Para quem n\u00e3o conhece, a Expo \u00e9 um grande encontro dedicado aos pequenos joalheiros do nosso pa\u00eds, com o prop\u00f3sito de incentivar novos talentos, apresentar as tend\u00eancias na \u00e1rea da joalheria e valorizar o setor no Brasil. E nesta edi\u00e7\u00e3o uma das grandes novidades \u00e9 o apoio da Milano Jewelry Week &#8211; Semana de Joias de Mil\u00e3o.<\/p>\n\n\n\n<p>Quem visitar o evento vai encontrar uma grande variedade de joias artesanais para mulheres e homens de todos os estilos e para todos os bolsos, como an\u00e9is, colares, pulseiras e brincos. Anote na sua agenda!<\/p>\n\n\n\n<p><em><strong>Servi\u00e7o:<\/strong><\/em><\/p>\n\n\n\n<p>Data: 03\/12<br>Hor\u00e1rio: Das 12h \u00e0s 21h<br>Local: Solar das Palmeiras &#8211;\u00a0<a rel=\"noreferrer noopener\" href=\"https:\/\/www.google.com\/maps\/search\/Rua+das+Palmeiras,+35+%E2%80%93+Botafogo,+RJ?entry=gmail&amp;source=g\" target=\"_blank\">Rua das Palmeiras, 35 \u2013 Botafogo, RJ<\/a><br>Mais informa\u00e7\u00f5es:\u00a0<a rel=\"noreferrer noopener\" href=\"https:\/\/www.expo.joialerismo.com.br\/home\" target=\"_blank\">https:\/\/www.expo.joialerismo.com.br\/home<\/a><br>Instagram:<a href=\"https:\/\/www.instagram.com\/joialerismo\/\" target=\"_blank\" rel=\"noreferrer noopener\"> @joialerismo<\/a><\/p>\n\n\n\n<div class=\"wp-block-image\"><figure class=\"aligncenter size-full\"><img data-attachment-id=\"226712\" data-permalink=\"https:\/\/agrund.com\/index.php\/joialerismo-expo-reune-expositores-de-todo-o-brasil\/agrund-joialerismo-expo-4\/\" data-orig-file=\"https:\/\/i0.wp.com\/agrund.com\/wp-content\/uploads\/sites\/6\/2022\/12\/agrund-joialerismo-Expo-4.jpg?fit=600%2C600&amp;ssl=1\" data-orig-size=\"600,600\" data-comments-opened=\"1\" data-image-meta=\"{&quot;aperture&quot;:&quot;0&quot;,&quot;credit&quot;:&quot;&quot;,&quot;camera&quot;:&quot;&quot;,&quot;caption&quot;:&quot;&quot;,&quot;created_timestamp&quot;:&quot;0&quot;,&quot;copyright&quot;:&quot;&quot;,&quot;focal_length&quot;:&quot;0&quot;,&quot;iso&quot;:&quot;0&quot;,&quot;shutter_speed&quot;:&quot;0&quot;,&quot;title&quot;:&quot;&quot;,&quot;orientation&quot;:&quot;0&quot;}\" data-image-title=\"agrund-joialerismo-Expo-4\" data-image-description=\"\" data-image-caption=\"\" data-medium-file=\"https:\/\/i0.wp.com\/agrund.com\/wp-content\/uploads\/sites\/6\/2022\/12\/agrund-joialerismo-Expo-4.jpg?fit=300%2C300&amp;ssl=1\" data-large-file=\"https:\/\/i0.wp.com\/agrund.com\/wp-content\/uploads\/sites\/6\/2022\/12\/agrund-joialerismo-Expo-4.jpg?fit=600%2C600&amp;ssl=1\" decoding=\"async\" loading=\"lazy\" width=\"600\" height=\"600\" src=\"https:\/\/i0.wp.com\/agrund.com\/wp-content\/uploads\/sites\/6\/2022\/12\/agrund-joialerismo-Expo-4.jpg?resize=600%2C600&#038;ssl=1\" alt=\"\" class=\"wp-image-226712\" srcset=\"https:\/\/i0.wp.com\/agrund.com\/wp-content\/uploads\/sites\/6\/2022\/12\/agrund-joialerismo-Expo-4.jpg?w=600&amp;ssl=1 600w, https:\/\/i0.wp.com\/agrund.com\/wp-content\/uploads\/sites\/6\/2022\/12\/agrund-joialerismo-Expo-4.jpg?resize=300%2C300&amp;ssl=1 300w, https:\/\/i0.wp.com\/agrund.com\/wp-content\/uploads\/sites\/6\/2022\/12\/agrund-joialerismo-Expo-4.jpg?resize=150%2C150&amp;ssl=1 150w\" sizes=\"(max-width: 600px) 100vw, 600px\" data-recalc-dims=\"1\" \/><figcaption>Joialerismo Expo re\u00fane expositores de todo o Brasil\u00a0<\/figcaption><\/figure><\/div>\n\n\n\n<div class=\"wp-block-image\"><figure class=\"aligncenter size-full\"><img data-attachment-id=\"226713\" data-permalink=\"https:\/\/agrund.com\/index.php\/joialerismo-expo-reune-expositores-de-todo-o-brasil\/agrund-joialerismo-expo-2\/\" data-orig-file=\"https:\/\/i0.wp.com\/agrund.com\/wp-content\/uploads\/sites\/6\/2022\/12\/agrund-joialerismo-Expo-2.jpeg?fit=600%2C400&amp;ssl=1\" data-orig-size=\"600,400\" data-comments-opened=\"1\" data-image-meta=\"{&quot;aperture&quot;:&quot;0&quot;,&quot;credit&quot;:&quot;&quot;,&quot;camera&quot;:&quot;&quot;,&quot;caption&quot;:&quot;&quot;,&quot;created_timestamp&quot;:&quot;0&quot;,&quot;copyright&quot;:&quot;&quot;,&quot;focal_length&quot;:&quot;0&quot;,&quot;iso&quot;:&quot;0&quot;,&quot;shutter_speed&quot;:&quot;0&quot;,&quot;title&quot;:&quot;&quot;,&quot;orientation&quot;:&quot;1&quot;}\" data-image-title=\"agrund-joialerismo-Expo-2\" data-image-description=\"\" data-image-caption=\"\" data-medium-file=\"https:\/\/i0.wp.com\/agrund.com\/wp-content\/uploads\/sites\/6\/2022\/12\/agrund-joialerismo-Expo-2.jpeg?fit=300%2C200&amp;ssl=1\" data-large-file=\"https:\/\/i0.wp.com\/agrund.com\/wp-content\/uploads\/sites\/6\/2022\/12\/agrund-joialerismo-Expo-2.jpeg?fit=600%2C400&amp;ssl=1\" decoding=\"async\" loading=\"lazy\" width=\"600\" height=\"400\" src=\"https:\/\/i0.wp.com\/agrund.com\/wp-content\/uploads\/sites\/6\/2022\/12\/agrund-joialerismo-Expo-2.jpeg?resize=600%2C400&#038;ssl=1\" alt=\"\" class=\"wp-image-226713\" srcset=\"https:\/\/i0.wp.com\/agrund.com\/wp-content\/uploads\/sites\/6\/2022\/12\/agrund-joialerismo-Expo-2.jpeg?w=600&amp;ssl=1 600w, https:\/\/i0.wp.com\/agrund.com\/wp-content\/uploads\/sites\/6\/2022\/12\/agrund-joialerismo-Expo-2.jpeg?resize=300%2C200&amp;ssl=1 300w\" sizes=\"(max-width: 600px) 100vw, 600px\" data-recalc-dims=\"1\" \/><figcaption>Joialerismo Expo re\u00fane expositores de todo o Brasil\u00a0<\/figcaption><\/figure><\/div>\n\n\n\n<div class=\"wp-block-image\"><figure class=\"aligncenter size-full\"><img data-attachment-id=\"226714\" data-permalink=\"https:\/\/agrund.com\/index.php\/joialerismo-expo-reune-expositores-de-todo-o-brasil\/agrund-joialerismo-expo-1\/\" data-orig-file=\"https:\/\/i0.wp.com\/agrund.com\/wp-content\/uploads\/sites\/6\/2022\/12\/agrund-joialerismo-Expo-1.jpeg?fit=600%2C900&amp;ssl=1\" data-orig-size=\"600,900\" data-comments-opened=\"1\" data-image-meta=\"{&quot;aperture&quot;:&quot;0&quot;,&quot;credit&quot;:&quot;&quot;,&quot;camera&quot;:&quot;&quot;,&quot;caption&quot;:&quot;&quot;,&quot;created_timestamp&quot;:&quot;0&quot;,&quot;copyright&quot;:&quot;&quot;,&quot;focal_length&quot;:&quot;0&quot;,&quot;iso&quot;:&quot;0&quot;,&quot;shutter_speed&quot;:&quot;0&quot;,&quot;title&quot;:&quot;&quot;,&quot;orientation&quot;:&quot;1&quot;}\" data-image-title=\"agrund-joialerismo-Expo-1\" data-image-description=\"\" data-image-caption=\"\" data-medium-file=\"https:\/\/i0.wp.com\/agrund.com\/wp-content\/uploads\/sites\/6\/2022\/12\/agrund-joialerismo-Expo-1.jpeg?fit=200%2C300&amp;ssl=1\" data-large-file=\"https:\/\/i0.wp.com\/agrund.com\/wp-content\/uploads\/sites\/6\/2022\/12\/agrund-joialerismo-Expo-1.jpeg?fit=600%2C900&amp;ssl=1\" decoding=\"async\" loading=\"lazy\" width=\"600\" height=\"900\" src=\"https:\/\/i0.wp.com\/agrund.com\/wp-content\/uploads\/sites\/6\/2022\/12\/agrund-joialerismo-Expo-1.jpeg?resize=600%2C900&#038;ssl=1\" alt=\"\" class=\"wp-image-226714\" srcset=\"https:\/\/i0.wp.com\/agrund.com\/wp-content\/uploads\/sites\/6\/2022\/12\/agrund-joialerismo-Expo-1.jpeg?w=600&amp;ssl=1 600w, https:\/\/i0.wp.com\/agrund.com\/wp-content\/uploads\/sites\/6\/2022\/12\/agrund-joialerismo-Expo-1.jpeg?resize=200%2C300&amp;ssl=1 200w\" sizes=\"(max-width: 600px) 100vw, 600px\" data-recalc-dims=\"1\" \/><figcaption>Joialerismo Expo re\u00fane expositores de todo o Brasil\u00a0<\/figcaption><\/figure><\/div>\n\n\n\n<div class=\"wp-block-image\"><figure class=\"aligncenter size-full\"><img data-attachment-id=\"226715\" data-permalink=\"https:\/\/agrund.com\/index.php\/joialerismo-expo-reune-expositores-de-todo-o-brasil\/agrund-joialerismo-expo-3\/\" data-orig-file=\"https:\/\/i0.wp.com\/agrund.com\/wp-content\/uploads\/sites\/6\/2022\/12\/agrund-joialerismo-Expo-3.jpeg?fit=600%2C400&amp;ssl=1\" data-orig-size=\"600,400\" data-comments-opened=\"1\" data-image-meta=\"{&quot;aperture&quot;:&quot;0&quot;,&quot;credit&quot;:&quot;&quot;,&quot;camera&quot;:&quot;&quot;,&quot;caption&quot;:&quot;&quot;,&quot;created_timestamp&quot;:&quot;0&quot;,&quot;copyright&quot;:&quot;&quot;,&quot;focal_length&quot;:&quot;0&quot;,&quot;iso&quot;:&quot;0&quot;,&quot;shutter_speed&quot;:&quot;0&quot;,&quot;title&quot;:&quot;&quot;,&quot;orientation&quot;:&quot;1&quot;}\" data-image-title=\"agrund-joialerismo-Expo-3\" data-image-description=\"\" data-image-caption=\"\" data-medium-file=\"https:\/\/i0.wp.com\/agrund.com\/wp-content\/uploads\/sites\/6\/2022\/12\/agrund-joialerismo-Expo-3.jpeg?fit=300%2C200&amp;ssl=1\" data-large-file=\"https:\/\/i0.wp.com\/agrund.com\/wp-content\/uploads\/sites\/6\/2022\/12\/agrund-joialerismo-Expo-3.jpeg?fit=600%2C400&amp;ssl=1\" decoding=\"async\" loading=\"lazy\" width=\"600\" height=\"400\" src=\"https:\/\/i0.wp.com\/agrund.com\/wp-content\/uploads\/sites\/6\/2022\/12\/agrund-joialerismo-Expo-3.jpeg?resize=600%2C400&#038;ssl=1\" alt=\"\" class=\"wp-image-226715\" srcset=\"https:\/\/i0.wp.com\/agrund.com\/wp-content\/uploads\/sites\/6\/2022\/12\/agrund-joialerismo-Expo-3.jpeg?w=600&amp;ssl=1 600w, https:\/\/i0.wp.com\/agrund.com\/wp-content\/uploads\/sites\/6\/2022\/12\/agrund-joialerismo-Expo-3.jpeg?resize=300%2C200&amp;ssl=1 300w\" sizes=\"(max-width: 600px) 100vw, 600px\" data-recalc-dims=\"1\" \/><figcaption>Joialerismo Expo re\u00fane expositores de todo o Brasil\u00a0<\/figcaption><\/figure><\/div>\n\n\n\n<p>Fotos: Divulga\u00e7\u00e3o. <\/p>\n","protected":false},"excerpt":{"rendered":"<p>Com curadoria de Livi Pires, ourives, professora e diretora da Ebj (Escola Brasileira de Joalheria), a 12\u00aa edi\u00e7\u00e3o da Joialerismo Expo, reunir\u00e1 mais de 20 expositores de todo o Brasil amanh\u00e3, 3 de dezembro, em Botafogo, no Rio de Janeiro. \u201cValoriza\u00e7\u00e3o da produ\u00e7\u00e3o artesanal e consumo consciente est\u00e1 no DNA do Joialerismo Expo. Buscamos criar [&hellip;]<\/p>\n","protected":false},"author":8,"featured_media":226716,"comment_status":"open","ping_status":"open","sticky":false,"template":"","format":"standard","meta":{"jetpack_post_was_ever_published":false,"_jetpack_newsletter_access":"","jetpack_publicize_message":"","jetpack_is_tweetstorm":false,"jetpack_publicize_feature_enabled":true,"jetpack_social_post_already_shared":true,"jetpack_social_options":{"image_generator_settings":{"template":"highway","enabled":false}}},"categories":[2],"tags":[395,375,423,347,400,3464,397,67,525,148,424,862],"jetpack_publicize_connections":[],"jetpack_featured_media_url":"https:\/\/i0.wp.com\/agrund.com\/wp-content\/uploads\/sites\/6\/2022\/12\/s-3.jpg?fit=960%2C300&ssl=1","jetpack_sharing_enabled":true,"jetpack_shortlink":"https:\/\/wp.me\/p3Hz0n-WYD","jetpack_likes_enabled":true,"_links":{"self":[{"href":"https:\/\/agrund.com\/index.php\/wp-json\/wp\/v2\/posts\/226711"}],"collection":[{"href":"https:\/\/agrund.com\/index.php\/wp-json\/wp\/v2\/posts"}],"about":[{"href":"https:\/\/agrund.com\/index.php\/wp-json\/wp\/v2\/types\/post"}],"author":[{"embeddable":true,"href":"https:\/\/agrund.com\/index.php\/wp-json\/wp\/v2\/users\/8"}],"replies":[{"embeddable":true,"href":"https:\/\/agrund.com\/index.php\/wp-json\/wp\/v2\/comments?post=226711"}],"version-history":[{"count":1,"href":"https:\/\/agrund.com\/index.php\/wp-json\/wp\/v2\/posts\/226711\/revisions"}],"predecessor-version":[{"id":226717,"href":"https:\/\/agrund.com\/index.php\/wp-json\/wp\/v2\/posts\/226711\/revisions\/226717"}],"wp:featuredmedia":[{"embeddable":true,"href":"https:\/\/agrund.com\/index.php\/wp-json\/wp\/v2\/media\/226716"}],"wp:attachment":[{"href":"https:\/\/agrund.com\/index.php\/wp-json\/wp\/v2\/media?parent=226711"}],"wp:term":[{"taxonomy":"category","embeddable":true,"href":"https:\/\/agrund.com\/index.php\/wp-json\/wp\/v2\/categories?post=226711"},{"taxonomy":"post_tag","embeddable":true,"href":"https:\/\/agrund.com\/index.php\/wp-json\/wp\/v2\/tags?post=226711"}],"curies":[{"name":"wp","href":"https:\/\/api.w.org\/{rel}","templated":true}]}}