{"id":226705,"date":"2022-12-02T13:00:00","date_gmt":"2022-12-02T16:00:00","guid":{"rendered":"https:\/\/agrund.com\/?p=226705"},"modified":"2022-12-02T11:53:39","modified_gmt":"2022-12-02T14:53:39","slug":"os-looks-de-marina-ruy-barbosa-no-festival-internacional-de-cinema-do-mar-vermelho","status":"publish","type":"post","link":"https:\/\/agrund.com\/index.php\/os-looks-de-marina-ruy-barbosa-no-festival-internacional-de-cinema-do-mar-vermelho\/","title":{"rendered":"Os looks de Marina Ruy Barbosa no Festival Internacional de Cinema do Mar Vermelho"},"content":{"rendered":"\n<p>Celebridades, fashionistas e filantropos de todo o mundo se reuniram na noite de ontem (02) para o in\u00edcio do Red Sea International Film Festival (Festival de Cinema do Mar Vermelho), em Jeddah, na Ar\u00e1bia Saudita, e Marina Ruy Barbosa foi a \u00fanica brasileira que esteve entre a seleta lista de convidados.<\/p>\n\n\n\n<p>A atriz cruzou o tapete vermelho em um bel\u00edssimo vestido magenta da cole\u00e7\u00e3o Couture FW22 de Giambattista Valli, e sapatos plataforma pretos com amarra\u00e7\u00e3o na perna de Alexandre Vauthier. Em um s\u00f3 look Marina conseguiu unir diversas tend\u00eancias atuais, como os babados e volumes do vestido, os sapatos com refer\u00eancia \u00e0s sapatilhas de bailarina, e a cor magenta, que curiosamente, horas depois de sua apari\u00e7\u00e3o, foi anunciada como a cor do ano pela Pantone (reveja AQUI).<\/p>\n\n\n\n<p>J\u00e1 na festa de abertura do festival, que aconteceu no Festival Garden, Marina optou por um vestido branco, tamb\u00e9m da cole\u00e7\u00e3o Couture de Giambattista Valli, s\u00f3 que agora com uma modelagem mais minimalista, recortes e detalhes bordados no busto, e plumas na barra.<\/p>\n\n\n\n<p>Qual \u00e9 o seu look favorito?<\/p>\n\n\n\n<div class=\"wp-block-image\"><figure class=\"aligncenter size-full\"><img data-attachment-id=\"226707\" data-permalink=\"https:\/\/agrund.com\/index.php\/os-looks-de-marina-ruy-barbosa-no-festival-internacional-de-cinema-do-mar-vermelho\/agrund-marina-ruy-barbosa-festival-cinema-mar-vermelho-1\/\" data-orig-file=\"https:\/\/i0.wp.com\/agrund.com\/wp-content\/uploads\/sites\/6\/2022\/12\/agrund-marina-ruy-barbosa-festival-cinema-mar-vermelho-1.jpg?fit=600%2C951&amp;ssl=1\" data-orig-size=\"600,951\" data-comments-opened=\"1\" data-image-meta=\"{&quot;aperture&quot;:&quot;0&quot;,&quot;credit&quot;:&quot;&quot;,&quot;camera&quot;:&quot;&quot;,&quot;caption&quot;:&quot;&quot;,&quot;created_timestamp&quot;:&quot;1669919176&quot;,&quot;copyright&quot;:&quot;&quot;,&quot;focal_length&quot;:&quot;0&quot;,&quot;iso&quot;:&quot;0&quot;,&quot;shutter_speed&quot;:&quot;0&quot;,&quot;title&quot;:&quot;&quot;,&quot;orientation&quot;:&quot;1&quot;}\" data-image-title=\"agrund-marina-ruy-barbosa-festival-cinema-mar-vermelho-1\" data-image-description=\"\" data-image-caption=\"\" data-medium-file=\"https:\/\/i0.wp.com\/agrund.com\/wp-content\/uploads\/sites\/6\/2022\/12\/agrund-marina-ruy-barbosa-festival-cinema-mar-vermelho-1.jpg?fit=189%2C300&amp;ssl=1\" data-large-file=\"https:\/\/i0.wp.com\/agrund.com\/wp-content\/uploads\/sites\/6\/2022\/12\/agrund-marina-ruy-barbosa-festival-cinema-mar-vermelho-1.jpg?fit=600%2C951&amp;ssl=1\" decoding=\"async\" loading=\"lazy\" width=\"600\" height=\"951\" src=\"https:\/\/i0.wp.com\/agrund.com\/wp-content\/uploads\/sites\/6\/2022\/12\/agrund-marina-ruy-barbosa-festival-cinema-mar-vermelho-1.jpg?resize=600%2C951&#038;ssl=1\" alt=\"\" class=\"wp-image-226707\" srcset=\"https:\/\/i0.wp.com\/agrund.com\/wp-content\/uploads\/sites\/6\/2022\/12\/agrund-marina-ruy-barbosa-festival-cinema-mar-vermelho-1.jpg?w=600&amp;ssl=1 600w, https:\/\/i0.wp.com\/agrund.com\/wp-content\/uploads\/sites\/6\/2022\/12\/agrund-marina-ruy-barbosa-festival-cinema-mar-vermelho-1.jpg?resize=189%2C300&amp;ssl=1 189w\" sizes=\"(max-width: 600px) 100vw, 600px\" data-recalc-dims=\"1\" \/><figcaption>Os looks de Marina Ruy Barbosa no Festival Internacional de Cinema do Mar Vermelho<\/figcaption><\/figure><\/div>\n\n\n\n<div class=\"wp-block-image\"><figure class=\"aligncenter size-full\"><img data-attachment-id=\"226708\" data-permalink=\"https:\/\/agrund.com\/index.php\/os-looks-de-marina-ruy-barbosa-no-festival-internacional-de-cinema-do-mar-vermelho\/agrund-marina-ruy-barbosa-festival-cinema-mar-vermelho-2\/\" data-orig-file=\"https:\/\/i0.wp.com\/agrund.com\/wp-content\/uploads\/sites\/6\/2022\/12\/agrund-marina-ruy-barbosa-festival-cinema-mar-vermelho-2.jpg?fit=600%2C937&amp;ssl=1\" data-orig-size=\"600,937\" data-comments-opened=\"1\" data-image-meta=\"{&quot;aperture&quot;:&quot;0&quot;,&quot;credit&quot;:&quot;&quot;,&quot;camera&quot;:&quot;&quot;,&quot;caption&quot;:&quot;&quot;,&quot;created_timestamp&quot;:&quot;1669919395&quot;,&quot;copyright&quot;:&quot;&quot;,&quot;focal_length&quot;:&quot;0&quot;,&quot;iso&quot;:&quot;0&quot;,&quot;shutter_speed&quot;:&quot;0&quot;,&quot;title&quot;:&quot;&quot;,&quot;orientation&quot;:&quot;1&quot;}\" data-image-title=\"agrund-marina-ruy-barbosa-festival-cinema-mar-vermelho-2\" data-image-description=\"\" data-image-caption=\"\" data-medium-file=\"https:\/\/i0.wp.com\/agrund.com\/wp-content\/uploads\/sites\/6\/2022\/12\/agrund-marina-ruy-barbosa-festival-cinema-mar-vermelho-2.jpg?fit=192%2C300&amp;ssl=1\" data-large-file=\"https:\/\/i0.wp.com\/agrund.com\/wp-content\/uploads\/sites\/6\/2022\/12\/agrund-marina-ruy-barbosa-festival-cinema-mar-vermelho-2.jpg?fit=600%2C937&amp;ssl=1\" decoding=\"async\" loading=\"lazy\" width=\"600\" height=\"937\" src=\"https:\/\/i0.wp.com\/agrund.com\/wp-content\/uploads\/sites\/6\/2022\/12\/agrund-marina-ruy-barbosa-festival-cinema-mar-vermelho-2.jpg?resize=600%2C937&#038;ssl=1\" alt=\"\" class=\"wp-image-226708\" srcset=\"https:\/\/i0.wp.com\/agrund.com\/wp-content\/uploads\/sites\/6\/2022\/12\/agrund-marina-ruy-barbosa-festival-cinema-mar-vermelho-2.jpg?w=600&amp;ssl=1 600w, https:\/\/i0.wp.com\/agrund.com\/wp-content\/uploads\/sites\/6\/2022\/12\/agrund-marina-ruy-barbosa-festival-cinema-mar-vermelho-2.jpg?resize=192%2C300&amp;ssl=1 192w\" sizes=\"(max-width: 600px) 100vw, 600px\" data-recalc-dims=\"1\" \/><figcaption>Os looks de Marina Ruy Barbosa no Festival Internacional de Cinema do Mar Vermelho<\/figcaption><\/figure><\/div>\n\n\n\n<div class=\"wp-block-image\"><figure class=\"aligncenter size-full\"><img data-attachment-id=\"226709\" data-permalink=\"https:\/\/agrund.com\/index.php\/os-looks-de-marina-ruy-barbosa-no-festival-internacional-de-cinema-do-mar-vermelho\/agrund-marina-ruy-barbosa-festival-cinema-mar-vermelho-3\/\" data-orig-file=\"https:\/\/i0.wp.com\/agrund.com\/wp-content\/uploads\/sites\/6\/2022\/12\/agrund-marina-ruy-barbosa-festival-cinema-mar-vermelho-3.jpg?fit=600%2C816&amp;ssl=1\" data-orig-size=\"600,816\" data-comments-opened=\"1\" data-image-meta=\"{&quot;aperture&quot;:&quot;0&quot;,&quot;credit&quot;:&quot;&quot;,&quot;camera&quot;:&quot;&quot;,&quot;caption&quot;:&quot;&quot;,&quot;created_timestamp&quot;:&quot;1669987232&quot;,&quot;copyright&quot;:&quot;&quot;,&quot;focal_length&quot;:&quot;0&quot;,&quot;iso&quot;:&quot;0&quot;,&quot;shutter_speed&quot;:&quot;0&quot;,&quot;title&quot;:&quot;&quot;,&quot;orientation&quot;:&quot;1&quot;}\" data-image-title=\"agrund-marina-ruy-barbosa-festival-cinema-mar-vermelho-3\" data-image-description=\"\" data-image-caption=\"\" data-medium-file=\"https:\/\/i0.wp.com\/agrund.com\/wp-content\/uploads\/sites\/6\/2022\/12\/agrund-marina-ruy-barbosa-festival-cinema-mar-vermelho-3.jpg?fit=221%2C300&amp;ssl=1\" data-large-file=\"https:\/\/i0.wp.com\/agrund.com\/wp-content\/uploads\/sites\/6\/2022\/12\/agrund-marina-ruy-barbosa-festival-cinema-mar-vermelho-3.jpg?fit=600%2C816&amp;ssl=1\" decoding=\"async\" loading=\"lazy\" width=\"600\" height=\"816\" src=\"https:\/\/i0.wp.com\/agrund.com\/wp-content\/uploads\/sites\/6\/2022\/12\/agrund-marina-ruy-barbosa-festival-cinema-mar-vermelho-3.jpg?resize=600%2C816&#038;ssl=1\" alt=\"\" class=\"wp-image-226709\" srcset=\"https:\/\/i0.wp.com\/agrund.com\/wp-content\/uploads\/sites\/6\/2022\/12\/agrund-marina-ruy-barbosa-festival-cinema-mar-vermelho-3.jpg?w=600&amp;ssl=1 600w, https:\/\/i0.wp.com\/agrund.com\/wp-content\/uploads\/sites\/6\/2022\/12\/agrund-marina-ruy-barbosa-festival-cinema-mar-vermelho-3.jpg?resize=221%2C300&amp;ssl=1 221w\" sizes=\"(max-width: 600px) 100vw, 600px\" data-recalc-dims=\"1\" \/><figcaption>Os looks de Marina Ruy Barbosa no Festival Internacional de Cinema do Mar Vermelho<\/figcaption><\/figure><\/div>\n\n\n\n<p>Fotos: Divulga\u00e7\u00e3o\/ Getty Images.&nbsp;<\/p>\n","protected":false},"excerpt":{"rendered":"<p>Celebridades, fashionistas e filantropos de todo o mundo se reuniram na noite de ontem (02) para o in\u00edcio do Red Sea International Film Festival (Festival de Cinema do Mar Vermelho), em Jeddah, na Ar\u00e1bia Saudita, e Marina Ruy Barbosa foi a \u00fanica brasileira que esteve entre a seleta lista de convidados. A atriz cruzou o [&hellip;]<\/p>\n","protected":false},"author":8,"featured_media":226706,"comment_status":"open","ping_status":"open","sticky":false,"template":"","format":"standard","meta":{"jetpack_post_was_ever_published":false,"_jetpack_newsletter_access":"","jetpack_publicize_message":"","jetpack_is_tweetstorm":false,"jetpack_publicize_feature_enabled":true,"jetpack_social_post_already_shared":true,"jetpack_social_options":{"image_generator_settings":{"template":"highway","enabled":false}}},"categories":[2],"tags":[395,375,423,347,3463,1103,67,525,148,424,862],"jetpack_publicize_connections":[],"jetpack_featured_media_url":"https:\/\/i0.wp.com\/agrund.com\/wp-content\/uploads\/sites\/6\/2022\/12\/ss.jpg?fit=960%2C300&ssl=1","jetpack_sharing_enabled":true,"jetpack_shortlink":"https:\/\/wp.me\/p3Hz0n-WYx","jetpack_likes_enabled":true,"_links":{"self":[{"href":"https:\/\/agrund.com\/index.php\/wp-json\/wp\/v2\/posts\/226705"}],"collection":[{"href":"https:\/\/agrund.com\/index.php\/wp-json\/wp\/v2\/posts"}],"about":[{"href":"https:\/\/agrund.com\/index.php\/wp-json\/wp\/v2\/types\/post"}],"author":[{"embeddable":true,"href":"https:\/\/agrund.com\/index.php\/wp-json\/wp\/v2\/users\/8"}],"replies":[{"embeddable":true,"href":"https:\/\/agrund.com\/index.php\/wp-json\/wp\/v2\/comments?post=226705"}],"version-history":[{"count":1,"href":"https:\/\/agrund.com\/index.php\/wp-json\/wp\/v2\/posts\/226705\/revisions"}],"predecessor-version":[{"id":226710,"href":"https:\/\/agrund.com\/index.php\/wp-json\/wp\/v2\/posts\/226705\/revisions\/226710"}],"wp:featuredmedia":[{"embeddable":true,"href":"https:\/\/agrund.com\/index.php\/wp-json\/wp\/v2\/media\/226706"}],"wp:attachment":[{"href":"https:\/\/agrund.com\/index.php\/wp-json\/wp\/v2\/media?parent=226705"}],"wp:term":[{"taxonomy":"category","embeddable":true,"href":"https:\/\/agrund.com\/index.php\/wp-json\/wp\/v2\/categories?post=226705"},{"taxonomy":"post_tag","embeddable":true,"href":"https:\/\/agrund.com\/index.php\/wp-json\/wp\/v2\/tags?post=226705"}],"curies":[{"name":"wp","href":"https:\/\/api.w.org\/{rel}","templated":true}]}}