{"id":226700,"date":"2022-12-02T11:00:00","date_gmt":"2022-12-02T14:00:00","guid":{"rendered":"https:\/\/agrund.com\/?p=226700"},"modified":"2022-12-02T10:58:44","modified_gmt":"2022-12-02T13:58:44","slug":"pantone-anuncia-viva-magenta-como-a-cor-de-2023","status":"publish","type":"post","link":"https:\/\/agrund.com\/index.php\/pantone-anuncia-viva-magenta-como-a-cor-de-2023\/","title":{"rendered":"Pantone anuncia &#8216;Viva Magenta&#8217; como a cor de 2023"},"content":{"rendered":"\n<p>Depois do roxo &#8216;Very Peri&#8217;, chegou a hora de abrir espa\u00e7o para a chegada de um vermelho. \u00c9 que a Pantone acaba de revelar o tom &#8216;Viva Magenta&#8217; como a cor do ano de 2023!<\/p>\n\n\n\n<p>&#8220;Vibrando com energia e vigor, uma sombra enraizada na natureza descendente da fam\u00edlia vermelha, demonstrando um novo sinal de for\u00e7a&#8221;, descreveu a empresa.<\/p>\n\n\n\n<p>Considerado um equil\u00edbrio entre o quente e o frio, o tom de vermelho carmesim do PANTONE 18-1750 \u00e9 pulsante, promovendo coragem, otimismo e alegria ap\u00f3s o per\u00eddo dif\u00edcil enfrentado por todos nos \u00faltimos anos. Ele \u00e9 audacioso, espirituoso e inclusivo, que promete se identificar com todos que t\u00eam o mesmo esp\u00edrito rebelde.<\/p>\n\n\n\n<p>A pesquisa de tend\u00eancias ainda o descreve como &#8220;um vermelho animado que encoraja a experimenta\u00e7\u00e3o e a autoexpress\u00e3o sem restri\u00e7\u00f5es&#8221;, al\u00e9m de afirmar que ele \u00e9 uma cor h\u00edbrida que combina com o f\u00edsico e o virtual, refletindo o mundo de hoje.<\/p>\n\n\n\n<p>E a\u00ed, gostou da Viva Magenta?<\/p>\n\n\n\n<div class=\"wp-block-image\"><figure class=\"aligncenter size-full\"><img data-attachment-id=\"226701\" data-permalink=\"https:\/\/agrund.com\/index.php\/pantone-anuncia-viva-magenta-como-a-cor-de-2023\/agrund-pantone-viva-magenta-2023-2\/\" data-orig-file=\"https:\/\/i0.wp.com\/agrund.com\/wp-content\/uploads\/sites\/6\/2022\/12\/agrund-pantone-viva-magenta-2023-2.jpg?fit=600%2C375&amp;ssl=1\" data-orig-size=\"600,375\" data-comments-opened=\"1\" data-image-meta=\"{&quot;aperture&quot;:&quot;0&quot;,&quot;credit&quot;:&quot;&quot;,&quot;camera&quot;:&quot;&quot;,&quot;caption&quot;:&quot;&quot;,&quot;created_timestamp&quot;:&quot;0&quot;,&quot;copyright&quot;:&quot;&quot;,&quot;focal_length&quot;:&quot;0&quot;,&quot;iso&quot;:&quot;0&quot;,&quot;shutter_speed&quot;:&quot;0&quot;,&quot;title&quot;:&quot;&quot;,&quot;orientation&quot;:&quot;0&quot;}\" data-image-title=\"agrund-pantone-viva-magenta-2023-2\" data-image-description=\"\" data-image-caption=\"\" data-medium-file=\"https:\/\/i0.wp.com\/agrund.com\/wp-content\/uploads\/sites\/6\/2022\/12\/agrund-pantone-viva-magenta-2023-2.jpg?fit=300%2C188&amp;ssl=1\" data-large-file=\"https:\/\/i0.wp.com\/agrund.com\/wp-content\/uploads\/sites\/6\/2022\/12\/agrund-pantone-viva-magenta-2023-2.jpg?fit=600%2C375&amp;ssl=1\" decoding=\"async\" loading=\"lazy\" width=\"600\" height=\"375\" src=\"https:\/\/i0.wp.com\/agrund.com\/wp-content\/uploads\/sites\/6\/2022\/12\/agrund-pantone-viva-magenta-2023-2.jpg?resize=600%2C375&#038;ssl=1\" alt=\"\" class=\"wp-image-226701\" srcset=\"https:\/\/i0.wp.com\/agrund.com\/wp-content\/uploads\/sites\/6\/2022\/12\/agrund-pantone-viva-magenta-2023-2.jpg?w=600&amp;ssl=1 600w, https:\/\/i0.wp.com\/agrund.com\/wp-content\/uploads\/sites\/6\/2022\/12\/agrund-pantone-viva-magenta-2023-2.jpg?resize=300%2C188&amp;ssl=1 300w\" sizes=\"(max-width: 600px) 100vw, 600px\" data-recalc-dims=\"1\" \/><figcaption>Pantone anuncia &#8216;Viva Magenta&#8217; como a cor de 2023<\/figcaption><\/figure><\/div>\n\n\n\n<div class=\"wp-block-image\"><figure class=\"aligncenter size-full\"><img data-attachment-id=\"226702\" data-permalink=\"https:\/\/agrund.com\/index.php\/pantone-anuncia-viva-magenta-como-a-cor-de-2023\/agrund-pantone-viva-magenta-2023-1\/\" data-orig-file=\"https:\/\/i0.wp.com\/agrund.com\/wp-content\/uploads\/sites\/6\/2022\/12\/agrund-pantone-viva-magenta-2023-1.jpeg?fit=600%2C900&amp;ssl=1\" data-orig-size=\"600,900\" data-comments-opened=\"1\" data-image-meta=\"{&quot;aperture&quot;:&quot;0&quot;,&quot;credit&quot;:&quot;&quot;,&quot;camera&quot;:&quot;&quot;,&quot;caption&quot;:&quot;&quot;,&quot;created_timestamp&quot;:&quot;0&quot;,&quot;copyright&quot;:&quot;&quot;,&quot;focal_length&quot;:&quot;0&quot;,&quot;iso&quot;:&quot;0&quot;,&quot;shutter_speed&quot;:&quot;0&quot;,&quot;title&quot;:&quot;&quot;,&quot;orientation&quot;:&quot;0&quot;}\" data-image-title=\"agrund-pantone-viva-magenta-2023-1\" data-image-description=\"\" data-image-caption=\"\" data-medium-file=\"https:\/\/i0.wp.com\/agrund.com\/wp-content\/uploads\/sites\/6\/2022\/12\/agrund-pantone-viva-magenta-2023-1.jpeg?fit=200%2C300&amp;ssl=1\" data-large-file=\"https:\/\/i0.wp.com\/agrund.com\/wp-content\/uploads\/sites\/6\/2022\/12\/agrund-pantone-viva-magenta-2023-1.jpeg?fit=600%2C900&amp;ssl=1\" decoding=\"async\" loading=\"lazy\" width=\"600\" height=\"900\" src=\"https:\/\/i0.wp.com\/agrund.com\/wp-content\/uploads\/sites\/6\/2022\/12\/agrund-pantone-viva-magenta-2023-1.jpeg?resize=600%2C900&#038;ssl=1\" alt=\"\" class=\"wp-image-226702\" srcset=\"https:\/\/i0.wp.com\/agrund.com\/wp-content\/uploads\/sites\/6\/2022\/12\/agrund-pantone-viva-magenta-2023-1.jpeg?w=600&amp;ssl=1 600w, https:\/\/i0.wp.com\/agrund.com\/wp-content\/uploads\/sites\/6\/2022\/12\/agrund-pantone-viva-magenta-2023-1.jpeg?resize=200%2C300&amp;ssl=1 200w\" sizes=\"(max-width: 600px) 100vw, 600px\" data-recalc-dims=\"1\" \/><figcaption>Pantone anuncia &#8216;Viva Magenta&#8217; como a cor de 2023<\/figcaption><\/figure><\/div>\n\n\n\n<p>Fotos: Reprodu\u00e7\u00e3o\/ Pantone. <\/p>\n","protected":false},"excerpt":{"rendered":"<p>Depois do roxo &#8216;Very Peri&#8217;, chegou a hora de abrir espa\u00e7o para a chegada de um vermelho. \u00c9 que a Pantone acaba de revelar o tom &#8216;Viva Magenta&#8217; como a cor do ano de 2023! &#8220;Vibrando com energia e vigor, uma sombra enraizada na natureza descendente da fam\u00edlia vermelha, demonstrando um novo sinal de for\u00e7a&#8221;, [&hellip;]<\/p>\n","protected":false},"author":8,"featured_media":226703,"comment_status":"open","ping_status":"open","sticky":false,"template":"","format":"standard","meta":{"jetpack_post_was_ever_published":false,"_jetpack_newsletter_access":"","jetpack_publicize_message":"","jetpack_is_tweetstorm":false,"jetpack_publicize_feature_enabled":true,"jetpack_social_post_already_shared":true,"jetpack_social_options":{"image_generator_settings":{"template":"highway","enabled":false}}},"categories":[2],"tags":[395,375,3461,1179,423,347,67,525,148,954,424,3462,862],"jetpack_publicize_connections":[],"jetpack_featured_media_url":"https:\/\/i0.wp.com\/agrund.com\/wp-content\/uploads\/sites\/6\/2022\/12\/s-2.jpg?fit=960%2C300&ssl=1","jetpack_sharing_enabled":true,"jetpack_shortlink":"https:\/\/wp.me\/p3Hz0n-WYs","jetpack_likes_enabled":true,"_links":{"self":[{"href":"https:\/\/agrund.com\/index.php\/wp-json\/wp\/v2\/posts\/226700"}],"collection":[{"href":"https:\/\/agrund.com\/index.php\/wp-json\/wp\/v2\/posts"}],"about":[{"href":"https:\/\/agrund.com\/index.php\/wp-json\/wp\/v2\/types\/post"}],"author":[{"embeddable":true,"href":"https:\/\/agrund.com\/index.php\/wp-json\/wp\/v2\/users\/8"}],"replies":[{"embeddable":true,"href":"https:\/\/agrund.com\/index.php\/wp-json\/wp\/v2\/comments?post=226700"}],"version-history":[{"count":1,"href":"https:\/\/agrund.com\/index.php\/wp-json\/wp\/v2\/posts\/226700\/revisions"}],"predecessor-version":[{"id":226704,"href":"https:\/\/agrund.com\/index.php\/wp-json\/wp\/v2\/posts\/226700\/revisions\/226704"}],"wp:featuredmedia":[{"embeddable":true,"href":"https:\/\/agrund.com\/index.php\/wp-json\/wp\/v2\/media\/226703"}],"wp:attachment":[{"href":"https:\/\/agrund.com\/index.php\/wp-json\/wp\/v2\/media?parent=226700"}],"wp:term":[{"taxonomy":"category","embeddable":true,"href":"https:\/\/agrund.com\/index.php\/wp-json\/wp\/v2\/categories?post=226700"},{"taxonomy":"post_tag","embeddable":true,"href":"https:\/\/agrund.com\/index.php\/wp-json\/wp\/v2\/tags?post=226700"}],"curies":[{"name":"wp","href":"https:\/\/api.w.org\/{rel}","templated":true}]}}