{"id":226692,"date":"2022-12-01T17:00:00","date_gmt":"2022-12-01T20:00:00","guid":{"rendered":"https:\/\/agrund.com\/?p=226692"},"modified":"2022-12-01T16:02:19","modified_gmt":"2022-12-01T19:02:19","slug":"louis-vuitton-confirma-nova-parceria-com-yayoi-kusama","status":"publish","type":"post","link":"https:\/\/agrund.com\/index.php\/louis-vuitton-confirma-nova-parceria-com-yayoi-kusama\/","title":{"rendered":"Louis Vuitton confirma nova parceria com Yayoi Kusama\u00a0"},"content":{"rendered":"\n<p>\u00c9 real! Depois de 10 anos, a Louis Vuitton vai repetir sua parceria de sucesso com a artista Yayoi Kusama.<\/p>\n\n\n\n<p>O an\u00fancio contou com uma s\u00e9rie de apresenta\u00e7\u00f5es virtuais, tel\u00f5es e outdoors em T\u00f3quio, que revelaram as bolinhas coloridas da artista dominando os produtos da LV.<\/p>\n\n\n\n<p>Quem estava atento e acompanhou o desfile Cruise 2023 da Louis Vuitton pode ver os primeiros acess\u00f3rios reimaginados por Kusama para essa nova collab.<\/p>\n\n\n\n<p>Gostou da novidade? Ent\u00e3o j\u00e1 pode come\u00e7ar a fazer a contagem regressiva, pois a cole\u00e7\u00e3o completa ser\u00e1 revelada em janeiro de 2023. Confira as primeiras imagens divulgadas:<\/p>\n\n\n\n<div class=\"wp-block-image\"><figure class=\"aligncenter size-full\"><img data-attachment-id=\"226693\" data-permalink=\"https:\/\/agrund.com\/index.php\/louis-vuitton-confirma-nova-parceria-com-yayoi-kusama\/agrund-louis-vuitton-yayoi-kusama-1\/\" data-orig-file=\"https:\/\/i0.wp.com\/agrund.com\/wp-content\/uploads\/sites\/6\/2022\/12\/agrund-louis-vuitton-Yayoi-Kusama-1.jpg?fit=600%2C752&amp;ssl=1\" data-orig-size=\"600,752\" data-comments-opened=\"1\" data-image-meta=\"{&quot;aperture&quot;:&quot;0&quot;,&quot;credit&quot;:&quot;&quot;,&quot;camera&quot;:&quot;&quot;,&quot;caption&quot;:&quot;&quot;,&quot;created_timestamp&quot;:&quot;0&quot;,&quot;copyright&quot;:&quot;&quot;,&quot;focal_length&quot;:&quot;0&quot;,&quot;iso&quot;:&quot;0&quot;,&quot;shutter_speed&quot;:&quot;0&quot;,&quot;title&quot;:&quot;&quot;,&quot;orientation&quot;:&quot;0&quot;}\" data-image-title=\"agrund-louis-vuitton-Yayoi-Kusama-1\" data-image-description=\"\" data-image-caption=\"\" data-medium-file=\"https:\/\/i0.wp.com\/agrund.com\/wp-content\/uploads\/sites\/6\/2022\/12\/agrund-louis-vuitton-Yayoi-Kusama-1.jpg?fit=239%2C300&amp;ssl=1\" data-large-file=\"https:\/\/i0.wp.com\/agrund.com\/wp-content\/uploads\/sites\/6\/2022\/12\/agrund-louis-vuitton-Yayoi-Kusama-1.jpg?fit=600%2C752&amp;ssl=1\" decoding=\"async\" loading=\"lazy\" width=\"600\" height=\"752\" src=\"https:\/\/i0.wp.com\/agrund.com\/wp-content\/uploads\/sites\/6\/2022\/12\/agrund-louis-vuitton-Yayoi-Kusama-1.jpg?resize=600%2C752&#038;ssl=1\" alt=\"\" class=\"wp-image-226693\" srcset=\"https:\/\/i0.wp.com\/agrund.com\/wp-content\/uploads\/sites\/6\/2022\/12\/agrund-louis-vuitton-Yayoi-Kusama-1.jpg?w=600&amp;ssl=1 600w, https:\/\/i0.wp.com\/agrund.com\/wp-content\/uploads\/sites\/6\/2022\/12\/agrund-louis-vuitton-Yayoi-Kusama-1.jpg?resize=239%2C300&amp;ssl=1 239w\" sizes=\"(max-width: 600px) 100vw, 600px\" data-recalc-dims=\"1\" \/><figcaption>Louis Vuitton confirma nova parceria com Yayoi Kusama\u00a0<\/figcaption><\/figure><\/div>\n\n\n\n<div class=\"wp-block-image\"><figure class=\"aligncenter size-full\"><img data-attachment-id=\"226694\" data-permalink=\"https:\/\/agrund.com\/index.php\/louis-vuitton-confirma-nova-parceria-com-yayoi-kusama\/agrund-louis-vuitton-yayoi-kusama-2\/\" data-orig-file=\"https:\/\/i0.wp.com\/agrund.com\/wp-content\/uploads\/sites\/6\/2022\/12\/agrund-louis-vuitton-Yayoi-Kusama-2.jpg?fit=600%2C751&amp;ssl=1\" data-orig-size=\"600,751\" data-comments-opened=\"1\" data-image-meta=\"{&quot;aperture&quot;:&quot;0&quot;,&quot;credit&quot;:&quot;&quot;,&quot;camera&quot;:&quot;&quot;,&quot;caption&quot;:&quot;&quot;,&quot;created_timestamp&quot;:&quot;0&quot;,&quot;copyright&quot;:&quot;&quot;,&quot;focal_length&quot;:&quot;0&quot;,&quot;iso&quot;:&quot;0&quot;,&quot;shutter_speed&quot;:&quot;0&quot;,&quot;title&quot;:&quot;&quot;,&quot;orientation&quot;:&quot;0&quot;}\" data-image-title=\"agrund-louis-vuitton-Yayoi-Kusama-2\" data-image-description=\"\" data-image-caption=\"\" data-medium-file=\"https:\/\/i0.wp.com\/agrund.com\/wp-content\/uploads\/sites\/6\/2022\/12\/agrund-louis-vuitton-Yayoi-Kusama-2.jpg?fit=240%2C300&amp;ssl=1\" data-large-file=\"https:\/\/i0.wp.com\/agrund.com\/wp-content\/uploads\/sites\/6\/2022\/12\/agrund-louis-vuitton-Yayoi-Kusama-2.jpg?fit=600%2C751&amp;ssl=1\" decoding=\"async\" loading=\"lazy\" width=\"600\" height=\"751\" src=\"https:\/\/i0.wp.com\/agrund.com\/wp-content\/uploads\/sites\/6\/2022\/12\/agrund-louis-vuitton-Yayoi-Kusama-2.jpg?resize=600%2C751&#038;ssl=1\" alt=\"\" class=\"wp-image-226694\" srcset=\"https:\/\/i0.wp.com\/agrund.com\/wp-content\/uploads\/sites\/6\/2022\/12\/agrund-louis-vuitton-Yayoi-Kusama-2.jpg?w=600&amp;ssl=1 600w, https:\/\/i0.wp.com\/agrund.com\/wp-content\/uploads\/sites\/6\/2022\/12\/agrund-louis-vuitton-Yayoi-Kusama-2.jpg?resize=240%2C300&amp;ssl=1 240w\" sizes=\"(max-width: 600px) 100vw, 600px\" data-recalc-dims=\"1\" \/><figcaption>Louis Vuitton confirma nova parceria com Yayoi Kusama\u00a0<\/figcaption><\/figure><\/div>\n\n\n\n<div class=\"wp-block-image\"><figure class=\"aligncenter size-full\"><img data-attachment-id=\"226695\" data-permalink=\"https:\/\/agrund.com\/index.php\/louis-vuitton-confirma-nova-parceria-com-yayoi-kusama\/agrund-louis-vuitton-yayoi-kusama-3\/\" data-orig-file=\"https:\/\/i0.wp.com\/agrund.com\/wp-content\/uploads\/sites\/6\/2022\/12\/agrund-louis-vuitton-Yayoi-Kusama-3.jpg?fit=600%2C753&amp;ssl=1\" data-orig-size=\"600,753\" data-comments-opened=\"1\" data-image-meta=\"{&quot;aperture&quot;:&quot;0&quot;,&quot;credit&quot;:&quot;&quot;,&quot;camera&quot;:&quot;&quot;,&quot;caption&quot;:&quot;&quot;,&quot;created_timestamp&quot;:&quot;0&quot;,&quot;copyright&quot;:&quot;&quot;,&quot;focal_length&quot;:&quot;0&quot;,&quot;iso&quot;:&quot;0&quot;,&quot;shutter_speed&quot;:&quot;0&quot;,&quot;title&quot;:&quot;&quot;,&quot;orientation&quot;:&quot;0&quot;}\" data-image-title=\"agrund-louis-vuitton-Yayoi-Kusama-3\" data-image-description=\"\" data-image-caption=\"\" data-medium-file=\"https:\/\/i0.wp.com\/agrund.com\/wp-content\/uploads\/sites\/6\/2022\/12\/agrund-louis-vuitton-Yayoi-Kusama-3.jpg?fit=239%2C300&amp;ssl=1\" data-large-file=\"https:\/\/i0.wp.com\/agrund.com\/wp-content\/uploads\/sites\/6\/2022\/12\/agrund-louis-vuitton-Yayoi-Kusama-3.jpg?fit=600%2C753&amp;ssl=1\" decoding=\"async\" loading=\"lazy\" width=\"600\" height=\"753\" src=\"https:\/\/i0.wp.com\/agrund.com\/wp-content\/uploads\/sites\/6\/2022\/12\/agrund-louis-vuitton-Yayoi-Kusama-3.jpg?resize=600%2C753&#038;ssl=1\" alt=\"\" class=\"wp-image-226695\" srcset=\"https:\/\/i0.wp.com\/agrund.com\/wp-content\/uploads\/sites\/6\/2022\/12\/agrund-louis-vuitton-Yayoi-Kusama-3.jpg?w=600&amp;ssl=1 600w, https:\/\/i0.wp.com\/agrund.com\/wp-content\/uploads\/sites\/6\/2022\/12\/agrund-louis-vuitton-Yayoi-Kusama-3.jpg?resize=239%2C300&amp;ssl=1 239w\" sizes=\"(max-width: 600px) 100vw, 600px\" data-recalc-dims=\"1\" \/><figcaption>Louis Vuitton confirma nova parceria com Yayoi Kusama\u00a0<\/figcaption><\/figure><\/div>\n\n\n\n<div class=\"wp-block-image\"><figure class=\"aligncenter size-full\"><img data-attachment-id=\"226696\" data-permalink=\"https:\/\/agrund.com\/index.php\/louis-vuitton-confirma-nova-parceria-com-yayoi-kusama\/agrund-louis-vuitton-yayoi-kusama-4\/\" data-orig-file=\"https:\/\/i0.wp.com\/agrund.com\/wp-content\/uploads\/sites\/6\/2022\/12\/agrund-louis-vuitton-Yayoi-Kusama-4.jpg?fit=600%2C441&amp;ssl=1\" data-orig-size=\"600,441\" data-comments-opened=\"1\" data-image-meta=\"{&quot;aperture&quot;:&quot;0&quot;,&quot;credit&quot;:&quot;&quot;,&quot;camera&quot;:&quot;&quot;,&quot;caption&quot;:&quot;&quot;,&quot;created_timestamp&quot;:&quot;0&quot;,&quot;copyright&quot;:&quot;&quot;,&quot;focal_length&quot;:&quot;0&quot;,&quot;iso&quot;:&quot;0&quot;,&quot;shutter_speed&quot;:&quot;0&quot;,&quot;title&quot;:&quot;&quot;,&quot;orientation&quot;:&quot;0&quot;}\" data-image-title=\"agrund-louis-vuitton-Yayoi-Kusama-4\" data-image-description=\"\" data-image-caption=\"\" data-medium-file=\"https:\/\/i0.wp.com\/agrund.com\/wp-content\/uploads\/sites\/6\/2022\/12\/agrund-louis-vuitton-Yayoi-Kusama-4.jpg?fit=300%2C221&amp;ssl=1\" data-large-file=\"https:\/\/i0.wp.com\/agrund.com\/wp-content\/uploads\/sites\/6\/2022\/12\/agrund-louis-vuitton-Yayoi-Kusama-4.jpg?fit=600%2C441&amp;ssl=1\" decoding=\"async\" loading=\"lazy\" width=\"600\" height=\"441\" src=\"https:\/\/i0.wp.com\/agrund.com\/wp-content\/uploads\/sites\/6\/2022\/12\/agrund-louis-vuitton-Yayoi-Kusama-4.jpg?resize=600%2C441&#038;ssl=1\" alt=\"\" class=\"wp-image-226696\" srcset=\"https:\/\/i0.wp.com\/agrund.com\/wp-content\/uploads\/sites\/6\/2022\/12\/agrund-louis-vuitton-Yayoi-Kusama-4.jpg?w=600&amp;ssl=1 600w, https:\/\/i0.wp.com\/agrund.com\/wp-content\/uploads\/sites\/6\/2022\/12\/agrund-louis-vuitton-Yayoi-Kusama-4.jpg?resize=300%2C221&amp;ssl=1 300w\" sizes=\"(max-width: 600px) 100vw, 600px\" data-recalc-dims=\"1\" \/><figcaption>Louis Vuitton confirma nova parceria com Yayoi Kusama\u00a0<\/figcaption><\/figure><\/div>\n\n\n\n<div class=\"wp-block-image\"><figure class=\"aligncenter size-full\"><img data-attachment-id=\"226697\" data-permalink=\"https:\/\/agrund.com\/index.php\/louis-vuitton-confirma-nova-parceria-com-yayoi-kusama\/agrund-louis-vuitton-yayoi-kusama-6\/\" data-orig-file=\"https:\/\/i0.wp.com\/agrund.com\/wp-content\/uploads\/sites\/6\/2022\/12\/agrund-louis-vuitton-Yayoi-Kusama-6.jpg?fit=600%2C444&amp;ssl=1\" data-orig-size=\"600,444\" data-comments-opened=\"1\" data-image-meta=\"{&quot;aperture&quot;:&quot;0&quot;,&quot;credit&quot;:&quot;&quot;,&quot;camera&quot;:&quot;&quot;,&quot;caption&quot;:&quot;&quot;,&quot;created_timestamp&quot;:&quot;0&quot;,&quot;copyright&quot;:&quot;&quot;,&quot;focal_length&quot;:&quot;0&quot;,&quot;iso&quot;:&quot;0&quot;,&quot;shutter_speed&quot;:&quot;0&quot;,&quot;title&quot;:&quot;&quot;,&quot;orientation&quot;:&quot;0&quot;}\" data-image-title=\"agrund-louis-vuitton-Yayoi-Kusama-6\" data-image-description=\"\" data-image-caption=\"\" data-medium-file=\"https:\/\/i0.wp.com\/agrund.com\/wp-content\/uploads\/sites\/6\/2022\/12\/agrund-louis-vuitton-Yayoi-Kusama-6.jpg?fit=300%2C222&amp;ssl=1\" data-large-file=\"https:\/\/i0.wp.com\/agrund.com\/wp-content\/uploads\/sites\/6\/2022\/12\/agrund-louis-vuitton-Yayoi-Kusama-6.jpg?fit=600%2C444&amp;ssl=1\" decoding=\"async\" loading=\"lazy\" width=\"600\" height=\"444\" src=\"https:\/\/i0.wp.com\/agrund.com\/wp-content\/uploads\/sites\/6\/2022\/12\/agrund-louis-vuitton-Yayoi-Kusama-6.jpg?resize=600%2C444&#038;ssl=1\" alt=\"\" class=\"wp-image-226697\" srcset=\"https:\/\/i0.wp.com\/agrund.com\/wp-content\/uploads\/sites\/6\/2022\/12\/agrund-louis-vuitton-Yayoi-Kusama-6.jpg?w=600&amp;ssl=1 600w, https:\/\/i0.wp.com\/agrund.com\/wp-content\/uploads\/sites\/6\/2022\/12\/agrund-louis-vuitton-Yayoi-Kusama-6.jpg?resize=300%2C222&amp;ssl=1 300w\" sizes=\"(max-width: 600px) 100vw, 600px\" data-recalc-dims=\"1\" \/><figcaption>Louis Vuitton confirma nova parceria com Yayoi Kusama\u00a0<\/figcaption><\/figure><\/div>\n\n\n\n<figure class=\"wp-block-embed aligncenter is-type-video is-provider-youtube wp-block-embed-youtube wp-embed-aspect-16-9 wp-has-aspect-ratio\"><div class=\"wp-block-embed__wrapper\">\n<span class=\"embed-youtube\" style=\"text-align:center; display: block;\"><iframe loading=\"lazy\" class=\"youtube-player\" width=\"640\" height=\"360\" src=\"https:\/\/www.youtube.com\/embed\/x3N1uDFBuzA?version=3&#038;rel=1&#038;showsearch=0&#038;showinfo=1&#038;iv_load_policy=1&#038;fs=1&#038;hl=pt-BR&#038;autohide=2&#038;wmode=transparent\" allowfullscreen=\"true\" style=\"border:0;\" sandbox=\"allow-scripts allow-same-origin allow-popups allow-presentation\"><\/iframe><\/span>\n<\/div><\/figure>\n\n\n\n<p>Fotos e v\u00eddeo: Reprodu\u00e7\u00e3o. <\/p>\n","protected":false},"excerpt":{"rendered":"<p>\u00c9 real! Depois de 10 anos, a Louis Vuitton vai repetir sua parceria de sucesso com a artista Yayoi Kusama. O an\u00fancio contou com uma s\u00e9rie de apresenta\u00e7\u00f5es virtuais, tel\u00f5es e outdoors em T\u00f3quio, que revelaram as bolinhas coloridas da artista dominando os produtos da LV. Quem estava atento e acompanhou o desfile Cruise 2023 [&hellip;]<\/p>\n","protected":false},"author":8,"featured_media":226698,"comment_status":"open","ping_status":"open","sticky":false,"template":"","format":"standard","meta":{"jetpack_post_was_ever_published":false,"_jetpack_newsletter_access":"","jetpack_publicize_message":"","jetpack_is_tweetstorm":false,"jetpack_publicize_feature_enabled":true,"jetpack_social_post_already_shared":true,"jetpack_social_options":{"image_generator_settings":{"template":"highway","enabled":false}}},"categories":[2],"tags":[395,375,364,423,347,149,67,525,148,365,424,862,2287],"jetpack_publicize_connections":[],"jetpack_featured_media_url":"https:\/\/i0.wp.com\/agrund.com\/wp-content\/uploads\/sites\/6\/2022\/12\/s-1.jpg?fit=960%2C300&ssl=1","jetpack_sharing_enabled":true,"jetpack_shortlink":"https:\/\/wp.me\/p3Hz0n-WYk","jetpack_likes_enabled":true,"_links":{"self":[{"href":"https:\/\/agrund.com\/index.php\/wp-json\/wp\/v2\/posts\/226692"}],"collection":[{"href":"https:\/\/agrund.com\/index.php\/wp-json\/wp\/v2\/posts"}],"about":[{"href":"https:\/\/agrund.com\/index.php\/wp-json\/wp\/v2\/types\/post"}],"author":[{"embeddable":true,"href":"https:\/\/agrund.com\/index.php\/wp-json\/wp\/v2\/users\/8"}],"replies":[{"embeddable":true,"href":"https:\/\/agrund.com\/index.php\/wp-json\/wp\/v2\/comments?post=226692"}],"version-history":[{"count":1,"href":"https:\/\/agrund.com\/index.php\/wp-json\/wp\/v2\/posts\/226692\/revisions"}],"predecessor-version":[{"id":226699,"href":"https:\/\/agrund.com\/index.php\/wp-json\/wp\/v2\/posts\/226692\/revisions\/226699"}],"wp:featuredmedia":[{"embeddable":true,"href":"https:\/\/agrund.com\/index.php\/wp-json\/wp\/v2\/media\/226698"}],"wp:attachment":[{"href":"https:\/\/agrund.com\/index.php\/wp-json\/wp\/v2\/media?parent=226692"}],"wp:term":[{"taxonomy":"category","embeddable":true,"href":"https:\/\/agrund.com\/index.php\/wp-json\/wp\/v2\/categories?post=226692"},{"taxonomy":"post_tag","embeddable":true,"href":"https:\/\/agrund.com\/index.php\/wp-json\/wp\/v2\/tags?post=226692"}],"curies":[{"name":"wp","href":"https:\/\/api.w.org\/{rel}","templated":true}]}}