{"id":226688,"date":"2022-12-01T14:00:00","date_gmt":"2022-12-01T17:00:00","guid":{"rendered":"https:\/\/agrund.com\/?p=226688"},"modified":"2022-12-01T14:14:07","modified_gmt":"2022-12-01T17:14:07","slug":"trama-afetiva-desfila-na-brasil-eco-fashion-week","status":"publish","type":"post","link":"https:\/\/agrund.com\/index.php\/trama-afetiva-desfila-na-brasil-eco-fashion-week\/","title":{"rendered":"Trama Afetiva desfila na Brasil Eco Fashion Week"},"content":{"rendered":"\n<p>A Trama Afetiva, plataforma de cocria\u00e7\u00e3o com dire\u00e7\u00e3o criativa de Jackson Araujo, se prepara para mostrar pela primeira vez o resultado de suas cole\u00e7\u00f5es colaborativas com Thais Losso, Jorge Feitosa e Itiana Pasetti, durante um desfile na Brasil Eco Fashion.<\/p>\n\n\n\n<p>Para quem n\u00e3o sabe, h\u00e1 tr\u00eas anos o projeto desenvolve pesquisas de design sobre inova\u00e7\u00e3o e ressignifica\u00e7\u00e3o dos res\u00edduos da ind\u00fastria t\u00eaxtil, mais precisamente sobre o n\u00e1ilon de guarda-chuvas recuperados de aterros sanit\u00e1rios.<\/p>\n\n\n\n<p>Os materiais ganharam uma nova vida se transformando em roupas e fitas para croch\u00ea, a partir de tecnologia criada por Thais Losso e aperfei\u00e7oada por Jorge Feitosa, ambos designers-tutores das oficinas criativas da Trama.<\/p>\n\n\n\n<p>Cada um dos guarda-chuvas utilizados no processo de cria\u00e7\u00e3o da cole\u00e7\u00e3o fazem parte de uma parceria da Trama Afetiva com a plataforma de economia circular Revoada, que comissiona a cooperativa de catadores e catadoras da Unidade de Triagem de Lixo Seco do Campo da Tuca, em Porto Alegre, a recuperar e higienizar os guarda-chuvas.<\/p>\n\n\n\n<p>\u201cPra mim, o mais importante \u00e9 retornar fazendo parte de um coletivo, celebrando a for\u00e7a da colaboratividade, da constru\u00e7\u00e3o horizontal e de um prop\u00f3sito maior, que \u00e9 fortalecer as discuss\u00f5es sobre a ressignifica\u00e7\u00e3o de res\u00edduos e a preocupa\u00e7\u00e3o com as manualidades e os grupos produtivos de pessoas invisibilizadas pela sociedade e pelo sistema da moda\u201d, declarou Thais Losso.<\/p>\n\n\n\n<p>O desfile acontece amanh\u00e3, 02 de dezembro, \u00e0s 20h, no Senac Lapa-Faustolo.<\/p>\n\n\n\n<div class=\"wp-block-image\"><figure class=\"aligncenter size-full\"><img data-attachment-id=\"226689\" data-permalink=\"https:\/\/agrund.com\/index.php\/trama-afetiva-desfila-na-brasil-eco-fashion-week\/agrund-trama-afetiva-desfile-dezembro\/\" data-orig-file=\"https:\/\/i0.wp.com\/agrund.com\/wp-content\/uploads\/sites\/6\/2022\/12\/agrund-trama-afetiva-desfile-dezembro.jpg?fit=600%2C900&amp;ssl=1\" data-orig-size=\"600,900\" data-comments-opened=\"1\" data-image-meta=\"{&quot;aperture&quot;:&quot;0&quot;,&quot;credit&quot;:&quot;&quot;,&quot;camera&quot;:&quot;&quot;,&quot;caption&quot;:&quot;&quot;,&quot;created_timestamp&quot;:&quot;0&quot;,&quot;copyright&quot;:&quot;&quot;,&quot;focal_length&quot;:&quot;0&quot;,&quot;iso&quot;:&quot;0&quot;,&quot;shutter_speed&quot;:&quot;0&quot;,&quot;title&quot;:&quot;&quot;,&quot;orientation&quot;:&quot;1&quot;}\" data-image-title=\"agrund-trama-afetiva-desfile-dezembro\" data-image-description=\"\" data-image-caption=\"\" data-medium-file=\"https:\/\/i0.wp.com\/agrund.com\/wp-content\/uploads\/sites\/6\/2022\/12\/agrund-trama-afetiva-desfile-dezembro.jpg?fit=200%2C300&amp;ssl=1\" data-large-file=\"https:\/\/i0.wp.com\/agrund.com\/wp-content\/uploads\/sites\/6\/2022\/12\/agrund-trama-afetiva-desfile-dezembro.jpg?fit=600%2C900&amp;ssl=1\" decoding=\"async\" loading=\"lazy\" width=\"600\" height=\"900\" src=\"https:\/\/i0.wp.com\/agrund.com\/wp-content\/uploads\/sites\/6\/2022\/12\/agrund-trama-afetiva-desfile-dezembro.jpg?resize=600%2C900&#038;ssl=1\" alt=\"\" class=\"wp-image-226689\" srcset=\"https:\/\/i0.wp.com\/agrund.com\/wp-content\/uploads\/sites\/6\/2022\/12\/agrund-trama-afetiva-desfile-dezembro.jpg?w=600&amp;ssl=1 600w, https:\/\/i0.wp.com\/agrund.com\/wp-content\/uploads\/sites\/6\/2022\/12\/agrund-trama-afetiva-desfile-dezembro.jpg?resize=200%2C300&amp;ssl=1 200w\" sizes=\"(max-width: 600px) 100vw, 600px\" data-recalc-dims=\"1\" \/><figcaption>Trama Afetiva desfila na Brasil Eco Fashion Week<\/figcaption><\/figure><\/div>\n\n\n\n<p>Foto: Divulga\u00e7\u00e3o. <\/p>\n","protected":false},"excerpt":{"rendered":"<p>A Trama Afetiva, plataforma de cocria\u00e7\u00e3o com dire\u00e7\u00e3o criativa de Jackson Araujo, se prepara para mostrar pela primeira vez o resultado de suas cole\u00e7\u00f5es colaborativas com Thais Losso, Jorge Feitosa e Itiana Pasetti, durante um desfile na Brasil Eco Fashion. Para quem n\u00e3o sabe, h\u00e1 tr\u00eas anos o projeto desenvolve pesquisas de design sobre inova\u00e7\u00e3o [&hellip;]<\/p>\n","protected":false},"author":8,"featured_media":226690,"comment_status":"open","ping_status":"open","sticky":false,"template":"","format":"standard","meta":{"jetpack_post_was_ever_published":false,"_jetpack_newsletter_access":"","jetpack_publicize_message":"","jetpack_is_tweetstorm":false,"jetpack_publicize_feature_enabled":true,"jetpack_social_post_already_shared":true,"jetpack_social_options":{"image_generator_settings":{"template":"highway","enabled":false}}},"categories":[2],"tags":[395,375,1140,423,347,67,525,148,424,3369,862],"jetpack_publicize_connections":[],"jetpack_featured_media_url":"https:\/\/i0.wp.com\/agrund.com\/wp-content\/uploads\/sites\/6\/2022\/12\/s.jpg?fit=960%2C300&ssl=1","jetpack_sharing_enabled":true,"jetpack_shortlink":"https:\/\/wp.me\/p3Hz0n-WYg","jetpack_likes_enabled":true,"_links":{"self":[{"href":"https:\/\/agrund.com\/index.php\/wp-json\/wp\/v2\/posts\/226688"}],"collection":[{"href":"https:\/\/agrund.com\/index.php\/wp-json\/wp\/v2\/posts"}],"about":[{"href":"https:\/\/agrund.com\/index.php\/wp-json\/wp\/v2\/types\/post"}],"author":[{"embeddable":true,"href":"https:\/\/agrund.com\/index.php\/wp-json\/wp\/v2\/users\/8"}],"replies":[{"embeddable":true,"href":"https:\/\/agrund.com\/index.php\/wp-json\/wp\/v2\/comments?post=226688"}],"version-history":[{"count":1,"href":"https:\/\/agrund.com\/index.php\/wp-json\/wp\/v2\/posts\/226688\/revisions"}],"predecessor-version":[{"id":226691,"href":"https:\/\/agrund.com\/index.php\/wp-json\/wp\/v2\/posts\/226688\/revisions\/226691"}],"wp:featuredmedia":[{"embeddable":true,"href":"https:\/\/agrund.com\/index.php\/wp-json\/wp\/v2\/media\/226690"}],"wp:attachment":[{"href":"https:\/\/agrund.com\/index.php\/wp-json\/wp\/v2\/media?parent=226688"}],"wp:term":[{"taxonomy":"category","embeddable":true,"href":"https:\/\/agrund.com\/index.php\/wp-json\/wp\/v2\/categories?post=226688"},{"taxonomy":"post_tag","embeddable":true,"href":"https:\/\/agrund.com\/index.php\/wp-json\/wp\/v2\/tags?post=226688"}],"curies":[{"name":"wp","href":"https:\/\/api.w.org\/{rel}","templated":true}]}}