{"id":226670,"date":"2022-11-30T11:00:00","date_gmt":"2022-11-30T14:00:00","guid":{"rendered":"https:\/\/agrund.com\/?p=226670"},"modified":"2022-11-30T10:28:35","modified_gmt":"2022-11-30T13:28:35","slug":"alexandre-herchcovitch-de-volta-a-sua-marca-homonima","status":"publish","type":"post","link":"https:\/\/agrund.com\/index.php\/alexandre-herchcovitch-de-volta-a-sua-marca-homonima\/","title":{"rendered":"Alexandre Herchcovitch de volta \u00e0 sua marca hom\u00f4nima"},"content":{"rendered":"\n<p>Sim, \u00e9 verdade o que voc\u00ea leu no t\u00edtulo dessa mat\u00e9ria. Depois de seis anos distante, Alexandre Herchcovitch anunciou que ir\u00e1 reassumir a dire\u00e7\u00e3o criativa de sua marca Herchcovitch; Alexandre.<\/p>\n\n\n\n<p>As informa\u00e7\u00f5es divulgadas at\u00e9 o momento revelam que o estilista ter\u00e1 total autonomia e liberdade de gest\u00e3o dentro da marca. Mas n\u00e3o \u00e9 s\u00f3 isso! O primeiro desfile j\u00e1 est\u00e1 marcado para o dia 08 de dezembro, ent\u00e3o muito em breve vamos conferir as novas e, como de costume, brilhantes cria\u00e7\u00f5es de Herchcovitch.<\/p>\n\n\n\n<p>Para quem n\u00e3o se lembra, o designer deixou a marca em 2016, anos depois de vend\u00ea-la para a InBrands, grupo detentor de marcas como Ellus e Richards.<\/p>\n\n\n\n<p>Em 2023 a Herchcovitch; Alexandre celebra 30 anos. E o retorno de Alexandre \u00e9, de fato, um presente para a moda brasileira.\u00a0<\/p>\n\n\n\n<div class=\"wp-block-image\"><figure class=\"aligncenter size-full\"><img data-attachment-id=\"226671\" data-permalink=\"https:\/\/agrund.com\/index.php\/alexandre-herchcovitch-de-volta-a-sua-marca-homonima\/agrund-alexandre-herchcovitch-volta-marca\/\" data-orig-file=\"https:\/\/i0.wp.com\/agrund.com\/wp-content\/uploads\/sites\/6\/2022\/11\/agrund-alexandre-herchcovitch-volta-marca.jpg?fit=600%2C798&amp;ssl=1\" data-orig-size=\"600,798\" data-comments-opened=\"1\" data-image-meta=\"{&quot;aperture&quot;:&quot;0&quot;,&quot;credit&quot;:&quot;&quot;,&quot;camera&quot;:&quot;&quot;,&quot;caption&quot;:&quot;&quot;,&quot;created_timestamp&quot;:&quot;0&quot;,&quot;copyright&quot;:&quot;&quot;,&quot;focal_length&quot;:&quot;0&quot;,&quot;iso&quot;:&quot;0&quot;,&quot;shutter_speed&quot;:&quot;0&quot;,&quot;title&quot;:&quot;&quot;,&quot;orientation&quot;:&quot;0&quot;}\" data-image-title=\"agrund-alexandre-herchcovitch-volta-marca\" data-image-description=\"\" data-image-caption=\"\" data-medium-file=\"https:\/\/i0.wp.com\/agrund.com\/wp-content\/uploads\/sites\/6\/2022\/11\/agrund-alexandre-herchcovitch-volta-marca.jpg?fit=226%2C300&amp;ssl=1\" data-large-file=\"https:\/\/i0.wp.com\/agrund.com\/wp-content\/uploads\/sites\/6\/2022\/11\/agrund-alexandre-herchcovitch-volta-marca.jpg?fit=600%2C798&amp;ssl=1\" decoding=\"async\" loading=\"lazy\" width=\"600\" height=\"798\" src=\"https:\/\/i0.wp.com\/agrund.com\/wp-content\/uploads\/sites\/6\/2022\/11\/agrund-alexandre-herchcovitch-volta-marca.jpg?resize=600%2C798&#038;ssl=1\" alt=\"\" class=\"wp-image-226671\" srcset=\"https:\/\/i0.wp.com\/agrund.com\/wp-content\/uploads\/sites\/6\/2022\/11\/agrund-alexandre-herchcovitch-volta-marca.jpg?w=600&amp;ssl=1 600w, https:\/\/i0.wp.com\/agrund.com\/wp-content\/uploads\/sites\/6\/2022\/11\/agrund-alexandre-herchcovitch-volta-marca.jpg?resize=226%2C300&amp;ssl=1 226w\" sizes=\"(max-width: 600px) 100vw, 600px\" data-recalc-dims=\"1\" \/><figcaption>Alexandre Herchcovitch de volta \u00e0 sua marca hom\u00f4nima<\/figcaption><\/figure><\/div>\n\n\n\n<p>Foto: Reprodu\u00e7\u00e3o. <\/p>\n","protected":false},"excerpt":{"rendered":"<p>Sim, \u00e9 verdade o que voc\u00ea leu no t\u00edtulo dessa mat\u00e9ria. Depois de seis anos distante, Alexandre Herchcovitch anunciou que ir\u00e1 reassumir a dire\u00e7\u00e3o criativa de sua marca Herchcovitch; Alexandre. As informa\u00e7\u00f5es divulgadas at\u00e9 o momento revelam que o estilista ter\u00e1 total autonomia e liberdade de gest\u00e3o dentro da marca. Mas n\u00e3o \u00e9 s\u00f3 isso! [&hellip;]<\/p>\n","protected":false},"author":8,"featured_media":226672,"comment_status":"open","ping_status":"open","sticky":false,"template":"","format":"standard","meta":{"jetpack_post_was_ever_published":false,"_jetpack_newsletter_access":"","jetpack_publicize_message":"","jetpack_is_tweetstorm":false,"jetpack_publicize_feature_enabled":true,"jetpack_social_post_already_shared":true,"jetpack_social_options":{"image_generator_settings":{"template":"highway","enabled":false}}},"categories":[2],"tags":[395,156,375,423,347,67,525,148,424,862],"jetpack_publicize_connections":[],"jetpack_featured_media_url":"https:\/\/i0.wp.com\/agrund.com\/wp-content\/uploads\/sites\/6\/2022\/11\/s-62.jpg?fit=960%2C300&ssl=1","jetpack_sharing_enabled":true,"jetpack_shortlink":"https:\/\/wp.me\/p3Hz0n-WXY","jetpack_likes_enabled":true,"_links":{"self":[{"href":"https:\/\/agrund.com\/index.php\/wp-json\/wp\/v2\/posts\/226670"}],"collection":[{"href":"https:\/\/agrund.com\/index.php\/wp-json\/wp\/v2\/posts"}],"about":[{"href":"https:\/\/agrund.com\/index.php\/wp-json\/wp\/v2\/types\/post"}],"author":[{"embeddable":true,"href":"https:\/\/agrund.com\/index.php\/wp-json\/wp\/v2\/users\/8"}],"replies":[{"embeddable":true,"href":"https:\/\/agrund.com\/index.php\/wp-json\/wp\/v2\/comments?post=226670"}],"version-history":[{"count":1,"href":"https:\/\/agrund.com\/index.php\/wp-json\/wp\/v2\/posts\/226670\/revisions"}],"predecessor-version":[{"id":226673,"href":"https:\/\/agrund.com\/index.php\/wp-json\/wp\/v2\/posts\/226670\/revisions\/226673"}],"wp:featuredmedia":[{"embeddable":true,"href":"https:\/\/agrund.com\/index.php\/wp-json\/wp\/v2\/media\/226672"}],"wp:attachment":[{"href":"https:\/\/agrund.com\/index.php\/wp-json\/wp\/v2\/media?parent=226670"}],"wp:term":[{"taxonomy":"category","embeddable":true,"href":"https:\/\/agrund.com\/index.php\/wp-json\/wp\/v2\/categories?post=226670"},{"taxonomy":"post_tag","embeddable":true,"href":"https:\/\/agrund.com\/index.php\/wp-json\/wp\/v2\/tags?post=226670"}],"curies":[{"name":"wp","href":"https:\/\/api.w.org\/{rel}","templated":true}]}}