{"id":226666,"date":"2022-11-29T17:00:00","date_gmt":"2022-11-29T20:00:00","guid":{"rendered":"https:\/\/agrund.com\/?p=226666"},"modified":"2022-11-29T16:22:49","modified_gmt":"2022-11-29T19:22:49","slug":"miu-miu-e-eleita-a-marca-do-ano","status":"publish","type":"post","link":"https:\/\/agrund.com\/index.php\/miu-miu-e-eleita-a-marca-do-ano\/","title":{"rendered":"Miu Miu \u00e9 eleita a marca do ano\u00a0"},"content":{"rendered":"\n<p>O famoso relat\u00f3rio &#8216;The Year in Fashion&#8217;, da plataforma Lyst, acaba de ser divulgado e junto com ele a revela\u00e7\u00e3o de qual \u00e9 a marca de 2022.<\/p>\n\n\n\n<p>Miu Miu recebeu o lugar de destaque ao ser eleita a marca do ano, segundo a pesquisa que analisa o comportamento on-line de mais de 200 milh\u00f5es de usu\u00e1rios da Lyst.<\/p>\n\n\n\n<p>\u00c9 ineg\u00e1vel o sucesso das cole\u00e7\u00f5es Primavera\/Ver\u00e3o 2022 e Outono\/Inverno 2022 da marca, afinal, foram elas que lan\u00e7aram algumas das pe\u00e7as que mais viralizaram na internet e nas lojas, como a minissaia de pregas e as sapatilhas de bal\u00e9.<\/p>\n\n\n\n<p>Apenas neste ano, de janeiro a outubro, houve um aumento de 34% nas pesquisas sobre a Miu Miu, em compara\u00e7\u00e3o com o mesmo per\u00edodo do ano passado.<\/p>\n\n\n\n<p>Clique <a href=\"https:\/\/www.lyst.com\/data\/year-in-fashion-2022\/\" target=\"_blank\" rel=\"noreferrer noopener\">AQUI<\/a> para conferir o relat\u00f3rio completo da Lyst, com categorias como &#8216;Sapato do Ano&#8217;, &#8216;Tend\u00eancia do Ano&#8217; e &#8216;Bolsa do Ano&#8217;.\u00a0<\/p>\n\n\n\n<div class=\"wp-block-image\"><figure class=\"aligncenter size-full\"><img data-attachment-id=\"226667\" data-permalink=\"https:\/\/agrund.com\/index.php\/miu-miu-e-eleita-a-marca-do-ano\/agrund-miu-miu-marca-do-ano\/\" data-orig-file=\"https:\/\/i0.wp.com\/agrund.com\/wp-content\/uploads\/sites\/6\/2022\/11\/agrund-miu-miu-marca-do-ano.jpg?fit=600%2C750&amp;ssl=1\" data-orig-size=\"600,750\" data-comments-opened=\"1\" data-image-meta=\"{&quot;aperture&quot;:&quot;0&quot;,&quot;credit&quot;:&quot;&quot;,&quot;camera&quot;:&quot;&quot;,&quot;caption&quot;:&quot;&quot;,&quot;created_timestamp&quot;:&quot;0&quot;,&quot;copyright&quot;:&quot;&quot;,&quot;focal_length&quot;:&quot;0&quot;,&quot;iso&quot;:&quot;0&quot;,&quot;shutter_speed&quot;:&quot;0&quot;,&quot;title&quot;:&quot;&quot;,&quot;orientation&quot;:&quot;0&quot;}\" data-image-title=\"agrund-miu-miu-marca-do-ano\" data-image-description=\"\" data-image-caption=\"\" data-medium-file=\"https:\/\/i0.wp.com\/agrund.com\/wp-content\/uploads\/sites\/6\/2022\/11\/agrund-miu-miu-marca-do-ano.jpg?fit=240%2C300&amp;ssl=1\" data-large-file=\"https:\/\/i0.wp.com\/agrund.com\/wp-content\/uploads\/sites\/6\/2022\/11\/agrund-miu-miu-marca-do-ano.jpg?fit=600%2C750&amp;ssl=1\" decoding=\"async\" loading=\"lazy\" width=\"600\" height=\"750\" src=\"https:\/\/i0.wp.com\/agrund.com\/wp-content\/uploads\/sites\/6\/2022\/11\/agrund-miu-miu-marca-do-ano.jpg?resize=600%2C750&#038;ssl=1\" alt=\"\" class=\"wp-image-226667\" srcset=\"https:\/\/i0.wp.com\/agrund.com\/wp-content\/uploads\/sites\/6\/2022\/11\/agrund-miu-miu-marca-do-ano.jpg?w=600&amp;ssl=1 600w, https:\/\/i0.wp.com\/agrund.com\/wp-content\/uploads\/sites\/6\/2022\/11\/agrund-miu-miu-marca-do-ano.jpg?resize=240%2C300&amp;ssl=1 240w\" sizes=\"(max-width: 600px) 100vw, 600px\" data-recalc-dims=\"1\" \/><figcaption>Miu Miu \u00e9 eleita a marca do ano\u00a0<\/figcaption><\/figure><\/div>\n\n\n\n<p>Foto: Reprodu\u00e7\u00e3o\/ Miu Miu. <\/p>\n","protected":false},"excerpt":{"rendered":"<p>O famoso relat\u00f3rio &#8216;The Year in Fashion&#8217;, da plataforma Lyst, acaba de ser divulgado e junto com ele a revela\u00e7\u00e3o de qual \u00e9 a marca de 2022. Miu Miu recebeu o lugar de destaque ao ser eleita a marca do ano, segundo a pesquisa que analisa o comportamento on-line de mais de 200 milh\u00f5es de [&hellip;]<\/p>\n","protected":false},"author":8,"featured_media":226668,"comment_status":"open","ping_status":"open","sticky":false,"template":"","format":"standard","meta":{"jetpack_post_was_ever_published":false,"_jetpack_newsletter_access":"","jetpack_publicize_message":"","jetpack_is_tweetstorm":false,"jetpack_publicize_feature_enabled":true,"jetpack_social_post_already_shared":true,"jetpack_social_options":{"image_generator_settings":{"template":"highway","enabled":false}}},"categories":[2],"tags":[395,375,423,347,3459,263,67,525,148,51,424,862],"jetpack_publicize_connections":[],"jetpack_featured_media_url":"https:\/\/i0.wp.com\/agrund.com\/wp-content\/uploads\/sites\/6\/2022\/11\/s-61.jpg?fit=960%2C300&ssl=1","jetpack_sharing_enabled":true,"jetpack_shortlink":"https:\/\/wp.me\/p3Hz0n-WXU","jetpack_likes_enabled":true,"_links":{"self":[{"href":"https:\/\/agrund.com\/index.php\/wp-json\/wp\/v2\/posts\/226666"}],"collection":[{"href":"https:\/\/agrund.com\/index.php\/wp-json\/wp\/v2\/posts"}],"about":[{"href":"https:\/\/agrund.com\/index.php\/wp-json\/wp\/v2\/types\/post"}],"author":[{"embeddable":true,"href":"https:\/\/agrund.com\/index.php\/wp-json\/wp\/v2\/users\/8"}],"replies":[{"embeddable":true,"href":"https:\/\/agrund.com\/index.php\/wp-json\/wp\/v2\/comments?post=226666"}],"version-history":[{"count":1,"href":"https:\/\/agrund.com\/index.php\/wp-json\/wp\/v2\/posts\/226666\/revisions"}],"predecessor-version":[{"id":226669,"href":"https:\/\/agrund.com\/index.php\/wp-json\/wp\/v2\/posts\/226666\/revisions\/226669"}],"wp:featuredmedia":[{"embeddable":true,"href":"https:\/\/agrund.com\/index.php\/wp-json\/wp\/v2\/media\/226668"}],"wp:attachment":[{"href":"https:\/\/agrund.com\/index.php\/wp-json\/wp\/v2\/media?parent=226666"}],"wp:term":[{"taxonomy":"category","embeddable":true,"href":"https:\/\/agrund.com\/index.php\/wp-json\/wp\/v2\/categories?post=226666"},{"taxonomy":"post_tag","embeddable":true,"href":"https:\/\/agrund.com\/index.php\/wp-json\/wp\/v2\/tags?post=226666"}],"curies":[{"name":"wp","href":"https:\/\/api.w.org\/{rel}","templated":true}]}}