{"id":226638,"date":"2022-11-25T17:00:00","date_gmt":"2022-11-25T20:00:00","guid":{"rendered":"https:\/\/agrund.com\/?p=226638"},"modified":"2022-11-25T16:00:57","modified_gmt":"2022-11-25T19:00:57","slug":"casa-costa-abre-sua-primeira-pop-up-store","status":"publish","type":"post","link":"https:\/\/agrund.com\/index.php\/casa-costa-abre-sua-primeira-pop-up-store\/","title":{"rendered":"Casa Costa abre sua primeira pop-up store\u00a0"},"content":{"rendered":"\n<p>Refer\u00eancia no setor de casa e decora\u00e7\u00e3o desde sua abertura em 2020, a Casa Costa sai da internet pela primeira vez para abrir uma pop-up store especialmente para o Natal.<\/p>\n\n\n\n<p>A \u201cChristmas Pop-Up Store\u201d est\u00e1 localizada no Shopping Iguatemi JK, em S\u00e3o Paulo, e foi criada para atender a demanda e o desejo dos clientes e admiradores por uma experi\u00eancia f\u00edsica da marca.<\/p>\n\n\n\n<p>\u201cAs festas de final de ano t\u00eam um significado muito especial para mim e para a Casa Costa. Fam\u00edlias e amigos t\u00eam o privil\u00e9gio de se reunir e de se reconectar, cultivando mem\u00f3rias que se tornam inesquec\u00edveis. \u00c9 nesse momento em que vivemos a nossa miss\u00e3o de maneira mais pura e intensa: queremos fortalecer a conex\u00e3o entre as pessoas e estimular o exerc\u00edcio da generosidade atrav\u00e9s do ato de receber e presentear&#8221;, revelou Luma Costa, fundadora e CEO da marca.<\/p>\n\n\n\n<p>Com decora\u00e7\u00e3o minimalista e clean, o espa\u00e7o tem elementos em madeira, espelho e cores claras como base. Tudo baseado no pantone de cores que j\u00e1 \u00e9 utilizado pela marca. Nele os clientes poder\u00e3o fazer suas compras in loco ou de forma digital, e o mesmo acontece com a entrega, j\u00e1 que os clientes podem optar por levar os produtos na hora ou receb\u00ea-los diretamente em casa.<\/p>\n\n\n\n<p>Mas as novidades n\u00e3o param por a\u00ed! A marca lan\u00e7a a nova cole\u00e7\u00e3o Folhas de Rom\u00e3 com pratos feitos em porcelana nacional, al\u00e9m de jogo americano e ta\u00e7as.<\/p>\n\n\n\n<p>E \u00e9 claro que n\u00e3o poderiam faltar os presentes para o Natal, n\u00e3o \u00e9 mesmo? A Casa Costa, em parceria com a confeitaria artesanal Isabela Akkari, preparou op\u00e7\u00f5es de presentes para te ajudar na escolha deste ano, como uma boleira da marca que j\u00e1 vem com um panetone especial, ou as famosas petisqueiras que, neste fim de ano, v\u00eam acompanhadas de uma saborosa sele\u00e7\u00e3o de nozes.<\/p>\n\n\n\n<p>Gostou? A pop-up store ficar\u00e1 aberta at\u00e9 o dia 31 de dezembro e todos os produtos tamb\u00e9m est\u00e3o dispon\u00edveis no site.\u00a0<\/p>\n\n\n\n<div class=\"wp-block-image\"><figure class=\"aligncenter size-full\"><img data-attachment-id=\"226639\" data-permalink=\"https:\/\/agrund.com\/index.php\/casa-costa-abre-sua-primeira-pop-up-store\/casa-costa_pop-up-jk_youv-foto-1\/\" data-orig-file=\"https:\/\/i0.wp.com\/agrund.com\/wp-content\/uploads\/sites\/6\/2022\/11\/Casa-Costa_Pop-Up-JK_YouV-Foto-1.jpg?fit=600%2C450&amp;ssl=1\" data-orig-size=\"600,450\" data-comments-opened=\"1\" data-image-meta=\"{&quot;aperture&quot;:&quot;0&quot;,&quot;credit&quot;:&quot;&quot;,&quot;camera&quot;:&quot;&quot;,&quot;caption&quot;:&quot;&quot;,&quot;created_timestamp&quot;:&quot;0&quot;,&quot;copyright&quot;:&quot;&quot;,&quot;focal_length&quot;:&quot;0&quot;,&quot;iso&quot;:&quot;0&quot;,&quot;shutter_speed&quot;:&quot;0&quot;,&quot;title&quot;:&quot;&quot;,&quot;orientation&quot;:&quot;0&quot;}\" data-image-title=\"Casa-Costa_Pop-Up-JK_YouV-Foto-1\" data-image-description=\"\" data-image-caption=\"\" data-medium-file=\"https:\/\/i0.wp.com\/agrund.com\/wp-content\/uploads\/sites\/6\/2022\/11\/Casa-Costa_Pop-Up-JK_YouV-Foto-1.jpg?fit=300%2C225&amp;ssl=1\" data-large-file=\"https:\/\/i0.wp.com\/agrund.com\/wp-content\/uploads\/sites\/6\/2022\/11\/Casa-Costa_Pop-Up-JK_YouV-Foto-1.jpg?fit=600%2C450&amp;ssl=1\" decoding=\"async\" loading=\"lazy\" width=\"600\" height=\"450\" src=\"https:\/\/i0.wp.com\/agrund.com\/wp-content\/uploads\/sites\/6\/2022\/11\/Casa-Costa_Pop-Up-JK_YouV-Foto-1.jpg?resize=600%2C450&#038;ssl=1\" alt=\"\" class=\"wp-image-226639\" srcset=\"https:\/\/i0.wp.com\/agrund.com\/wp-content\/uploads\/sites\/6\/2022\/11\/Casa-Costa_Pop-Up-JK_YouV-Foto-1.jpg?w=600&amp;ssl=1 600w, https:\/\/i0.wp.com\/agrund.com\/wp-content\/uploads\/sites\/6\/2022\/11\/Casa-Costa_Pop-Up-JK_YouV-Foto-1.jpg?resize=300%2C225&amp;ssl=1 300w\" sizes=\"(max-width: 600px) 100vw, 600px\" data-recalc-dims=\"1\" \/><figcaption>Casa Costa abre sua primeira pop-up store\u00a0<\/figcaption><\/figure><\/div>\n\n\n\n<div class=\"wp-block-image\"><figure class=\"aligncenter size-full\"><img data-attachment-id=\"226640\" data-permalink=\"https:\/\/agrund.com\/index.php\/casa-costa-abre-sua-primeira-pop-up-store\/casa-costa_pop-up-jk_youv-foto-5\/\" data-orig-file=\"https:\/\/i0.wp.com\/agrund.com\/wp-content\/uploads\/sites\/6\/2022\/11\/Casa-Costa_Pop-Up-JK_YouV-Foto-5.jpg?fit=600%2C480&amp;ssl=1\" data-orig-size=\"600,480\" data-comments-opened=\"1\" data-image-meta=\"{&quot;aperture&quot;:&quot;0&quot;,&quot;credit&quot;:&quot;&quot;,&quot;camera&quot;:&quot;&quot;,&quot;caption&quot;:&quot;&quot;,&quot;created_timestamp&quot;:&quot;0&quot;,&quot;copyright&quot;:&quot;&quot;,&quot;focal_length&quot;:&quot;0&quot;,&quot;iso&quot;:&quot;0&quot;,&quot;shutter_speed&quot;:&quot;0&quot;,&quot;title&quot;:&quot;&quot;,&quot;orientation&quot;:&quot;0&quot;}\" data-image-title=\"Casa-Costa_Pop-Up-JK_YouV-Foto-5\" data-image-description=\"\" data-image-caption=\"\" data-medium-file=\"https:\/\/i0.wp.com\/agrund.com\/wp-content\/uploads\/sites\/6\/2022\/11\/Casa-Costa_Pop-Up-JK_YouV-Foto-5.jpg?fit=300%2C240&amp;ssl=1\" data-large-file=\"https:\/\/i0.wp.com\/agrund.com\/wp-content\/uploads\/sites\/6\/2022\/11\/Casa-Costa_Pop-Up-JK_YouV-Foto-5.jpg?fit=600%2C480&amp;ssl=1\" decoding=\"async\" loading=\"lazy\" width=\"600\" height=\"480\" src=\"https:\/\/i0.wp.com\/agrund.com\/wp-content\/uploads\/sites\/6\/2022\/11\/Casa-Costa_Pop-Up-JK_YouV-Foto-5.jpg?resize=600%2C480&#038;ssl=1\" alt=\"\" class=\"wp-image-226640\" srcset=\"https:\/\/i0.wp.com\/agrund.com\/wp-content\/uploads\/sites\/6\/2022\/11\/Casa-Costa_Pop-Up-JK_YouV-Foto-5.jpg?w=600&amp;ssl=1 600w, https:\/\/i0.wp.com\/agrund.com\/wp-content\/uploads\/sites\/6\/2022\/11\/Casa-Costa_Pop-Up-JK_YouV-Foto-5.jpg?resize=300%2C240&amp;ssl=1 300w\" sizes=\"(max-width: 600px) 100vw, 600px\" data-recalc-dims=\"1\" \/><figcaption>Casa Costa abre sua primeira pop-up store\u00a0<\/figcaption><\/figure><\/div>\n\n\n\n<div class=\"wp-block-image\"><figure class=\"aligncenter size-full\"><img data-attachment-id=\"226642\" data-permalink=\"https:\/\/agrund.com\/index.php\/casa-costa-abre-sua-primeira-pop-up-store\/casa-costa_pop-up-jk_youv-foto-4-1\/\" data-orig-file=\"https:\/\/i0.wp.com\/agrund.com\/wp-content\/uploads\/sites\/6\/2022\/11\/Casa-Costa_Pop-Up-JK_YouV-Foto-4-1.jpg?fit=600%2C480&amp;ssl=1\" data-orig-size=\"600,480\" data-comments-opened=\"1\" data-image-meta=\"{&quot;aperture&quot;:&quot;0&quot;,&quot;credit&quot;:&quot;&quot;,&quot;camera&quot;:&quot;&quot;,&quot;caption&quot;:&quot;&quot;,&quot;created_timestamp&quot;:&quot;0&quot;,&quot;copyright&quot;:&quot;&quot;,&quot;focal_length&quot;:&quot;0&quot;,&quot;iso&quot;:&quot;0&quot;,&quot;shutter_speed&quot;:&quot;0&quot;,&quot;title&quot;:&quot;&quot;,&quot;orientation&quot;:&quot;0&quot;}\" data-image-title=\"Casa-Costa_Pop-Up-JK_YouV-Foto-4-1\" data-image-description=\"\" data-image-caption=\"\" data-medium-file=\"https:\/\/i0.wp.com\/agrund.com\/wp-content\/uploads\/sites\/6\/2022\/11\/Casa-Costa_Pop-Up-JK_YouV-Foto-4-1.jpg?fit=300%2C240&amp;ssl=1\" data-large-file=\"https:\/\/i0.wp.com\/agrund.com\/wp-content\/uploads\/sites\/6\/2022\/11\/Casa-Costa_Pop-Up-JK_YouV-Foto-4-1.jpg?fit=600%2C480&amp;ssl=1\" decoding=\"async\" loading=\"lazy\" width=\"600\" height=\"480\" src=\"https:\/\/i0.wp.com\/agrund.com\/wp-content\/uploads\/sites\/6\/2022\/11\/Casa-Costa_Pop-Up-JK_YouV-Foto-4-1.jpg?resize=600%2C480&#038;ssl=1\" alt=\"\" class=\"wp-image-226642\" srcset=\"https:\/\/i0.wp.com\/agrund.com\/wp-content\/uploads\/sites\/6\/2022\/11\/Casa-Costa_Pop-Up-JK_YouV-Foto-4-1.jpg?w=600&amp;ssl=1 600w, https:\/\/i0.wp.com\/agrund.com\/wp-content\/uploads\/sites\/6\/2022\/11\/Casa-Costa_Pop-Up-JK_YouV-Foto-4-1.jpg?resize=300%2C240&amp;ssl=1 300w\" sizes=\"(max-width: 600px) 100vw, 600px\" data-recalc-dims=\"1\" \/><figcaption>Casa Costa abre sua primeira pop-up store\u00a0<\/figcaption><\/figure><\/div>\n\n\n\n<div class=\"wp-block-image\"><figure class=\"aligncenter size-full\"><img data-attachment-id=\"226643\" data-permalink=\"https:\/\/agrund.com\/index.php\/casa-costa-abre-sua-primeira-pop-up-store\/natal-casa-costa-2022_credito-douglas-daniel_baixa_66\/\" data-orig-file=\"https:\/\/i0.wp.com\/agrund.com\/wp-content\/uploads\/sites\/6\/2022\/11\/Natal-Casa-Costa-2022_Credito-Douglas-Daniel_Baixa_66.jpg?fit=600%2C914&amp;ssl=1\" data-orig-size=\"600,914\" data-comments-opened=\"1\" data-image-meta=\"{&quot;aperture&quot;:&quot;6.3&quot;,&quot;credit&quot;:&quot;&quot;,&quot;camera&quot;:&quot;Canon EOS 5D Mark IV&quot;,&quot;caption&quot;:&quot;&quot;,&quot;created_timestamp&quot;:&quot;1666903967&quot;,&quot;copyright&quot;:&quot;&quot;,&quot;focal_length&quot;:&quot;80&quot;,&quot;iso&quot;:&quot;1600&quot;,&quot;shutter_speed&quot;:&quot;0.008&quot;,&quot;title&quot;:&quot;&quot;,&quot;orientation&quot;:&quot;1&quot;}\" data-image-title=\"Natal-Casa-Costa-2022_Credito-Douglas-Daniel_Baixa_66\" data-image-description=\"\" data-image-caption=\"\" data-medium-file=\"https:\/\/i0.wp.com\/agrund.com\/wp-content\/uploads\/sites\/6\/2022\/11\/Natal-Casa-Costa-2022_Credito-Douglas-Daniel_Baixa_66.jpg?fit=197%2C300&amp;ssl=1\" data-large-file=\"https:\/\/i0.wp.com\/agrund.com\/wp-content\/uploads\/sites\/6\/2022\/11\/Natal-Casa-Costa-2022_Credito-Douglas-Daniel_Baixa_66.jpg?fit=600%2C914&amp;ssl=1\" decoding=\"async\" loading=\"lazy\" width=\"600\" height=\"914\" src=\"https:\/\/i0.wp.com\/agrund.com\/wp-content\/uploads\/sites\/6\/2022\/11\/Natal-Casa-Costa-2022_Credito-Douglas-Daniel_Baixa_66.jpg?resize=600%2C914&#038;ssl=1\" alt=\"\" class=\"wp-image-226643\" srcset=\"https:\/\/i0.wp.com\/agrund.com\/wp-content\/uploads\/sites\/6\/2022\/11\/Natal-Casa-Costa-2022_Credito-Douglas-Daniel_Baixa_66.jpg?w=600&amp;ssl=1 600w, https:\/\/i0.wp.com\/agrund.com\/wp-content\/uploads\/sites\/6\/2022\/11\/Natal-Casa-Costa-2022_Credito-Douglas-Daniel_Baixa_66.jpg?resize=197%2C300&amp;ssl=1 197w\" sizes=\"(max-width: 600px) 100vw, 600px\" data-recalc-dims=\"1\" \/><figcaption>Casa Costa abre sua primeira pop-up store\u00a0<\/figcaption><\/figure><\/div>\n\n\n\n<div class=\"wp-block-image\"><figure class=\"aligncenter size-full\"><img data-attachment-id=\"226644\" data-permalink=\"https:\/\/agrund.com\/index.php\/casa-costa-abre-sua-primeira-pop-up-store\/natal-casa-costa-2022_credito-douglas-daniel_baixa_23\/\" data-orig-file=\"https:\/\/i0.wp.com\/agrund.com\/wp-content\/uploads\/sites\/6\/2022\/11\/Natal-Casa-Costa-2022_Credito-Douglas-Daniel_Baixa_23.jpg?fit=600%2C400&amp;ssl=1\" data-orig-size=\"600,400\" data-comments-opened=\"1\" data-image-meta=\"{&quot;aperture&quot;:&quot;4&quot;,&quot;credit&quot;:&quot;&quot;,&quot;camera&quot;:&quot;Canon EOS 5D Mark IV&quot;,&quot;caption&quot;:&quot;&quot;,&quot;created_timestamp&quot;:&quot;1666894546&quot;,&quot;copyright&quot;:&quot;&quot;,&quot;focal_length&quot;:&quot;42&quot;,&quot;iso&quot;:&quot;1000&quot;,&quot;shutter_speed&quot;:&quot;0.008&quot;,&quot;title&quot;:&quot;&quot;,&quot;orientation&quot;:&quot;1&quot;}\" data-image-title=\"Natal-Casa-Costa-2022_Credito-Douglas-Daniel_Baixa_23\" data-image-description=\"\" data-image-caption=\"\" data-medium-file=\"https:\/\/i0.wp.com\/agrund.com\/wp-content\/uploads\/sites\/6\/2022\/11\/Natal-Casa-Costa-2022_Credito-Douglas-Daniel_Baixa_23.jpg?fit=300%2C200&amp;ssl=1\" data-large-file=\"https:\/\/i0.wp.com\/agrund.com\/wp-content\/uploads\/sites\/6\/2022\/11\/Natal-Casa-Costa-2022_Credito-Douglas-Daniel_Baixa_23.jpg?fit=600%2C400&amp;ssl=1\" decoding=\"async\" loading=\"lazy\" width=\"600\" height=\"400\" src=\"https:\/\/i0.wp.com\/agrund.com\/wp-content\/uploads\/sites\/6\/2022\/11\/Natal-Casa-Costa-2022_Credito-Douglas-Daniel_Baixa_23.jpg?resize=600%2C400&#038;ssl=1\" alt=\"\" class=\"wp-image-226644\" srcset=\"https:\/\/i0.wp.com\/agrund.com\/wp-content\/uploads\/sites\/6\/2022\/11\/Natal-Casa-Costa-2022_Credito-Douglas-Daniel_Baixa_23.jpg?w=600&amp;ssl=1 600w, https:\/\/i0.wp.com\/agrund.com\/wp-content\/uploads\/sites\/6\/2022\/11\/Natal-Casa-Costa-2022_Credito-Douglas-Daniel_Baixa_23.jpg?resize=300%2C200&amp;ssl=1 300w\" sizes=\"(max-width: 600px) 100vw, 600px\" data-recalc-dims=\"1\" \/><figcaption>Casa Costa abre sua primeira pop-up store\u00a0<\/figcaption><\/figure><\/div>\n\n\n\n<div class=\"wp-block-image\"><figure class=\"aligncenter size-full\"><img data-attachment-id=\"226645\" data-permalink=\"https:\/\/agrund.com\/index.php\/casa-costa-abre-sua-primeira-pop-up-store\/natal-casa-costa-2022_credito-douglas-daniel_baixa_52\/\" data-orig-file=\"https:\/\/i0.wp.com\/agrund.com\/wp-content\/uploads\/sites\/6\/2022\/11\/Natal-Casa-Costa-2022_Credito-Douglas-Daniel_Baixa_52.jpg?fit=600%2C368&amp;ssl=1\" data-orig-size=\"600,368\" data-comments-opened=\"1\" data-image-meta=\"{&quot;aperture&quot;:&quot;4&quot;,&quot;credit&quot;:&quot;&quot;,&quot;camera&quot;:&quot;Canon EOS 5D Mark IV&quot;,&quot;caption&quot;:&quot;&quot;,&quot;created_timestamp&quot;:&quot;1666900846&quot;,&quot;copyright&quot;:&quot;&quot;,&quot;focal_length&quot;:&quot;17&quot;,&quot;iso&quot;:&quot;500&quot;,&quot;shutter_speed&quot;:&quot;0.01&quot;,&quot;title&quot;:&quot;&quot;,&quot;orientation&quot;:&quot;1&quot;}\" data-image-title=\"Natal-Casa-Costa-2022_Credito-Douglas-Daniel_Baixa_52\" data-image-description=\"\" data-image-caption=\"\" data-medium-file=\"https:\/\/i0.wp.com\/agrund.com\/wp-content\/uploads\/sites\/6\/2022\/11\/Natal-Casa-Costa-2022_Credito-Douglas-Daniel_Baixa_52.jpg?fit=300%2C184&amp;ssl=1\" data-large-file=\"https:\/\/i0.wp.com\/agrund.com\/wp-content\/uploads\/sites\/6\/2022\/11\/Natal-Casa-Costa-2022_Credito-Douglas-Daniel_Baixa_52.jpg?fit=600%2C368&amp;ssl=1\" decoding=\"async\" loading=\"lazy\" width=\"600\" height=\"368\" src=\"https:\/\/i0.wp.com\/agrund.com\/wp-content\/uploads\/sites\/6\/2022\/11\/Natal-Casa-Costa-2022_Credito-Douglas-Daniel_Baixa_52.jpg?resize=600%2C368&#038;ssl=1\" alt=\"\" class=\"wp-image-226645\" srcset=\"https:\/\/i0.wp.com\/agrund.com\/wp-content\/uploads\/sites\/6\/2022\/11\/Natal-Casa-Costa-2022_Credito-Douglas-Daniel_Baixa_52.jpg?w=600&amp;ssl=1 600w, https:\/\/i0.wp.com\/agrund.com\/wp-content\/uploads\/sites\/6\/2022\/11\/Natal-Casa-Costa-2022_Credito-Douglas-Daniel_Baixa_52.jpg?resize=300%2C184&amp;ssl=1 300w\" sizes=\"(max-width: 600px) 100vw, 600px\" data-recalc-dims=\"1\" \/><figcaption>Casa Costa abre sua primeira pop-up store\u00a0<\/figcaption><\/figure><\/div>\n\n\n\n<div class=\"wp-block-image\"><figure class=\"aligncenter size-full\"><img data-attachment-id=\"226646\" data-permalink=\"https:\/\/agrund.com\/index.php\/casa-costa-abre-sua-primeira-pop-up-store\/natal-casa-costa-2022_credito-douglas-daniel_baixa_18\/\" data-orig-file=\"https:\/\/i0.wp.com\/agrund.com\/wp-content\/uploads\/sites\/6\/2022\/11\/Natal-Casa-Costa-2022_Credito-Douglas-Daniel_Baixa_18.jpg?fit=600%2C837&amp;ssl=1\" data-orig-size=\"600,837\" data-comments-opened=\"1\" data-image-meta=\"{&quot;aperture&quot;:&quot;4&quot;,&quot;credit&quot;:&quot;&quot;,&quot;camera&quot;:&quot;Canon EOS 5D Mark IV&quot;,&quot;caption&quot;:&quot;&quot;,&quot;created_timestamp&quot;:&quot;1666894174&quot;,&quot;copyright&quot;:&quot;&quot;,&quot;focal_length&quot;:&quot;56&quot;,&quot;iso&quot;:&quot;320&quot;,&quot;shutter_speed&quot;:&quot;0.008&quot;,&quot;title&quot;:&quot;&quot;,&quot;orientation&quot;:&quot;1&quot;}\" data-image-title=\"Natal-Casa-Costa-2022_Credito-Douglas-Daniel_Baixa_18\" data-image-description=\"\" data-image-caption=\"\" data-medium-file=\"https:\/\/i0.wp.com\/agrund.com\/wp-content\/uploads\/sites\/6\/2022\/11\/Natal-Casa-Costa-2022_Credito-Douglas-Daniel_Baixa_18.jpg?fit=215%2C300&amp;ssl=1\" data-large-file=\"https:\/\/i0.wp.com\/agrund.com\/wp-content\/uploads\/sites\/6\/2022\/11\/Natal-Casa-Costa-2022_Credito-Douglas-Daniel_Baixa_18.jpg?fit=600%2C837&amp;ssl=1\" decoding=\"async\" loading=\"lazy\" width=\"600\" height=\"837\" src=\"https:\/\/i0.wp.com\/agrund.com\/wp-content\/uploads\/sites\/6\/2022\/11\/Natal-Casa-Costa-2022_Credito-Douglas-Daniel_Baixa_18.jpg?resize=600%2C837&#038;ssl=1\" alt=\"\" class=\"wp-image-226646\" srcset=\"https:\/\/i0.wp.com\/agrund.com\/wp-content\/uploads\/sites\/6\/2022\/11\/Natal-Casa-Costa-2022_Credito-Douglas-Daniel_Baixa_18.jpg?w=600&amp;ssl=1 600w, https:\/\/i0.wp.com\/agrund.com\/wp-content\/uploads\/sites\/6\/2022\/11\/Natal-Casa-Costa-2022_Credito-Douglas-Daniel_Baixa_18.jpg?resize=215%2C300&amp;ssl=1 215w\" sizes=\"(max-width: 600px) 100vw, 600px\" data-recalc-dims=\"1\" \/><figcaption>Casa Costa abre sua primeira pop-up store\u00a0<\/figcaption><\/figure><\/div>\n\n\n\n<div class=\"wp-block-image\"><figure class=\"aligncenter size-full\"><img data-attachment-id=\"226647\" data-permalink=\"https:\/\/agrund.com\/index.php\/casa-costa-abre-sua-primeira-pop-up-store\/natal-casa-costa-2022_isabela-akkari_credito-douglas-daniel\/\" data-orig-file=\"https:\/\/i0.wp.com\/agrund.com\/wp-content\/uploads\/sites\/6\/2022\/11\/Natal-Casa-Costa-2022_Isabela-Akkari_Credito-Douglas-Daniel.jpg?fit=600%2C600&amp;ssl=1\" data-orig-size=\"600,600\" data-comments-opened=\"1\" data-image-meta=\"{&quot;aperture&quot;:&quot;2.8&quot;,&quot;credit&quot;:&quot;&quot;,&quot;camera&quot;:&quot;Canon EOS 5D Mark IV&quot;,&quot;caption&quot;:&quot;&quot;,&quot;created_timestamp&quot;:&quot;1667514168&quot;,&quot;copyright&quot;:&quot;&quot;,&quot;focal_length&quot;:&quot;100&quot;,&quot;iso&quot;:&quot;160&quot;,&quot;shutter_speed&quot;:&quot;0.00625&quot;,&quot;title&quot;:&quot;&quot;,&quot;orientation&quot;:&quot;1&quot;}\" data-image-title=\"Natal-Casa-Costa-2022_Isabela-Akkari_Credito-Douglas-Daniel\" data-image-description=\"\" data-image-caption=\"\" data-medium-file=\"https:\/\/i0.wp.com\/agrund.com\/wp-content\/uploads\/sites\/6\/2022\/11\/Natal-Casa-Costa-2022_Isabela-Akkari_Credito-Douglas-Daniel.jpg?fit=300%2C300&amp;ssl=1\" data-large-file=\"https:\/\/i0.wp.com\/agrund.com\/wp-content\/uploads\/sites\/6\/2022\/11\/Natal-Casa-Costa-2022_Isabela-Akkari_Credito-Douglas-Daniel.jpg?fit=600%2C600&amp;ssl=1\" decoding=\"async\" loading=\"lazy\" width=\"600\" height=\"600\" src=\"https:\/\/i0.wp.com\/agrund.com\/wp-content\/uploads\/sites\/6\/2022\/11\/Natal-Casa-Costa-2022_Isabela-Akkari_Credito-Douglas-Daniel.jpg?resize=600%2C600&#038;ssl=1\" alt=\"\" class=\"wp-image-226647\" srcset=\"https:\/\/i0.wp.com\/agrund.com\/wp-content\/uploads\/sites\/6\/2022\/11\/Natal-Casa-Costa-2022_Isabela-Akkari_Credito-Douglas-Daniel.jpg?w=600&amp;ssl=1 600w, https:\/\/i0.wp.com\/agrund.com\/wp-content\/uploads\/sites\/6\/2022\/11\/Natal-Casa-Costa-2022_Isabela-Akkari_Credito-Douglas-Daniel.jpg?resize=300%2C300&amp;ssl=1 300w, https:\/\/i0.wp.com\/agrund.com\/wp-content\/uploads\/sites\/6\/2022\/11\/Natal-Casa-Costa-2022_Isabela-Akkari_Credito-Douglas-Daniel.jpg?resize=150%2C150&amp;ssl=1 150w\" sizes=\"(max-width: 600px) 100vw, 600px\" data-recalc-dims=\"1\" \/><figcaption>Casa Costa abre sua primeira pop-up store\u00a0<\/figcaption><\/figure><\/div>\n\n\n\n<p>Fotos: Divulga\u00e7\u00e3o\/ youV Retail Experience\/ Douglas Daniel. <\/p>\n","protected":false},"excerpt":{"rendered":"<p>Refer\u00eancia no setor de casa e decora\u00e7\u00e3o desde sua abertura em 2020, a Casa Costa sai da internet pela primeira vez para abrir uma pop-up store especialmente para o Natal. A \u201cChristmas Pop-Up Store\u201d est\u00e1 localizada no Shopping Iguatemi JK, em S\u00e3o Paulo, e foi criada para atender a demanda e o desejo dos clientes [&hellip;]<\/p>\n","protected":false},"author":8,"featured_media":226648,"comment_status":"open","ping_status":"open","sticky":false,"template":"","format":"standard","meta":{"jetpack_post_was_ever_published":false,"_jetpack_newsletter_access":"","jetpack_publicize_message":"","jetpack_is_tweetstorm":false,"jetpack_publicize_feature_enabled":true,"jetpack_social_post_already_shared":true,"jetpack_social_options":{"image_generator_settings":{"template":"highway","enabled":false}}},"categories":[2],"tags":[395,375,2779,2511,423,347,67,525,148,966,424,862],"jetpack_publicize_connections":[],"jetpack_featured_media_url":"https:\/\/i0.wp.com\/agrund.com\/wp-content\/uploads\/sites\/6\/2022\/11\/s-58.jpg?fit=960%2C300&ssl=1","jetpack_sharing_enabled":true,"jetpack_shortlink":"https:\/\/wp.me\/p3Hz0n-WXs","jetpack_likes_enabled":true,"_links":{"self":[{"href":"https:\/\/agrund.com\/index.php\/wp-json\/wp\/v2\/posts\/226638"}],"collection":[{"href":"https:\/\/agrund.com\/index.php\/wp-json\/wp\/v2\/posts"}],"about":[{"href":"https:\/\/agrund.com\/index.php\/wp-json\/wp\/v2\/types\/post"}],"author":[{"embeddable":true,"href":"https:\/\/agrund.com\/index.php\/wp-json\/wp\/v2\/users\/8"}],"replies":[{"embeddable":true,"href":"https:\/\/agrund.com\/index.php\/wp-json\/wp\/v2\/comments?post=226638"}],"version-history":[{"count":1,"href":"https:\/\/agrund.com\/index.php\/wp-json\/wp\/v2\/posts\/226638\/revisions"}],"predecessor-version":[{"id":226649,"href":"https:\/\/agrund.com\/index.php\/wp-json\/wp\/v2\/posts\/226638\/revisions\/226649"}],"wp:featuredmedia":[{"embeddable":true,"href":"https:\/\/agrund.com\/index.php\/wp-json\/wp\/v2\/media\/226648"}],"wp:attachment":[{"href":"https:\/\/agrund.com\/index.php\/wp-json\/wp\/v2\/media?parent=226638"}],"wp:term":[{"taxonomy":"category","embeddable":true,"href":"https:\/\/agrund.com\/index.php\/wp-json\/wp\/v2\/categories?post=226638"},{"taxonomy":"post_tag","embeddable":true,"href":"https:\/\/agrund.com\/index.php\/wp-json\/wp\/v2\/tags?post=226638"}],"curies":[{"name":"wp","href":"https:\/\/api.w.org\/{rel}","templated":true}]}}