{"id":226631,"date":"2022-11-25T16:00:00","date_gmt":"2022-11-25T19:00:00","guid":{"rendered":"https:\/\/agrund.com\/?p=226631"},"modified":"2022-11-25T15:44:38","modified_gmt":"2022-11-25T18:44:38","slug":"spfw-n54-airon-martin-em-um-papo-sobre-a-moda-nacional","status":"publish","type":"post","link":"https:\/\/agrund.com\/index.php\/spfw-n54-airon-martin-em-um-papo-sobre-a-moda-nacional\/","title":{"rendered":"SPFW N54 :: Airon Martin em um papo sobre a moda nacional"},"content":{"rendered":"\n<p>Entrevista por Thay Sanqueta<br>Texto por Rafa Piovezani<\/p>\n\n\n\n<p>Minutos antes do mais recente desfile da Misci&nbsp;na SPFW, nossa equipe teve a oportunidade de conversar com Airon Martin para entender mais sobre as inspira\u00e7\u00f5es que serviram de base para a nova cole\u00e7\u00e3o e, claro, sobre a moda nacional.<\/p>\n\n\n\n<p>&#8220;A Misci tem um processo mais demorado de produtos, porque desenvolvemos desde o fio e isso atrasa o processo, mas \u00e9 o que mais enriquece. Na cole\u00e7\u00e3o &#8216;Jerimum&#8217;, fizemos uma analogia da ab\u00f3bora da Cinderela trazendo isso pra um recorte brasileiro, por isso virou &#8216;Jerimum&#8217;. E a gente tamb\u00e9m resgata principalmente os interiores, como o da carruagem. Os maiores carros de luxo do mundo se apropriaram da nogueira brasileira. Nosso pa\u00eds \u00e9 famoso por exportar commodities, ent\u00e3o queremos trazer essa reflex\u00e3o sobre o Brasil n\u00e3o ser s\u00f3 commodities, tamb\u00e9m somos cabe\u00e7a, ind\u00fastria e \u00e9 importante a gente resgatar e falar disso&#8221;, explicou Airon.<\/p>\n\n\n\n<p>E para quem olhou de fora a escolha da Sala S\u00e3o Paulo como loca\u00e7\u00e3o do desfile pode pensar apenas na rela\u00e7\u00e3o entre o tema com o bel\u00edssimo espa\u00e7o, mas como tudo na Misci, vai muito al\u00e9m e tamb\u00e9m instiga reflex\u00f5es. &nbsp;<\/p>\n\n\n\n<p>&#8220;Desde o nosso manifesto, quando falamos de S\u00e3o Paulo, as diferen\u00e7as se chocam. Eu vejo o centro da cidade fazendo muito isso. \u00c9 onde as diferen\u00e7as se chocam. \u00c9 assustador voc\u00ea pensar o que acontece ao redor daqui, mas o &#8216;ao redor&#8217; tamb\u00e9m \u00e9 Brasil. \u00c9 importante que quem v\u00ea esse desfile tamb\u00e9m pense no arredor. O que acontece aqui do lado da Sala S\u00e3o Paulo, a pobreza, tamb\u00e9m \u00e9 Brasil e a gente n\u00e3o pode esquecer. \u00c9 a vida, o mundo. A moda tem que ser isso&#8221;, afirmou o estilista.<\/p>\n\n\n\n<p>O sucesso da Misci nos \u00faltimos anos n\u00e3o \u00e9 segredo para ningu\u00e9m e impulsiona o mercado de moda nacional. Uma moda bem feita, com qualidade, prop\u00f3sito e que enaltece seus processos e m\u00e3os de obra. J\u00e1 passou da hora de olharmos mais para dentro do nosso pr\u00f3prio Pa\u00eds, para os nossos talentos e Airon tamb\u00e9m dividiu com a gente um pouco dessa quest\u00e3o.<\/p>\n\n\n\n<p>&#8220;Existem muitas hashtags de apoio \u00e0 moda nacional, mas acho que pessoas de muitos canais que adoram postar hashtag precisam conhecer quem est\u00e1 criando a moda. N\u00e3o falo s\u00f3 de mim, falo dos meus amigos, de todos os estilistas, da Casa de Criadores, da S\u00e3o Paulo Fashion Week. Falo de tudo que \u00e9 novo. A gente luta muito para apresentar as cole\u00e7\u00f5es. Apoie a moda nacional na a\u00e7\u00e3o, n\u00e3o s\u00f3 na hashtag&#8221;, finalizou, brilhantemente, ele.\u00a0<\/p>\n\n\n\n<div class=\"wp-block-image\"><figure class=\"aligncenter size-full\"><img data-attachment-id=\"226633\" data-permalink=\"https:\/\/agrund.com\/index.php\/spfw-n54-airon-martin-em-um-papo-sobre-a-moda-nacional\/agrund-spfw-n54-airon-martim-misci-1\/\" data-orig-file=\"https:\/\/i0.wp.com\/agrund.com\/wp-content\/uploads\/sites\/6\/2022\/11\/agrund-spfw-n54-airon-martim-misci-1.jpeg?fit=600%2C802&amp;ssl=1\" data-orig-size=\"600,802\" data-comments-opened=\"1\" data-image-meta=\"{&quot;aperture&quot;:&quot;0&quot;,&quot;credit&quot;:&quot;&quot;,&quot;camera&quot;:&quot;&quot;,&quot;caption&quot;:&quot;&quot;,&quot;created_timestamp&quot;:&quot;0&quot;,&quot;copyright&quot;:&quot;&quot;,&quot;focal_length&quot;:&quot;0&quot;,&quot;iso&quot;:&quot;0&quot;,&quot;shutter_speed&quot;:&quot;0&quot;,&quot;title&quot;:&quot;&quot;,&quot;orientation&quot;:&quot;1&quot;}\" data-image-title=\"agrund-spfw-n54-airon-martim-misci-1\" data-image-description=\"\" data-image-caption=\"\" data-medium-file=\"https:\/\/i0.wp.com\/agrund.com\/wp-content\/uploads\/sites\/6\/2022\/11\/agrund-spfw-n54-airon-martim-misci-1.jpeg?fit=224%2C300&amp;ssl=1\" data-large-file=\"https:\/\/i0.wp.com\/agrund.com\/wp-content\/uploads\/sites\/6\/2022\/11\/agrund-spfw-n54-airon-martim-misci-1.jpeg?fit=600%2C802&amp;ssl=1\" decoding=\"async\" loading=\"lazy\" width=\"600\" height=\"802\" src=\"https:\/\/i0.wp.com\/agrund.com\/wp-content\/uploads\/sites\/6\/2022\/11\/agrund-spfw-n54-airon-martim-misci-1.jpeg?resize=600%2C802&#038;ssl=1\" alt=\"\" class=\"wp-image-226633\" srcset=\"https:\/\/i0.wp.com\/agrund.com\/wp-content\/uploads\/sites\/6\/2022\/11\/agrund-spfw-n54-airon-martim-misci-1.jpeg?w=600&amp;ssl=1 600w, https:\/\/i0.wp.com\/agrund.com\/wp-content\/uploads\/sites\/6\/2022\/11\/agrund-spfw-n54-airon-martim-misci-1.jpeg?resize=224%2C300&amp;ssl=1 224w\" sizes=\"(max-width: 600px) 100vw, 600px\" data-recalc-dims=\"1\" \/><figcaption>SPFW N54 :: Airon Martin em um papo sobre a moda nacional<\/figcaption><\/figure><\/div>\n\n\n\n<div class=\"wp-block-image\"><figure class=\"aligncenter size-large\"><img data-attachment-id=\"226634\" data-permalink=\"https:\/\/agrund.com\/index.php\/spfw-n54-airon-martin-em-um-papo-sobre-a-moda-nacional\/agrund-spfw-n54-airon-martim-misci-2\/\" data-orig-file=\"https:\/\/i0.wp.com\/agrund.com\/wp-content\/uploads\/sites\/6\/2022\/11\/agrund-spfw-n54-airon-martim-misci-2.jpeg?fit=600%2C1070&amp;ssl=1\" data-orig-size=\"600,1070\" data-comments-opened=\"1\" data-image-meta=\"{&quot;aperture&quot;:&quot;0&quot;,&quot;credit&quot;:&quot;&quot;,&quot;camera&quot;:&quot;&quot;,&quot;caption&quot;:&quot;&quot;,&quot;created_timestamp&quot;:&quot;0&quot;,&quot;copyright&quot;:&quot;&quot;,&quot;focal_length&quot;:&quot;0&quot;,&quot;iso&quot;:&quot;0&quot;,&quot;shutter_speed&quot;:&quot;0&quot;,&quot;title&quot;:&quot;&quot;,&quot;orientation&quot;:&quot;1&quot;}\" data-image-title=\"agrund-spfw-n54-airon-martim-misci-2\" data-image-description=\"\" data-image-caption=\"\" data-medium-file=\"https:\/\/i0.wp.com\/agrund.com\/wp-content\/uploads\/sites\/6\/2022\/11\/agrund-spfw-n54-airon-martim-misci-2.jpeg?fit=168%2C300&amp;ssl=1\" data-large-file=\"https:\/\/i0.wp.com\/agrund.com\/wp-content\/uploads\/sites\/6\/2022\/11\/agrund-spfw-n54-airon-martim-misci-2.jpeg?fit=574%2C1024&amp;ssl=1\" decoding=\"async\" loading=\"lazy\" width=\"574\" height=\"1024\" src=\"https:\/\/i0.wp.com\/agrund.com\/wp-content\/uploads\/sites\/6\/2022\/11\/agrund-spfw-n54-airon-martim-misci-2.jpeg?resize=574%2C1024&#038;ssl=1\" alt=\"\" class=\"wp-image-226634\" srcset=\"https:\/\/i0.wp.com\/agrund.com\/wp-content\/uploads\/sites\/6\/2022\/11\/agrund-spfw-n54-airon-martim-misci-2.jpeg?resize=574%2C1024&amp;ssl=1 574w, https:\/\/i0.wp.com\/agrund.com\/wp-content\/uploads\/sites\/6\/2022\/11\/agrund-spfw-n54-airon-martim-misci-2.jpeg?resize=168%2C300&amp;ssl=1 168w, https:\/\/i0.wp.com\/agrund.com\/wp-content\/uploads\/sites\/6\/2022\/11\/agrund-spfw-n54-airon-martim-misci-2.jpeg?w=600&amp;ssl=1 600w\" sizes=\"(max-width: 574px) 100vw, 574px\" data-recalc-dims=\"1\" \/><figcaption>SPFW N54 :: Airon Martin em um papo sobre a moda nacional<\/figcaption><\/figure><\/div>\n\n\n\n<div class=\"wp-block-image\"><figure class=\"aligncenter size-full\"><img data-attachment-id=\"226635\" data-permalink=\"https:\/\/agrund.com\/index.php\/spfw-n54-airon-martin-em-um-papo-sobre-a-moda-nacional\/agrund-spfw-n54-airon-martim-misci-3\/\" data-orig-file=\"https:\/\/i0.wp.com\/agrund.com\/wp-content\/uploads\/sites\/6\/2022\/11\/agrund-spfw-n54-airon-martim-misci-3.jpeg?fit=600%2C802&amp;ssl=1\" data-orig-size=\"600,802\" data-comments-opened=\"1\" data-image-meta=\"{&quot;aperture&quot;:&quot;0&quot;,&quot;credit&quot;:&quot;&quot;,&quot;camera&quot;:&quot;&quot;,&quot;caption&quot;:&quot;&quot;,&quot;created_timestamp&quot;:&quot;0&quot;,&quot;copyright&quot;:&quot;&quot;,&quot;focal_length&quot;:&quot;0&quot;,&quot;iso&quot;:&quot;0&quot;,&quot;shutter_speed&quot;:&quot;0&quot;,&quot;title&quot;:&quot;&quot;,&quot;orientation&quot;:&quot;1&quot;}\" data-image-title=\"agrund-spfw-n54-airon-martim-misci-3\" data-image-description=\"\" data-image-caption=\"\" data-medium-file=\"https:\/\/i0.wp.com\/agrund.com\/wp-content\/uploads\/sites\/6\/2022\/11\/agrund-spfw-n54-airon-martim-misci-3.jpeg?fit=224%2C300&amp;ssl=1\" data-large-file=\"https:\/\/i0.wp.com\/agrund.com\/wp-content\/uploads\/sites\/6\/2022\/11\/agrund-spfw-n54-airon-martim-misci-3.jpeg?fit=600%2C802&amp;ssl=1\" decoding=\"async\" loading=\"lazy\" width=\"600\" height=\"802\" src=\"https:\/\/i0.wp.com\/agrund.com\/wp-content\/uploads\/sites\/6\/2022\/11\/agrund-spfw-n54-airon-martim-misci-3.jpeg?resize=600%2C802&#038;ssl=1\" alt=\"\" class=\"wp-image-226635\" srcset=\"https:\/\/i0.wp.com\/agrund.com\/wp-content\/uploads\/sites\/6\/2022\/11\/agrund-spfw-n54-airon-martim-misci-3.jpeg?w=600&amp;ssl=1 600w, https:\/\/i0.wp.com\/agrund.com\/wp-content\/uploads\/sites\/6\/2022\/11\/agrund-spfw-n54-airon-martim-misci-3.jpeg?resize=224%2C300&amp;ssl=1 224w\" sizes=\"(max-width: 600px) 100vw, 600px\" data-recalc-dims=\"1\" \/><figcaption>SPFW N54 :: Airon Martin em um papo sobre a moda nacional<\/figcaption><\/figure><\/div>\n\n\n\n<div class=\"wp-block-image\"><figure class=\"aligncenter size-large\"><img data-attachment-id=\"226636\" data-permalink=\"https:\/\/agrund.com\/index.php\/spfw-n54-airon-martin-em-um-papo-sobre-a-moda-nacional\/agrund-spfw-n54-airon-martim-misci-4\/\" data-orig-file=\"https:\/\/i0.wp.com\/agrund.com\/wp-content\/uploads\/sites\/6\/2022\/11\/agrund-spfw-n54-airon-martim-misci-4.jpeg?fit=600%2C1070&amp;ssl=1\" data-orig-size=\"600,1070\" data-comments-opened=\"1\" data-image-meta=\"{&quot;aperture&quot;:&quot;0&quot;,&quot;credit&quot;:&quot;&quot;,&quot;camera&quot;:&quot;&quot;,&quot;caption&quot;:&quot;&quot;,&quot;created_timestamp&quot;:&quot;0&quot;,&quot;copyright&quot;:&quot;&quot;,&quot;focal_length&quot;:&quot;0&quot;,&quot;iso&quot;:&quot;0&quot;,&quot;shutter_speed&quot;:&quot;0&quot;,&quot;title&quot;:&quot;&quot;,&quot;orientation&quot;:&quot;1&quot;}\" data-image-title=\"agrund-spfw-n54-airon-martim-misci-4\" data-image-description=\"\" data-image-caption=\"\" data-medium-file=\"https:\/\/i0.wp.com\/agrund.com\/wp-content\/uploads\/sites\/6\/2022\/11\/agrund-spfw-n54-airon-martim-misci-4.jpeg?fit=168%2C300&amp;ssl=1\" data-large-file=\"https:\/\/i0.wp.com\/agrund.com\/wp-content\/uploads\/sites\/6\/2022\/11\/agrund-spfw-n54-airon-martim-misci-4.jpeg?fit=574%2C1024&amp;ssl=1\" decoding=\"async\" loading=\"lazy\" width=\"574\" height=\"1024\" src=\"https:\/\/i0.wp.com\/agrund.com\/wp-content\/uploads\/sites\/6\/2022\/11\/agrund-spfw-n54-airon-martim-misci-4.jpeg?resize=574%2C1024&#038;ssl=1\" alt=\"\" class=\"wp-image-226636\" srcset=\"https:\/\/i0.wp.com\/agrund.com\/wp-content\/uploads\/sites\/6\/2022\/11\/agrund-spfw-n54-airon-martim-misci-4.jpeg?resize=574%2C1024&amp;ssl=1 574w, https:\/\/i0.wp.com\/agrund.com\/wp-content\/uploads\/sites\/6\/2022\/11\/agrund-spfw-n54-airon-martim-misci-4.jpeg?resize=168%2C300&amp;ssl=1 168w, https:\/\/i0.wp.com\/agrund.com\/wp-content\/uploads\/sites\/6\/2022\/11\/agrund-spfw-n54-airon-martim-misci-4.jpeg?w=600&amp;ssl=1 600w\" sizes=\"(max-width: 574px) 100vw, 574px\" data-recalc-dims=\"1\" \/><figcaption>SPFW N54 :: Airon Martin em um papo sobre a moda nacional<\/figcaption><\/figure><\/div>\n\n\n\n<p>Fotos: Thay Sanqueta. <\/p>\n","protected":false},"excerpt":{"rendered":"<p>Entrevista por Thay SanquetaTexto por Rafa Piovezani Minutos antes do mais recente desfile da Misci&nbsp;na SPFW, nossa equipe teve a oportunidade de conversar com Airon Martin para entender mais sobre as inspira\u00e7\u00f5es que serviram de base para a nova cole\u00e7\u00e3o e, claro, sobre a moda nacional. &#8220;A Misci tem um processo mais demorado de produtos, [&hellip;]<\/p>\n","protected":false},"author":8,"featured_media":226632,"comment_status":"open","ping_status":"open","sticky":false,"template":"","format":"standard","meta":{"jetpack_post_was_ever_published":false,"_jetpack_newsletter_access":"","jetpack_publicize_message":"","jetpack_is_tweetstorm":false,"jetpack_publicize_feature_enabled":true,"jetpack_social_post_already_shared":true,"jetpack_social_options":{"image_generator_settings":{"template":"highway","enabled":false}}},"categories":[2,18],"tags":[395,3456,375,423,347,2420,67,1776,525,148,2835,140,424,862],"jetpack_publicize_connections":[],"jetpack_featured_media_url":"https:\/\/i0.wp.com\/agrund.com\/wp-content\/uploads\/sites\/6\/2022\/11\/s-57.jpg?fit=960%2C300&ssl=1","jetpack_sharing_enabled":true,"jetpack_shortlink":"https:\/\/wp.me\/p3Hz0n-WXl","jetpack_likes_enabled":true,"_links":{"self":[{"href":"https:\/\/agrund.com\/index.php\/wp-json\/wp\/v2\/posts\/226631"}],"collection":[{"href":"https:\/\/agrund.com\/index.php\/wp-json\/wp\/v2\/posts"}],"about":[{"href":"https:\/\/agrund.com\/index.php\/wp-json\/wp\/v2\/types\/post"}],"author":[{"embeddable":true,"href":"https:\/\/agrund.com\/index.php\/wp-json\/wp\/v2\/users\/8"}],"replies":[{"embeddable":true,"href":"https:\/\/agrund.com\/index.php\/wp-json\/wp\/v2\/comments?post=226631"}],"version-history":[{"count":1,"href":"https:\/\/agrund.com\/index.php\/wp-json\/wp\/v2\/posts\/226631\/revisions"}],"predecessor-version":[{"id":226637,"href":"https:\/\/agrund.com\/index.php\/wp-json\/wp\/v2\/posts\/226631\/revisions\/226637"}],"wp:featuredmedia":[{"embeddable":true,"href":"https:\/\/agrund.com\/index.php\/wp-json\/wp\/v2\/media\/226632"}],"wp:attachment":[{"href":"https:\/\/agrund.com\/index.php\/wp-json\/wp\/v2\/media?parent=226631"}],"wp:term":[{"taxonomy":"category","embeddable":true,"href":"https:\/\/agrund.com\/index.php\/wp-json\/wp\/v2\/categories?post=226631"},{"taxonomy":"post_tag","embeddable":true,"href":"https:\/\/agrund.com\/index.php\/wp-json\/wp\/v2\/tags?post=226631"}],"curies":[{"name":"wp","href":"https:\/\/api.w.org\/{rel}","templated":true}]}}