{"id":226625,"date":"2022-11-25T12:00:00","date_gmt":"2022-11-25T15:00:00","guid":{"rendered":"https:\/\/agrund.com\/?p=226625"},"modified":"2022-11-25T11:09:25","modified_gmt":"2022-11-25T14:09:25","slug":"spfw-n54-paulo-borges-comenta-novo-formato-do-evento","status":"publish","type":"post","link":"https:\/\/agrund.com\/index.php\/spfw-n54-paulo-borges-comenta-novo-formato-do-evento\/","title":{"rendered":"SPFW N54 :: Paulo Borges comenta novo formato do evento"},"content":{"rendered":"\n<p>Entrevista por Thay Sanqueta<br>Texto por Rafa Piovezani<\/p>\n\n\n\n<p>Ir \u00e0 SPFW e assistir desfiles \u00e9, sem d\u00favida, um dos maiores desejos de quem trabalha ou se interessa por moda no Brasil, mas a verdade \u00e9 que os convites sempre foram muito disputados. Pensando nisso e em tornar o evento um grande festival que celebra a moda de diferentes formas, uma das maiores novidades da edi\u00e7\u00e3o N54 foi a venda de ingressos.<\/p>\n\n\n\n<p>Conversamos com Paulo Borges, criador e fundador da SPFW, para entender como surgiu essa ideia e se ela continuar\u00e1 existindo nas pr\u00f3ximas edi\u00e7\u00f5es.<\/p>\n\n\n\n<p>&#8220;Como experi\u00eancia, vai continuar. Estamos aprendendo e entendendo. Existe uma demanda de pessoas que querem estar aqui, mas a sala de desfile sempre ser\u00e1 um lugar muito exclusivo, at\u00e9 pelo formato de uma apresenta\u00e7\u00e3o. \u00c0s vezes voc\u00ea consegue colocar mil pessoas em uma sala e em outras apenas 200. Depende muito da cria\u00e7\u00e3o e da ideia de cada desfile&#8221;, explicou ele.<\/p>\n\n\n\n<p>Paulo tamb\u00e9m nos explicou que o novo formato do evento tem o intuito de abranger mais pessoas e espa\u00e7os, encontrar pontos de converg\u00eancia para a moda, assim como trazer mais conte\u00fados, exposi\u00e7\u00f5es e interven\u00e7\u00f5es.<\/p>\n\n\n\n<p>&#8220;\u00c9 para as pessoas mergulharem na discuss\u00e3o que estamos trazendo sobre moda nesse momento, como os parques ambientais, sociais sustent\u00e1veis, de inova\u00e7\u00e3o e inclus\u00e3o. Falamos muito sobre acolhimento e afeto&#8221;, completou Borges.\u00a0<\/p>\n\n\n\n<div class=\"wp-block-image\"><figure class=\"aligncenter size-full\"><img data-attachment-id=\"226629\" data-permalink=\"https:\/\/agrund.com\/index.php\/spfw-n54-paulo-borges-comenta-novo-formato-do-evento\/agrund-spfw-n54-paulo-borges\/\" data-orig-file=\"https:\/\/i0.wp.com\/agrund.com\/wp-content\/uploads\/sites\/6\/2022\/11\/agrund-spfw-n54-paulo-borges.jpg?fit=600%2C612&amp;ssl=1\" data-orig-size=\"600,612\" data-comments-opened=\"1\" data-image-meta=\"{&quot;aperture&quot;:&quot;0&quot;,&quot;credit&quot;:&quot;&quot;,&quot;camera&quot;:&quot;&quot;,&quot;caption&quot;:&quot;&quot;,&quot;created_timestamp&quot;:&quot;0&quot;,&quot;copyright&quot;:&quot;&quot;,&quot;focal_length&quot;:&quot;0&quot;,&quot;iso&quot;:&quot;0&quot;,&quot;shutter_speed&quot;:&quot;0&quot;,&quot;title&quot;:&quot;&quot;,&quot;orientation&quot;:&quot;0&quot;}\" data-image-title=\"agrund-spfw-n54-paulo-borges\" data-image-description=\"\" data-image-caption=\"\" data-medium-file=\"https:\/\/i0.wp.com\/agrund.com\/wp-content\/uploads\/sites\/6\/2022\/11\/agrund-spfw-n54-paulo-borges.jpg?fit=294%2C300&amp;ssl=1\" data-large-file=\"https:\/\/i0.wp.com\/agrund.com\/wp-content\/uploads\/sites\/6\/2022\/11\/agrund-spfw-n54-paulo-borges.jpg?fit=600%2C612&amp;ssl=1\" decoding=\"async\" loading=\"lazy\" width=\"600\" height=\"612\" src=\"https:\/\/i0.wp.com\/agrund.com\/wp-content\/uploads\/sites\/6\/2022\/11\/agrund-spfw-n54-paulo-borges.jpg?resize=600%2C612&#038;ssl=1\" alt=\"\" class=\"wp-image-226629\" srcset=\"https:\/\/i0.wp.com\/agrund.com\/wp-content\/uploads\/sites\/6\/2022\/11\/agrund-spfw-n54-paulo-borges.jpg?w=600&amp;ssl=1 600w, https:\/\/i0.wp.com\/agrund.com\/wp-content\/uploads\/sites\/6\/2022\/11\/agrund-spfw-n54-paulo-borges.jpg?resize=294%2C300&amp;ssl=1 294w\" sizes=\"(max-width: 600px) 100vw, 600px\" data-recalc-dims=\"1\" \/><figcaption>SPFW N54 :: Paulo Borges comenta novo formato do evento<\/figcaption><\/figure><\/div>\n\n\n\n<p>Fotos: Reprodu\u00e7\u00e3o\/ Instagram. <\/p>\n","protected":false},"excerpt":{"rendered":"<p>Entrevista por Thay SanquetaTexto por Rafa Piovezani Ir \u00e0 SPFW e assistir desfiles \u00e9, sem d\u00favida, um dos maiores desejos de quem trabalha ou se interessa por moda no Brasil, mas a verdade \u00e9 que os convites sempre foram muito disputados. Pensando nisso e em tornar o evento um grande festival que celebra a moda [&hellip;]<\/p>\n","protected":false},"author":8,"featured_media":226626,"comment_status":"open","ping_status":"open","sticky":false,"template":"","format":"standard","meta":{"jetpack_post_was_ever_published":false,"_jetpack_newsletter_access":"","jetpack_publicize_message":"","jetpack_is_tweetstorm":false,"jetpack_publicize_feature_enabled":true,"jetpack_social_post_already_shared":true,"jetpack_social_options":{"image_generator_settings":{"template":"highway","enabled":false}}},"categories":[2,18],"tags":[395,375,423,347,67,525,148,3455,2835,140,424,862],"jetpack_publicize_connections":[],"jetpack_featured_media_url":"https:\/\/i0.wp.com\/agrund.com\/wp-content\/uploads\/sites\/6\/2022\/11\/s-56.jpg?fit=960%2C300&ssl=1","jetpack_sharing_enabled":true,"jetpack_shortlink":"https:\/\/wp.me\/p3Hz0n-WXf","jetpack_likes_enabled":true,"_links":{"self":[{"href":"https:\/\/agrund.com\/index.php\/wp-json\/wp\/v2\/posts\/226625"}],"collection":[{"href":"https:\/\/agrund.com\/index.php\/wp-json\/wp\/v2\/posts"}],"about":[{"href":"https:\/\/agrund.com\/index.php\/wp-json\/wp\/v2\/types\/post"}],"author":[{"embeddable":true,"href":"https:\/\/agrund.com\/index.php\/wp-json\/wp\/v2\/users\/8"}],"replies":[{"embeddable":true,"href":"https:\/\/agrund.com\/index.php\/wp-json\/wp\/v2\/comments?post=226625"}],"version-history":[{"count":3,"href":"https:\/\/agrund.com\/index.php\/wp-json\/wp\/v2\/posts\/226625\/revisions"}],"predecessor-version":[{"id":226630,"href":"https:\/\/agrund.com\/index.php\/wp-json\/wp\/v2\/posts\/226625\/revisions\/226630"}],"wp:featuredmedia":[{"embeddable":true,"href":"https:\/\/agrund.com\/index.php\/wp-json\/wp\/v2\/media\/226626"}],"wp:attachment":[{"href":"https:\/\/agrund.com\/index.php\/wp-json\/wp\/v2\/media?parent=226625"}],"wp:term":[{"taxonomy":"category","embeddable":true,"href":"https:\/\/agrund.com\/index.php\/wp-json\/wp\/v2\/categories?post=226625"},{"taxonomy":"post_tag","embeddable":true,"href":"https:\/\/agrund.com\/index.php\/wp-json\/wp\/v2\/tags?post=226625"}],"curies":[{"name":"wp","href":"https:\/\/api.w.org\/{rel}","templated":true}]}}